{"id":715,"date":"2009-05-08T07:07:34","date_gmt":"2009-05-08T05:07:34","guid":{"rendered":"http:\/\/www.strickforum.de\/blog\/?p=715"},"modified":"2009-05-08T07:07:34","modified_gmt":"2009-05-08T05:07:34","slug":"neues-von-vivian-news-from-vivian","status":"publish","type":"post","link":"https:\/\/www.strickforum.de\/blog\/neues-von-vivian-news-from-vivian\/","title":{"rendered":"Neues von Vivian &#8211; News from Vivian"},"content":{"rendered":"<p>Der erste \u00c4rmel von <a href=\"http:\/\/www.twistcollective.com\/collection\/index.php\/component\/content\/article\/60-winter-2008-patterns\/148-vivian-by-ysolda-teague\" target=\"_blank\">&#8220;Vivian&#8221;<\/a> n\u00e4hert sich allm\u00e4hlich seinem Ende. Da ich in der letzten Zeit vieles andere um die Ohren hatte, ging es nur langsam voran. Hinzu kam eine gewisse Unentschlossenheit, weil ich mir nicht sicher war, ob der \u00c4rmel gut passen w\u00fcrde. Er ist designbedingt sehr lang und dazu sehr schmal. Nachdem ich ihn gestern zu einer Art letzten Anprobe auf eine Rundstricknadel genommen hatte, zeigte sich jedoch, dass es gerade so eben hinkommen wird. Ein wenig lang, ein wenig eng, aber mit etwas Gl\u00fcck zieht es sich beim Tragen zurecht. Und aussehen tut&#8217;s allemal gut. Das Bild zeigt \u00fcbrigens nur den unteren Teil des \u00c4rmels.<\/p>\n<p><img data-recalc-dims=\"1\" src=\"https:\/\/i0.wp.com\/www.strickforum.de\/blog\/media\/1\/20090508-viviansleeve.jpg?resize=400%2C203\" width=\"400\"  height=\"203\"  alt='Vivian, \u00c4rmel\/sleeve'  \/><\/p>\n<p>The first sleeve of <a href=\"http:\/\/www.twistcollective.com\/collection\/index.php\/component\/content\/article\/60-winter-2008-patterns\/148-vivian-by-ysolda-teague\" target=\"_blank\">&#8220;Vivian&#8221;<\/a> is nearing completion. As I had a lot of other things to do these days, my progress was slow. In addition to that I was not very determined because I was not sure about the fit. The sleeve is by design very long and also very narrow. But after taking it onto a circular needle for an ultimate try-on yesterday, it looked quite promising. A bit long, a bit tight, yes, but with a little bit of luck it will adjust itself in wear. And the look is fabulous. By the way, the image only shows the cuff and lower part of the sleeve.<\/p>\n","protected":false},"excerpt":{"rendered":"<p>Der erste \u00c4rmel von &#8220;Vivian&#8221; n\u00e4hert sich allm\u00e4hlich seinem Ende. Da ich in der letzten Zeit vieles andere um die Ohren hatte, ging es nur langsam voran. Hinzu kam eine gewisse Unentschlossenheit, weil ich mir nicht sicher war, ob der \u00c4rmel gut passen w\u00fcrde. Er ist designbedingt sehr lang und dazu sehr schmal. Nachdem ich &hellip; <a href=\"https:\/\/www.strickforum.de\/blog\/neues-von-vivian-news-from-vivian\/\" class=\"more-link\"><span class=\"screen-reader-text\">\u201eNeues von Vivian &#8211; News from Vivian\u201c <\/span>weiterlesen<\/a><\/p>\n","protected":false},"author":3,"featured_media":0,"comment_status":"open","ping_status":"open","sticky":false,"template":"","format":"standard","meta":{"_seopress_robots_primary_cat":"","_seopress_titles_title":"","_seopress_titles_desc":"","_seopress_robots_index":"","_crdt_document":"","jetpack_post_was_ever_published":false,"_jetpack_newsletter_access":"","_jetpack_dont_email_post_to_subs":false,"_jetpack_newsletter_tier_id":0,"_jetpack_memberships_contains_paywalled_content":false,"_jetpack_memberships_contains_paid_content":false,"footnotes":"","jetpack_publicize_message":"","jetpack_publicize_feature_enabled":true,"jetpack_social_post_already_shared":false,"jetpack_social_options":{"image_generator_settings":{"template":"highway","default_image_id":0,"font":"","enabled":false},"version":2}},"categories":[6],"tags":[],"class_list":["post-715","post","type-post","status-publish","format-standard","hentry","category-6"],"jetpack_publicize_connections":[],"jetpack_featured_media_url":"","jetpack_sharing_enabled":true,"jetpack_shortlink":"https:\/\/wp.me\/p7JbSI-bx","jetpack-related-posts":[{"id":927,"url":"https:\/\/www.strickforum.de\/blog\/fortschritt-progress\/","url_meta":{"origin":715,"position":0},"title":"Fortschritt &#8211; Progress","author":"Admin","date":"9. April 2010","format":false,"excerpt":"Mein Feierabendgestrick ist die Jacke \u201cVivian\u201d. Langsam aber sicher komme ich voran. Das Leibteil ist bis zu den Achseln fertig, der erste \u00c4rmel ist angefangen. Es macht Spa\u00df, diese Jacke zu stricken, denn das Muster ist leicht zu merken, obwohl es kompliziert aussieht. The \u201cVivian\u201d jacket is my leisure time\u2026","rel":"","context":"In &quot;Stricken&quot;","block_context":{"text":"Stricken","link":"https:\/\/www.strickforum.de\/blog\/category\/3\/"},"img":{"alt_text":"Vivian, Leibteil\/body","src":"https:\/\/i0.wp.com\/www.strickforum.de\/blog\/media\/1\/20100409-vivian_bodyrow117_400.jpg?resize=350%2C200","width":350,"height":200},"classes":[]},{"id":813,"url":"https:\/\/www.strickforum.de\/blog\/uberlegungen-zu-vivian-considering-vivian\/","url_meta":{"origin":715,"position":1},"title":"\u00dcberlegungen zu &#8220;Vivian&#8221; &#8211; Considering &#8220;Vivian&#8221;","author":"Admin","date":"19. Oktober 2009","format":false,"excerpt":"Im Juni wurde die Jacke \u201cVivian\u201d fertig, aber den Sommer \u00fcber war es zu warm, sie anzuziehen. Erst in den vergangenen Tagen habe ich sie einige Male getragen. Mein Fazit f\u00fcr alle interessierten Kreise: Die \u00c4rmel sind mir definitiv zu lang. Ein Mustersatz weniger h\u00e4tte v\u00f6llig ausgereicht, um immer noch\u2026","rel":"","context":"In &quot;Stricken&quot;","block_context":{"text":"Stricken","link":"https:\/\/www.strickforum.de\/blog\/category\/3\/"},"img":{"alt_text":"Vivian Jacke","src":"https:\/\/i0.wp.com\/www.strickforum.de\/blog\/media\/1\/20090617-vivian_seite.jpg?resize=350%2C200","width":350,"height":200},"classes":[]},{"id":725,"url":"https:\/\/www.strickforum.de\/blog\/der-kampf-mit-der-passe-fighting-with-the-yoke\/","url_meta":{"origin":715,"position":2},"title":"Der Kampf mit der Passe &#8211; Fighting with the yoke","author":"Admin","date":"25. Mai 2009","format":false,"excerpt":"Bei der Jacke \u201cVivian\u201d habe ich mittlerweile \u00c4rmel und Leibteile auf einer Nadel vereint und stricke eifrig die Abnahmen f\u00fcr die Passe. Leider ist die Anleitung hier ein wenig unklar. Wenn man sich exakt nach den Angaben richtet, endet man mit zuwenig Maschen am linken Vorderteil und einem verschobenen Muster.\u2026","rel":"","context":"In &quot;Stricken&quot;","block_context":{"text":"Stricken","link":"https:\/\/www.strickforum.de\/blog\/category\/3\/"},"img":{"alt_text":"","src":"","width":0,"height":0},"classes":[]},{"id":734,"url":"https:\/\/www.strickforum.de\/blog\/passt-wie-angegossen-fits-like-a-glove\/","url_meta":{"origin":715,"position":3},"title":"Passt wie angegossen &#8211; Fits like a glove","author":"Admin","date":"12. Juni 2009","format":false,"excerpt":"\u201cVivian\u201d ist fertig, gewaschen, getrocknet und passt. Zum gr\u00f6\u00dften Teil jedenfalls. Die \u00c4rmel sind leider 10 cm zu lang. Ein kompletter Mustersatz weniger w\u00e4re besser und f\u00fcr mich ausreichend gewesen, obwohl ich nun wirklich keine extrem kurzen \u00c4rmchen habe. Die \u00c4rmelweite im Oberarmbereich ist reichlich, die zus\u00e4tzliche Zunahme w\u00e4re gar\u2026","rel":"","context":"In &quot;Stricken&quot;","block_context":{"text":"Stricken","link":"https:\/\/www.strickforum.de\/blog\/category\/3\/"},"img":{"alt_text":"Vivian, Vorderteil \/ front","src":"https:\/\/i0.wp.com\/www.strickforum.de\/blog\/media\/1\/20090612-vivian_front.jpg?resize=350%2C200","width":350,"height":200},"classes":[]},{"id":737,"url":"https:\/\/www.strickforum.de\/blog\/vivian-fotos\/","url_meta":{"origin":715,"position":4},"title":"Vivian-Fotos","author":"Admin","date":"17. Juni 2009","format":false,"excerpt":"Am Wochenende habe ich den Rei\u00dfverschluss in die Jacke eingen\u00e4ht. \u00dcber eine Stunde hat es gedauert, Stecken und Heften nicht mitgerechnet. Gen\u00e4ht habe ich mit der N\u00e4hmaschine, denn wenn ich von Hand n\u00e4he, sieht es grauenvoll aus, und das hat diese Jacke nicht verdient. Falls Ihr Euch wundert, dass ich\u2026","rel":"","context":"In &quot;Stricken&quot;","block_context":{"text":"Stricken","link":"https:\/\/www.strickforum.de\/blog\/category\/3\/"},"img":{"alt_text":"Vivian von vorn - front shot","src":"https:\/\/i0.wp.com\/www.strickforum.de\/blog\/media\/1\/20090617-vivian_vorn.jpg?resize=350%2C200","width":350,"height":200},"classes":[]},{"id":698,"url":"https:\/\/www.strickforum.de\/blog\/langsam-slowly\/","url_meta":{"origin":715,"position":5},"title":"Langsam &#8211; Slowly","author":"Admin","date":"20. April 2009","format":false,"excerpt":"Nein, ich komme nicht besonders flott voran mit \u201cVivian\u201d. Das Garn ist kein reiner Strickspa\u00df, obwohl es gut aussieht und sehr weich ist. Inzwischen bin ich bei Reihe 90, und das Gestrick wird recht schwer. Das ist der Nachteil, wenn alles in einem St\u00fcck gestrickt wird. Der Vorteil: Man muss\u2026","rel":"","context":"In &quot;Stricken&quot;","block_context":{"text":"Stricken","link":"https:\/\/www.strickforum.de\/blog\/category\/3\/"},"img":{"alt_text":"Vivian, Vorderteile, fronts","src":"https:\/\/i0.wp.com\/www.strickforum.de\/blog\/media\/1\/20090420-vivian_090420front.jpg?resize=350%2C200","width":350,"height":200},"classes":[]}],"_links":{"self":[{"href":"https:\/\/www.strickforum.de\/blog\/wp-json\/wp\/v2\/posts\/715","targetHints":{"allow":["GET"]}}],"collection":[{"href":"https:\/\/www.strickforum.de\/blog\/wp-json\/wp\/v2\/posts"}],"about":[{"href":"https:\/\/www.strickforum.de\/blog\/wp-json\/wp\/v2\/types\/post"}],"author":[{"embeddable":true,"href":"https:\/\/www.strickforum.de\/blog\/wp-json\/wp\/v2\/users\/3"}],"replies":[{"embeddable":true,"href":"https:\/\/www.strickforum.de\/blog\/wp-json\/wp\/v2\/comments?post=715"}],"version-history":[{"count":0,"href":"https:\/\/www.strickforum.de\/blog\/wp-json\/wp\/v2\/posts\/715\/revisions"}],"wp:attachment":[{"href":"https:\/\/www.strickforum.de\/blog\/wp-json\/wp\/v2\/media?parent=715"}],"wp:term":[{"taxonomy":"category","embeddable":true,"href":"https:\/\/www.strickforum.de\/blog\/wp-json\/wp\/v2\/categories?post=715"},{"taxonomy":"post_tag","embeddable":true,"href":"https:\/\/www.strickforum.de\/blog\/wp-json\/wp\/v2\/tags?post=715"}],"curies":[{"name":"wp","href":"https:\/\/api.w.org\/{rel}","templated":true}]}}