{"id":717,"date":"2009-05-12T07:43:36","date_gmt":"2009-05-12T05:43:36","guid":{"rendered":"http:\/\/www.strickforum.de\/blog\/?p=717"},"modified":"2009-05-12T07:43:36","modified_gmt":"2009-05-12T05:43:36","slug":"die-verstrickte-dienstagsfrage-202009","status":"publish","type":"post","link":"https:\/\/www.strickforum.de\/blog\/die-verstrickte-dienstagsfrage-202009\/","title":{"rendered":"Die verstrickte Dienstagsfrage 20\/2009"},"content":{"rendered":"<p><b>Das <a href=\"http:\/\/board.stricknetz.net\/blog\/das-wollschaf\/index.php?showentry=4983\" target=\"_blank\">Wollschaf<\/a> fragt:<br \/>\nWelchen Sinn machen Awards f\u00fcr Dich?Wer ruft diese Awards ins Leben und nach welchen Kriterien werden diese vergeben?<br \/>\nWarum sollte mein Blog anderen gefallen m\u00fcssen?<br \/>\nHerzlichen Dank an <a href=\"http:\/\/www.handstrickvirus.blogspot.com\/\">Barbara<\/a> f\u00fcr die heutige Frage!<\/b><\/p>\n<p>Meine Antwort:<br \/>\nIn selbstgebastelten Awards sehe ich denselben Sinn wie in jedem selbstkreierten, selbstfabrizierten Etwas: Es sollte wenigstens demjenigen Spa\u00df machen, der sich den Award, den entsprechenden Sinn und das Signet dazu ausdenkt. Wenn das Ding dann die gro\u00dfe Blogrunde dreht und die entsprechende Grafik pl\u00f6tzlich auf tausenden von Webseiten sich geschmeichelt f\u00fchlender Blogger auftaucht, ist das sicherlich ein au\u00dferordentlich befriedigendes Gef\u00fchl f\u00fcr den Sch\u00f6pfer.<br \/>\nVielleicht ist so mancher Award auch eine gro\u00dfe Ver\u00e4ppelung, die amateurhafte Gestaltung einiger Award-Grafiken legt das jedenfalls nahe. Oder derjenige, der es sich ausgedacht hat, m\u00f6chte ein soziologisches Experiment veranstalten: Wer beschenkt wen, wer gibt an wen weiter? Und der ganze Verteilungsbaum landet schlie\u00dflich in der Semesterarbeit einer <a href=\"http:\/\/www.usenet-abc.de\/wiki\/Team\/UniGiessen\" target=\"_blank\">Studentin der Uni Gie\u00dfen<\/a>.<\/p>\n<p>Mir gegen\u00fcber hat sich noch niemand geoutet, der selbst einen Award ins Leben gerufen hat, deshalb kann ich die Frage, wer so etwas ins Rollen bringt, auch nicht beantworten. Objektive Kriterien, nach denen selbstgebastelte Awards vergeben werden, sind meines Wissens nirgends hinterlegt, ich vermute aber mal, das geht haupts\u00e4chlich nach Sympathie. Ich habe selbst nie einen Award vergeben und kann deshalb dazu nichts sagen. <\/p>\n<p>Weshalb Dein Blog anderen gefallen sollen m\u00fcsste, wei\u00df ich nicht. Sollte er?<br \/>\nIch wei\u00df auch nicht, wie Du diese Frage gemeint hast, m\u00f6glicherweise ganz anders, als ich sie beantwortet habe.<\/p>\n<p>Und, liebes Wollschaf, wenn nun allm\u00e4hlich mal wieder eine Frage zum Stricken k\u00e4me, f\u00e4nde ich das prima.<\/p>\n","protected":false},"excerpt":{"rendered":"<p>Das Wollschaf fragt: Welchen Sinn machen Awards f\u00fcr Dich?Wer ruft diese Awards ins Leben und nach welchen Kriterien werden diese vergeben? Warum sollte mein Blog anderen gefallen m\u00fcssen? Herzlichen Dank an Barbara f\u00fcr die heutige Frage! Meine Antwort: In selbstgebastelten Awards sehe ich denselben Sinn wie in jedem selbstkreierten, selbstfabrizierten Etwas: Es sollte wenigstens demjenigen &hellip; <a href=\"https:\/\/www.strickforum.de\/blog\/die-verstrickte-dienstagsfrage-202009\/\" class=\"more-link\"><span class=\"screen-reader-text\">\u201eDie verstrickte Dienstagsfrage 20\/2009\u201c <\/span>weiterlesen<\/a><\/p>\n","protected":false},"author":3,"featured_media":0,"comment_status":"open","ping_status":"open","sticky":false,"template":"","format":"standard","meta":{"_seopress_robots_primary_cat":"","_seopress_titles_title":"","_seopress_titles_desc":"","_seopress_robots_index":"","_crdt_document":"","jetpack_post_was_ever_published":false,"_jetpack_newsletter_access":"","_jetpack_dont_email_post_to_subs":false,"_jetpack_newsletter_tier_id":0,"_jetpack_memberships_contains_paywalled_content":false,"_jetpack_memberships_contains_paid_content":false,"footnotes":"","jetpack_publicize_message":"","jetpack_publicize_feature_enabled":true,"jetpack_social_post_already_shared":false,"jetpack_social_options":{"image_generator_settings":{"template":"highway","default_image_id":0,"font":"","enabled":false},"version":2}},"categories":[5],"tags":[],"class_list":["post-717","post","type-post","status-publish","format-standard","hentry","category-5"],"jetpack_publicize_connections":[],"jetpack_featured_media_url":"","jetpack_sharing_enabled":true,"jetpack_shortlink":"https:\/\/wp.me\/p7JbSI-bz","jetpack-related-posts":[{"id":438,"url":"https:\/\/www.strickforum.de\/blog\/award-epidemie-award-epidemia\/","url_meta":{"origin":717,"position":0},"title":"Award-Epidemie &#8211; Award epidemia","author":"Admin","date":"8. Juli 2008","format":false,"excerpt":"Es war vermutlich nur eine Frage der Zeit, bis irgendein Ableger der derzeitigen Awarditis sich auch den Weg in mein Weblog erk\u00e4mpft hatte. Danke, Michaela, es ist sehr lieb von Dir. :-) Da allerdings mittlerweile so ziemlich jedes halbwegs kreative Blog so ein Dingens mindestens einmal erhalten hat, m\u00f6chte ich\u2026","rel":"","context":"In &quot;Allgemeines&quot;","block_context":{"text":"Allgemeines","link":"https:\/\/www.strickforum.de\/blog\/category\/1\/"},"img":{"alt_text":"Award...","src":"https:\/\/i0.wp.com\/www.strickforum.de\/blog\/media\/1\/20080708-brillante_weblog_premio-2008.jpg?resize=350%2C200","width":350,"height":200},"classes":[]},{"id":1711,"url":"https:\/\/www.strickforum.de\/blog\/die-verstrickte-dienstagsfrage-32014\/","url_meta":{"origin":717,"position":1},"title":"Die verstrickte Dienstagsfrage 3\/2014","author":"Admin","date":"14. Januar 2014","format":false,"excerpt":"Diese Woche fragt das Wollschaf: Ich m\u00f6chte gerne wissen, welches Programm zum Erstellen von Strickdiagrammen \/ Charts, z.B. f\u00fcr Lace, Ihr einsetzt oder empfehlen k\u00f6nnt. Ich habe mal ein paar ausprobiert, aber allzuoft liessen die Programme dann nur 30 Maschen zu in der Breite und oft sollen es ja doch\u2026","rel":"","context":"In &quot;Allgemeines&quot;","block_context":{"text":"Allgemeines","link":"https:\/\/www.strickforum.de\/blog\/category\/1\/"},"img":{"alt_text":"","src":"","width":0,"height":0},"classes":[]},{"id":57,"url":"https:\/\/www.strickforum.de\/blog\/einen-poncho-stricken\/","url_meta":{"origin":717,"position":2},"title":"Einen Poncho stricken","author":"Admin","date":"1. September 2005","format":false,"excerpt":"Ich wei\u00df, da\u00df etliche Besucher nur auf diese Seite geraten, weil sie nach der Strickanleitung f\u00fcr einen Poncho suchen. Ponchos sind der Hit der Saison, es gibt mittlerweile keine Strickzeitschrift, die ohne Anleitungen f\u00fcr diese coolen Teile auskommt. (Ponchos geh\u00f6ren au\u00dferdem zu den unpraktischsten Kleidungsst\u00fccke, die ich mir vorstellen kann,\u2026","rel":"","context":"In &quot;Stricken&quot;","block_context":{"text":"Stricken","link":"https:\/\/www.strickforum.de\/blog\/category\/3\/"},"img":{"alt_text":"Schnittschema f\u00fcr Poncho aus Rechtecken","src":"https:\/\/i0.wp.com\/www.strickforum.de\/blog\/media\/1\/20050901-poncho_schema.gif?resize=350%2C200","width":350,"height":200},"classes":[]},{"id":977,"url":"https:\/\/www.strickforum.de\/blog\/die-verstrickte-dienstagsfrage-272010\/","url_meta":{"origin":717,"position":3},"title":"Die verstrickte Dienstagsfrage 27\/2010","author":"Admin","date":"6. Juli 2010","format":false,"excerpt":"Das Wollschaf fragt: Was ist f\u00fcr dich das perfekte Urlaubsgestrickt? Etwas Gro\u00dfes, Kompliziertes? Lieber etwas Kleines? Nach welchen Kriterien entscheidest du, was eingepackt wird? Darauf kann ich wieder einmal mit einem klaren \u201ces kommt darauf an\u201d antworten. Was f\u00fcr ein Urlaub soll's denn sein? Wohin soll die Reise gehen, welches\u2026","rel":"","context":"In &quot;Stricken&quot;","block_context":{"text":"Stricken","link":"https:\/\/www.strickforum.de\/blog\/category\/3\/"},"img":{"alt_text":"","src":"","width":0,"height":0},"classes":[]},{"id":1854,"url":"https:\/\/www.strickforum.de\/blog\/die-verstrickte-dienstagsfrage-462014\/","url_meta":{"origin":717,"position":4},"title":"Die verstrickte Dienstagsfrage 46\/2014","author":"Admin","date":"18. November 2014","format":false,"excerpt":"Diese Woche fragt das Wollschaf: KALs\/CAls (knit-along\/crochet-along) erfreuen sich nach wie vor gro\u00dfer Beliebtheit. Insbesondere f\u00fcr Designer sind solche Aktionen ein probates Mittel, um sich und ihre Anleitungen publik zu machen. Hast Du schon mal an einem oder auch mehreren KALs oder CALs teilgenommen? Wenn ja, welche Gr\u00fcnde haben Dich\u2026","rel":"","context":"In &quot;Stricken&quot;","block_context":{"text":"Stricken","link":"https:\/\/www.strickforum.de\/blog\/category\/3\/"},"img":{"alt_text":"","src":"","width":0,"height":0},"classes":[]},{"id":747,"url":"https:\/\/www.strickforum.de\/blog\/die-verstrickte-dienstagsfrage-282009\/","url_meta":{"origin":717,"position":5},"title":"Die verstrickte Dienstagsfrage 28\/2009","author":"Admin","date":"7. Juli 2009","format":false,"excerpt":"Das Wollschaf fragt: Wie stellst Du Dir das ideale Strickbuch vor? Mal abgesehen davon, da\u00df einem m\u00f6glichst viele Modelle gefallen sollten: Was ist Dir noch wichtig? W\u00e4rst Du bereit, f\u00fcr eine h\u00f6here Qualit\u00e4t (Einband, Papier, Format etc.) auch einen h\u00f6heren Preis zu bezahlen? Herzlichen Dank an Tina f\u00fcr die heutige\u2026","rel":"","context":"In &quot;Allgemeines&quot;","block_context":{"text":"Allgemeines","link":"https:\/\/www.strickforum.de\/blog\/category\/1\/"},"img":{"alt_text":"","src":"","width":0,"height":0},"classes":[]}],"_links":{"self":[{"href":"https:\/\/www.strickforum.de\/blog\/wp-json\/wp\/v2\/posts\/717","targetHints":{"allow":["GET"]}}],"collection":[{"href":"https:\/\/www.strickforum.de\/blog\/wp-json\/wp\/v2\/posts"}],"about":[{"href":"https:\/\/www.strickforum.de\/blog\/wp-json\/wp\/v2\/types\/post"}],"author":[{"embeddable":true,"href":"https:\/\/www.strickforum.de\/blog\/wp-json\/wp\/v2\/users\/3"}],"replies":[{"embeddable":true,"href":"https:\/\/www.strickforum.de\/blog\/wp-json\/wp\/v2\/comments?post=717"}],"version-history":[{"count":0,"href":"https:\/\/www.strickforum.de\/blog\/wp-json\/wp\/v2\/posts\/717\/revisions"}],"wp:attachment":[{"href":"https:\/\/www.strickforum.de\/blog\/wp-json\/wp\/v2\/media?parent=717"}],"wp:term":[{"taxonomy":"category","embeddable":true,"href":"https:\/\/www.strickforum.de\/blog\/wp-json\/wp\/v2\/categories?post=717"},{"taxonomy":"post_tag","embeddable":true,"href":"https:\/\/www.strickforum.de\/blog\/wp-json\/wp\/v2\/tags?post=717"}],"curies":[{"name":"wp","href":"https:\/\/api.w.org\/{rel}","templated":true}]}}