{"id":734,"date":"2009-06-12T22:01:56","date_gmt":"2009-06-12T20:01:56","guid":{"rendered":"http:\/\/www.strickforum.de\/blog\/?p=734"},"modified":"2009-06-12T22:01:56","modified_gmt":"2009-06-12T20:01:56","slug":"passt-wie-angegossen-fits-like-a-glove","status":"publish","type":"post","link":"https:\/\/www.strickforum.de\/blog\/passt-wie-angegossen-fits-like-a-glove\/","title":{"rendered":"Passt wie angegossen &#8211; Fits like a glove"},"content":{"rendered":"<p>&#8220;Vivian&#8221; ist fertig, gewaschen, getrocknet und passt. Zum gr\u00f6\u00dften Teil jedenfalls. Die \u00c4rmel sind leider 10 cm zu lang. Ein kompletter Mustersatz weniger w\u00e4re besser und f\u00fcr mich ausreichend gewesen, obwohl ich nun wirklich keine extrem kurzen \u00c4rmchen habe. Die \u00c4rmelweite im Oberarmbereich ist reichlich, die zus\u00e4tzliche Zunahme w\u00e4re gar nicht n\u00f6tig gewesen. Die Kapuze ist sehr eng und wird deshalb nur zur Dekoration dienen. <br \/>\nHeute habe ich in einem der beiden mir bekannten \u00f6rtlichen Wollgesch\u00e4fte einen Rei\u00dfverschluss gekauft. Mit dem Verk\u00e4ufer, einem sehr sachkundigen \u00e4lteren Herrn, beratschlagte ich, ob wohl 50 oder 55 cm L\u00e4nge besser w\u00e4re. Wir entschieden uns f\u00fcr 50 cm, weil es nicht tragisch ist, wenn der Rei\u00dfverschluss nicht bis ganz an meine Kehle reicht. F\u00fcrs Einn\u00e4hen hatte ich noch keine Zeit, weil ich die vergangenen beiden Tage weitgehend damit verbracht habe, ein f\u00fcnf-G\u00e4nge-Men\u00fc vorzubereiten. Dazu schreibe ich demn\u00e4chst mehr.<br \/>\nHier sind ein paar Bilder der Jacke.<\/p>\n<p><img data-recalc-dims=\"1\" src=\"https:\/\/i0.wp.com\/www.strickforum.de\/blog\/media\/1\/20090612-vivian_front.jpg?resize=400%2C525\" width=\"400\"  height=\"525\"  alt='Vivian, Vorderteil \/ front'  \/><\/p>\n<p><img data-recalc-dims=\"1\" src=\"https:\/\/i0.wp.com\/www.strickforum.de\/blog\/media\/1\/20090612-vivian_back.jpg?resize=400%2C622\" width=\"400\"  height=\"622\"  alt='Vivian, R\u00fcckenteil \/ back'  \/><\/p>\n<p><img data-recalc-dims=\"1\" src=\"https:\/\/i0.wp.com\/www.strickforum.de\/blog\/media\/1\/20090612-vivian_hood.jpg?resize=400%2C261\" width=\"400\"  height=\"261\"  alt='Vivian, Kapuze \/ hood'  \/><\/p>\n<p>&#8220;Vivian&#8221; is finished, washed, dried, and it fits. At least for the most part of it. The sleeves are about 4 in too long, unfortunately. A whole repeat less would have been better and sufficient for me, although I really don&#8217;t suffer from extremely short arms. The upper sleeve width is ample, my additional increases would not have been necessary. The hood is very tight and therefore will only serve for decorative purposes.<br \/>\nToday I went to one of the two local yarn shops I know here to buy a zip. The shop owner, a very competent elderly gentleman, helped me decide which zip length to choose, either 55 or 50 cms. We decided on 50 cm because it is no big deal if the zip ends somewhat below my throat. So far I had no time to sew it in because I spent the last two days to a large extent preparing a five course meal.<br \/>\nAbove are some pictures of the jacket.<\/p>\n","protected":false},"excerpt":{"rendered":"<p>&#8220;Vivian&#8221; ist fertig, gewaschen, getrocknet und passt. Zum gr\u00f6\u00dften Teil jedenfalls. Die \u00c4rmel sind leider 10 cm zu lang. Ein kompletter Mustersatz weniger w\u00e4re besser und f\u00fcr mich ausreichend gewesen, obwohl ich nun wirklich keine extrem kurzen \u00c4rmchen habe. Die \u00c4rmelweite im Oberarmbereich ist reichlich, die zus\u00e4tzliche Zunahme w\u00e4re gar nicht n\u00f6tig gewesen. Die Kapuze &hellip; <a href=\"https:\/\/www.strickforum.de\/blog\/passt-wie-angegossen-fits-like-a-glove\/\" class=\"more-link\"><span class=\"screen-reader-text\">\u201ePasst wie angegossen &#8211; Fits like a glove\u201c <\/span>weiterlesen<\/a><\/p>\n","protected":false},"author":3,"featured_media":0,"comment_status":"open","ping_status":"open","sticky":false,"template":"","format":"standard","meta":{"_seopress_robots_primary_cat":"","_seopress_titles_title":"","_seopress_titles_desc":"","_seopress_robots_index":"","_crdt_document":"","jetpack_post_was_ever_published":false,"_jetpack_newsletter_access":"","_jetpack_dont_email_post_to_subs":false,"_jetpack_newsletter_tier_id":0,"_jetpack_memberships_contains_paywalled_content":false,"_jetpack_memberships_contains_paid_content":false,"footnotes":"","jetpack_publicize_message":"","jetpack_publicize_feature_enabled":true,"jetpack_social_post_already_shared":false,"jetpack_social_options":{"image_generator_settings":{"template":"highway","default_image_id":0,"font":"","enabled":false},"version":2}},"categories":[6],"tags":[],"class_list":["post-734","post","type-post","status-publish","format-standard","hentry","category-6"],"jetpack_publicize_connections":[],"jetpack_featured_media_url":"","jetpack_sharing_enabled":true,"jetpack_shortlink":"https:\/\/wp.me\/p7JbSI-bQ","jetpack-related-posts":[{"id":737,"url":"https:\/\/www.strickforum.de\/blog\/vivian-fotos\/","url_meta":{"origin":734,"position":0},"title":"Vivian-Fotos","author":"Admin","date":"17. Juni 2009","format":false,"excerpt":"Am Wochenende habe ich den Rei\u00dfverschluss in die Jacke eingen\u00e4ht. \u00dcber eine Stunde hat es gedauert, Stecken und Heften nicht mitgerechnet. Gen\u00e4ht habe ich mit der N\u00e4hmaschine, denn wenn ich von Hand n\u00e4he, sieht es grauenvoll aus, und das hat diese Jacke nicht verdient. Falls Ihr Euch wundert, dass ich\u2026","rel":"","context":"In &quot;Stricken&quot;","block_context":{"text":"Stricken","link":"https:\/\/www.strickforum.de\/blog\/category\/3\/"},"img":{"alt_text":"Vivian von vorn - front shot","src":"https:\/\/i0.wp.com\/www.strickforum.de\/blog\/media\/1\/20090617-vivian_vorn.jpg?resize=350%2C200","width":350,"height":200},"classes":[]},{"id":1989,"url":"https:\/\/www.strickforum.de\/blog\/die-projekt-pyramide\/","url_meta":{"origin":734,"position":1},"title":"Die Projekt-Pyramide","author":"Admin","date":"27. April 2016","format":false,"excerpt":"Vergangenen Freitag zeigte eine meiner Arbeitskolleginnen uns anderen, an was sie gerade in ihrer Freizeit werkelte: Tetraederf\u00f6rmige T\u00e4schchen, etwa 10 cm hoch, mit Rei\u00dfverschluss, gedacht zur Aufbewahrung von Schnullern. Die Tagesmutter ihres j\u00fcngsten Kindes hatte mehrere gen\u00e4hte Schnullert\u00e4schchen bestellt, damit jedes betreute Kind ein eigenes, von den anderen gut unterscheidbares\u2026","rel":"","context":"In &quot;N\u00e4hen&quot;","block_context":{"text":"N\u00e4hen","link":"https:\/\/www.strickforum.de\/blog\/category\/5\/"},"img":{"alt_text":"","src":"","width":0,"height":0},"classes":[]},{"id":1837,"url":"https:\/\/www.strickforum.de\/blog\/der-reisverschluss-war-schuld\/","url_meta":{"origin":734,"position":2},"title":"Der Rei\u00dfverschluss war schuld","author":"Admin","date":"20. Oktober 2014","format":false,"excerpt":"Das Zusammenn\u00e4hen von gestrickten Teilen ist bei mir kein Problem. Ich mache das gern und f\u00fcrchte mich auch nicht vor dem Einsetzen von \u00c4rmeln mit Armkugeln. Die Zopfmusterjacke aus dickem Posh Flamm\u00e9garn (\u201cVivienne Chunky\u201d, nicht mehr erh\u00e4ltlich) lag jedoch \u00fcber einen Monat fast fertig herum, weil ich erst Zeit und\u2026","rel":"","context":"In &quot;Stricken&quot;","block_context":{"text":"Stricken","link":"https:\/\/www.strickforum.de\/blog\/category\/3\/"},"img":{"alt_text":"","src":"","width":0,"height":0},"classes":[]},{"id":157,"url":"https:\/\/www.strickforum.de\/blog\/gestern-hielt-ich-mich-noch-fur-unentschlossen-aber-heute-bin-ich-mir-nicht-mehr-so-sicher\/","url_meta":{"origin":734,"position":3},"title":"Gestern hielt ich mich noch f\u00fcr unentschlossen, aber heute bin ich mir nicht mehr so sicher","author":"Admin","date":"5. Juni 2006","format":false,"excerpt":"Rechtzeitig vor dem langen Wochenende hielt ich Ausschau nach einem neuen Unterwegs-und-Handstrick-Projekt. Meine Wahl fiel ziemlich spontan auf das \u201cLots-of-choices\u201d-Top von Sally Melville aus ihrem Buch \u201cThe Knit Stitch\u201d. Einfaches Muster, simple Ausarbeitung, und passendes B\u00e4ndchengarn fand sich auch noch in meinem Fundus. Zwar in zwei verschiedenen Farben, aber Streifenmuster\u2026","rel":"","context":"In &quot;Stricken&quot;","block_context":{"text":"Stricken","link":"https:\/\/www.strickforum.de\/blog\/category\/3\/"},"img":{"alt_text":"\u201cLots-of-Choices\u201d Top von Sally Melville","src":"https:\/\/i0.wp.com\/www.strickforum.de\/blog\/media\/1\/20060605-melville_choices.jpg?resize=350%2C200","width":350,"height":200},"classes":[]},{"id":128,"url":"https:\/\/www.strickforum.de\/blog\/eine-schande\/","url_meta":{"origin":734,"position":4},"title":"Eine Schande!","author":"Admin","date":"7. M\u00e4rz 2006","format":false,"excerpt":"Diese arme Jacke (die \u201cKnot Cable Jacket\u201d von Debbie Bliss aus der \u201cNoro Collection 2\u201d, gestrickt aus Noro Silk Garden) liegt nun seit fast einem Jahr herum. Eigentlich sogar schon seit zwei Jahren, denn da hatte ich angefangen, sie zu stricken. Als sie im Herbst 2004 fertig war, war sie\u2026","rel":"","context":"In &quot;Stricken&quot;","block_context":{"text":"Stricken","link":"https:\/\/www.strickforum.de\/blog\/category\/3\/"},"img":{"alt_text":"Knot Cable Jacket, Debbie Bliss, Noro Collection 2","src":"https:\/\/i0.wp.com\/www.strickforum.de\/blog\/media\/1\/20060307-knot_cable_leib.jpg?resize=350%2C200","width":350,"height":200},"classes":[]},{"id":133,"url":"https:\/\/www.strickforum.de\/blog\/endlich-fruhling\/","url_meta":{"origin":734,"position":5},"title":"Endlich Fr\u00fchling","author":"Admin","date":"27. M\u00e4rz 2006","format":false,"excerpt":"Rechtzeitig zum Winterende wurde die \u201cKnot Cable Jacket\u201d aus der \u201cNoro Collection 2\u201d von Debbie Bliss endlich fertig. Ihre Trageprobe hat sie mit Bravour bestanden. Der Stehkragen ist ein wenig hoch am Hals, die vorderen Enden kratzen ein bi\u00dfchen, aber das ist ertr\u00e4glich. Davon abgesehen war ich erstaunt, wie gut\u2026","rel":"","context":"In &quot;Stricken&quot;","block_context":{"text":"Stricken","link":"https:\/\/www.strickforum.de\/blog\/category\/3\/"},"img":{"alt_text":"Modell 3 aus Filati Heft 25","src":"https:\/\/i0.wp.com\/www.strickforum.de\/blog\/media\/1\/20060327-filati25_03.jpg?resize=350%2C200","width":350,"height":200},"classes":[]}],"_links":{"self":[{"href":"https:\/\/www.strickforum.de\/blog\/wp-json\/wp\/v2\/posts\/734","targetHints":{"allow":["GET"]}}],"collection":[{"href":"https:\/\/www.strickforum.de\/blog\/wp-json\/wp\/v2\/posts"}],"about":[{"href":"https:\/\/www.strickforum.de\/blog\/wp-json\/wp\/v2\/types\/post"}],"author":[{"embeddable":true,"href":"https:\/\/www.strickforum.de\/blog\/wp-json\/wp\/v2\/users\/3"}],"replies":[{"embeddable":true,"href":"https:\/\/www.strickforum.de\/blog\/wp-json\/wp\/v2\/comments?post=734"}],"version-history":[{"count":0,"href":"https:\/\/www.strickforum.de\/blog\/wp-json\/wp\/v2\/posts\/734\/revisions"}],"wp:attachment":[{"href":"https:\/\/www.strickforum.de\/blog\/wp-json\/wp\/v2\/media?parent=734"}],"wp:term":[{"taxonomy":"category","embeddable":true,"href":"https:\/\/www.strickforum.de\/blog\/wp-json\/wp\/v2\/categories?post=734"},{"taxonomy":"post_tag","embeddable":true,"href":"https:\/\/www.strickforum.de\/blog\/wp-json\/wp\/v2\/tags?post=734"}],"curies":[{"name":"wp","href":"https:\/\/api.w.org\/{rel}","templated":true}]}}