{"id":737,"date":"2009-06-17T07:31:32","date_gmt":"2009-06-17T05:31:32","guid":{"rendered":"http:\/\/www.strickforum.de\/blog\/?p=737"},"modified":"2009-06-17T07:31:32","modified_gmt":"2009-06-17T05:31:32","slug":"vivian-fotos","status":"publish","type":"post","link":"https:\/\/www.strickforum.de\/blog\/vivian-fotos\/","title":{"rendered":"Vivian-Fotos"},"content":{"rendered":"<p>Am Wochenende habe ich den Rei\u00dfverschluss in die Jacke eingen\u00e4ht. \u00dcber eine Stunde hat es gedauert, Stecken und Heften nicht mitgerechnet. Gen\u00e4ht habe ich mit der N\u00e4hmaschine, denn wenn ich von Hand n\u00e4he, sieht es grauenvoll aus, und das hat diese Jacke nicht verdient. <br \/>\nFalls Ihr Euch wundert, dass ich f\u00fcr zwei N\u00e4hte von gut 50 cm L\u00e4nge mit der N\u00e4hmaschine so lange brauchte: Ich musste mehrmals trennen, weil ich am Rei\u00dfverschlussband vorbeigen\u00e4ht hatte. Jawoll, trotz Heften! Aber nun sitzt der Rei\u00dfverschluss sauber drin, sieht gut aus, und die Jacke passt, wenn man davon absieht, dass die \u00c4rmel wirklich extrem lang sind. Sollte ich die Jacke noch einmal stricken, dann lasse ich bei den \u00c4rmeln einen Mustersatz weg.<\/p>\n<p><img data-recalc-dims=\"1\" src=\"https:\/\/i0.wp.com\/www.strickforum.de\/blog\/media\/1\/20090617-vivian_vorn.jpg?resize=400%2C462\" width=\"400\"  height=\"462\"  alt='Vivian von vorn - front shot'  \/><\/p>\n<p><img data-recalc-dims=\"1\" src=\"https:\/\/i0.wp.com\/www.strickforum.de\/blog\/media\/1\/20090617-vivian_seite.jpg?resize=400%2C580\" width=\"400\"  height=\"580\"  alt='Vivian von der Seite'  \/><\/p>\n<p><img data-recalc-dims=\"1\" src=\"https:\/\/i0.wp.com\/www.strickforum.de\/blog\/media\/1\/20090617-vivian_sitzend.jpg?resize=400%2C526\" width=\"400\"  height=\"526\"  alt='Vivian im Sitzen - sitting'  \/><\/p>\n<p>Last weekend I sewed the zipper into the jacket. It took me more than one hour, pinning and tacking not included. I used the sewing machine because my handsewing looks awful, and a beautiful jacket like &#8220;Vivian&#8221; does not deserve an awful looking zipper seam. <br \/>\nShould you wonder why two seams of about 50 cms took me so long: I had to undo it several times because I managed to miss the zipper band. Yes indeed, despite tacking! But now the zipper looks nice and the garment fits, apart from the sleeves which are really extremely long. Should I knit it again, I&#8217;ll omit one pattern repeat in the sleeves.<\/p>\n","protected":false},"excerpt":{"rendered":"<p>Am Wochenende habe ich den Rei\u00dfverschluss in die Jacke eingen\u00e4ht. \u00dcber eine Stunde hat es gedauert, Stecken und Heften nicht mitgerechnet. Gen\u00e4ht habe ich mit der N\u00e4hmaschine, denn wenn ich von Hand n\u00e4he, sieht es grauenvoll aus, und das hat diese Jacke nicht verdient. Falls Ihr Euch wundert, dass ich f\u00fcr zwei N\u00e4hte von gut &hellip; <a href=\"https:\/\/www.strickforum.de\/blog\/vivian-fotos\/\" class=\"more-link\"><span class=\"screen-reader-text\">\u201eVivian-Fotos\u201c <\/span>weiterlesen<\/a><\/p>\n","protected":false},"author":3,"featured_media":0,"comment_status":"open","ping_status":"open","sticky":false,"template":"","format":"standard","meta":{"_seopress_robots_primary_cat":"","_seopress_titles_title":"","_seopress_titles_desc":"","_seopress_robots_index":"","_crdt_document":"","jetpack_post_was_ever_published":false,"_jetpack_newsletter_access":"","_jetpack_dont_email_post_to_subs":false,"_jetpack_newsletter_tier_id":0,"_jetpack_memberships_contains_paywalled_content":false,"_jetpack_memberships_contains_paid_content":false,"footnotes":"","jetpack_publicize_message":"","jetpack_publicize_feature_enabled":true,"jetpack_social_post_already_shared":false,"jetpack_social_options":{"image_generator_settings":{"template":"highway","default_image_id":0,"font":"","enabled":false},"version":2}},"categories":[6],"tags":[],"class_list":["post-737","post","type-post","status-publish","format-standard","hentry","category-6"],"jetpack_publicize_connections":[],"jetpack_featured_media_url":"","jetpack_sharing_enabled":true,"jetpack_shortlink":"https:\/\/wp.me\/p7JbSI-bT","jetpack-related-posts":[{"id":1837,"url":"https:\/\/www.strickforum.de\/blog\/der-reisverschluss-war-schuld\/","url_meta":{"origin":737,"position":0},"title":"Der Rei\u00dfverschluss war schuld","author":"Admin","date":"20. Oktober 2014","format":false,"excerpt":"Das Zusammenn\u00e4hen von gestrickten Teilen ist bei mir kein Problem. Ich mache das gern und f\u00fcrchte mich auch nicht vor dem Einsetzen von \u00c4rmeln mit Armkugeln. Die Zopfmusterjacke aus dickem Posh Flamm\u00e9garn (\u201cVivienne Chunky\u201d, nicht mehr erh\u00e4ltlich) lag jedoch \u00fcber einen Monat fast fertig herum, weil ich erst Zeit und\u2026","rel":"","context":"In &quot;Stricken&quot;","block_context":{"text":"Stricken","link":"https:\/\/www.strickforum.de\/blog\/category\/3\/"},"img":{"alt_text":"","src":"","width":0,"height":0},"classes":[]},{"id":128,"url":"https:\/\/www.strickforum.de\/blog\/eine-schande\/","url_meta":{"origin":737,"position":1},"title":"Eine Schande!","author":"Admin","date":"7. M\u00e4rz 2006","format":false,"excerpt":"Diese arme Jacke (die \u201cKnot Cable Jacket\u201d von Debbie Bliss aus der \u201cNoro Collection 2\u201d, gestrickt aus Noro Silk Garden) liegt nun seit fast einem Jahr herum. Eigentlich sogar schon seit zwei Jahren, denn da hatte ich angefangen, sie zu stricken. Als sie im Herbst 2004 fertig war, war sie\u2026","rel":"","context":"In &quot;Stricken&quot;","block_context":{"text":"Stricken","link":"https:\/\/www.strickforum.de\/blog\/category\/3\/"},"img":{"alt_text":"Knot Cable Jacket, Debbie Bliss, Noro Collection 2","src":"https:\/\/i0.wp.com\/www.strickforum.de\/blog\/media\/1\/20060307-knot_cable_leib.jpg?resize=350%2C200","width":350,"height":200},"classes":[]},{"id":1989,"url":"https:\/\/www.strickforum.de\/blog\/die-projekt-pyramide\/","url_meta":{"origin":737,"position":2},"title":"Die Projekt-Pyramide","author":"Admin","date":"27. April 2016","format":false,"excerpt":"Vergangenen Freitag zeigte eine meiner Arbeitskolleginnen uns anderen, an was sie gerade in ihrer Freizeit werkelte: Tetraederf\u00f6rmige T\u00e4schchen, etwa 10 cm hoch, mit Rei\u00dfverschluss, gedacht zur Aufbewahrung von Schnullern. Die Tagesmutter ihres j\u00fcngsten Kindes hatte mehrere gen\u00e4hte Schnullert\u00e4schchen bestellt, damit jedes betreute Kind ein eigenes, von den anderen gut unterscheidbares\u2026","rel":"","context":"In &quot;N\u00e4hen&quot;","block_context":{"text":"N\u00e4hen","link":"https:\/\/www.strickforum.de\/blog\/category\/5\/"},"img":{"alt_text":"","src":"","width":0,"height":0},"classes":[]},{"id":3055,"url":"https:\/\/www.strickforum.de\/blog\/steckling-oder-heftling\/","url_meta":{"origin":737,"position":3},"title":"Steckling oder Heftling?","author":"Admin","date":"14. August 2020","format":false,"excerpt":"Es gibt N\u00e4her*Innen, die ihre Stoffst\u00fccke nur passgenau aufeinanderlegen und sie dann ohne weitere VorKehrungen zusammenn\u00e4hen. Ich bewundere solche Menschen, aber selbst schaffe ich das nicht einmal bei relativ kurzen und geraden N\u00e4hten. Mich treibt st\u00e4ndig die Sorge um, etwas k\u00f6nnte sich verschieben, oder die Teile liegen nicht richtig aufeinander.\u2026","rel":"","context":"In &quot;N\u00e4hen&quot;","block_context":{"text":"N\u00e4hen","link":"https:\/\/www.strickforum.de\/blog\/category\/5\/"},"img":{"alt_text":"","src":"https:\/\/i0.wp.com\/www.strickforum.de\/blog\/wp-content\/uploads\/2020\/08\/stecken.jpg?resize=350%2C200&ssl=1","width":350,"height":200,"srcset":"https:\/\/i0.wp.com\/www.strickforum.de\/blog\/wp-content\/uploads\/2020\/08\/stecken.jpg?resize=350%2C200&ssl=1 1x, https:\/\/i0.wp.com\/www.strickforum.de\/blog\/wp-content\/uploads\/2020\/08\/stecken.jpg?resize=525%2C300&ssl=1 1.5x, https:\/\/i0.wp.com\/www.strickforum.de\/blog\/wp-content\/uploads\/2020\/08\/stecken.jpg?resize=700%2C400&ssl=1 2x"},"classes":[]},{"id":731,"url":"https:\/\/www.strickforum.de\/blog\/noch-20-reihen-20-rows-left\/","url_meta":{"origin":737,"position":4},"title":"Noch 20 Reihen &#8211; 20 rows left","author":"Admin","date":"8. Juni 2009","format":false,"excerpt":"Bei der Jacke \u201cVivian\u201d bin ich inzwischen an der Kapuze angelangt. Insgesamt m\u00fcssen daf\u00fcr 63 Reihen gestrickt werden, und gestern abend bin ich bis Reihe 43 gekommen. Im oberen Bereich der Kapuze erwartet mich nochmals eine Unklarheit in der Anleitung. Ich habe bisher nicht herausfinden k\u00f6nnen, ob die Abnahmen nur\u2026","rel":"","context":"In &quot;Stricken&quot;","block_context":{"text":"Stricken","link":"https:\/\/www.strickforum.de\/blog\/category\/3\/"},"img":{"alt_text":"","src":"","width":0,"height":0},"classes":[]},{"id":1789,"url":"https:\/\/www.strickforum.de\/blog\/der-x-te-tempest-ist-fertig\/","url_meta":{"origin":737,"position":5},"title":"Der x-te Tempest ist fertig","author":"Admin","date":"22. Juni 2014","format":false,"excerpt":"Ich mag Jacken, auch wenn sie aufwendiger zu stricken sind und mehr Ausarbeitung erfordern als Pullover. Man kann sie einfach variabler tragen. Und deshalb freue ich mich, dass ich gestern die Kn\u00f6pfe an meine neueste Tempest-Version gen\u00e4ht habe. Material: 240 g Wollmeise Merino in Farbe \u201cVroni\u201d und 180 g des\u2026","rel":"","context":"In &quot;Stricken&quot;","block_context":{"text":"Stricken","link":"https:\/\/www.strickforum.de\/blog\/category\/3\/"},"img":{"alt_text":"","src":"","width":0,"height":0},"classes":[]}],"_links":{"self":[{"href":"https:\/\/www.strickforum.de\/blog\/wp-json\/wp\/v2\/posts\/737","targetHints":{"allow":["GET"]}}],"collection":[{"href":"https:\/\/www.strickforum.de\/blog\/wp-json\/wp\/v2\/posts"}],"about":[{"href":"https:\/\/www.strickforum.de\/blog\/wp-json\/wp\/v2\/types\/post"}],"author":[{"embeddable":true,"href":"https:\/\/www.strickforum.de\/blog\/wp-json\/wp\/v2\/users\/3"}],"replies":[{"embeddable":true,"href":"https:\/\/www.strickforum.de\/blog\/wp-json\/wp\/v2\/comments?post=737"}],"version-history":[{"count":0,"href":"https:\/\/www.strickforum.de\/blog\/wp-json\/wp\/v2\/posts\/737\/revisions"}],"wp:attachment":[{"href":"https:\/\/www.strickforum.de\/blog\/wp-json\/wp\/v2\/media?parent=737"}],"wp:term":[{"taxonomy":"category","embeddable":true,"href":"https:\/\/www.strickforum.de\/blog\/wp-json\/wp\/v2\/categories?post=737"},{"taxonomy":"post_tag","embeddable":true,"href":"https:\/\/www.strickforum.de\/blog\/wp-json\/wp\/v2\/tags?post=737"}],"curies":[{"name":"wp","href":"https:\/\/api.w.org\/{rel}","templated":true}]}}