{"id":738,"date":"2009-06-18T07:15:13","date_gmt":"2009-06-18T05:15:13","guid":{"rendered":"http:\/\/www.strickforum.de\/blog\/?p=738"},"modified":"2009-06-18T07:15:13","modified_gmt":"2009-06-18T05:15:13","slug":"es-wird-wieder-mal-zeit-its-time-again","status":"publish","type":"post","link":"https:\/\/www.strickforum.de\/blog\/es-wird-wieder-mal-zeit-its-time-again\/","title":{"rendered":"Es wird wieder mal Zeit &#8211; It&#8217;s time again"},"content":{"rendered":"<p>Einer meiner Kollegen wird demn\u00e4chst Vater. Welche bessere Gelegenheit kann es geben, wieder einmal ein Baby Surprise Jacket zu stricken? Ich hatte noch sechs Kn\u00e4ule Rowan Denim aus dem letzten Rowan Abo-Geschenk vorr\u00e4tig. Da das Garn in der ersten W\u00e4sche einl\u00e4uft, verstrickte ich es zun\u00e4chst mit dem Grobstricker zu einem langen glatten Streifen, warf ihn in die Waschmaschine und anschlie\u00dfend in den W\u00e4schetrockner. Dann ribbelte ich den Streifen wieder auf und hatte nun perfekt eingelaufenes Garn.<br \/>\nDamit es nicht zu langweilig wurde, kombinierte ich dazu einen Rest Yeoman Panama in T\u00fcrkis zusammen mit etwas d\u00fcnnem Lurexgarn in T\u00fcrkisblau, zusammen etwa 30 Gramm. Die Jacke ist f\u00fcr ein M\u00e4dchen gedacht, da darf es ruhig ein wenig glitzern. \ud83d\ude09 <br \/>\nMit Nadelst\u00e4rke 4 mm kam ich auf eine Maschenprobe von 21 Maschen auf 10 cm. Die Streifenfolge von 8 Reihen Denim und 2 Reihen T\u00fcrkis passt perfekt zum Verlauf der Reihen. Insgesamt ben\u00f6tigte ich etwas mehr als zwei Kn\u00e4ule Rowan Denim. Den Halsausschnitt habe ich zum Schluss mit einer Reihe fester Maschen in T\u00fcrkis umh\u00e4kelt. Passende Kn\u00f6pfe kaufte ich im \u00f6rtlichen Wollgesch\u00e4ft.<\/p>\n<p><img data-recalc-dims=\"1\" src=\"https:\/\/i0.wp.com\/www.strickforum.de\/blog\/media\/1\/20090618-rowan-denim-strip.jpg?resize=400%2C314\" width=\"400\"  height=\"314\"  alt='Rowan Denim, verstrickt, knit into a strip'  \/><\/p>\n<p><img data-recalc-dims=\"1\" src=\"https:\/\/i0.wp.com\/www.strickforum.de\/blog\/media\/1\/20090618-bsj04_front.jpg?resize=400%2C292\" width=\"400\"  height=\"292\"  alt='Baby Surprise Jacket, Rowan Denim'  \/><\/p>\n<p><img data-recalc-dims=\"1\" src=\"https:\/\/i0.wp.com\/www.strickforum.de\/blog\/media\/1\/20090618-bsj04_back.jpg?resize=400%2C318\" width=\"400\"  height=\"318\"  alt='Baby Surprise Jacket, R\u00fcckseite\/back'  \/><\/p>\n<p>One of my colleagues is going to become a father soon. Can there be a better opportunity to knit another Baby Surprise Jacket? I had six balls of Rowan Denim from the last Rowan subscription gift. As the yarn shrinks in the first wash, I knitted it into a long strip on my chunky knitting machine, threw it into the washing machine and then into the drier. Then I unravelled the strip and had perfectly shrunken yarn. <br \/>\nTo prevent it from being too boring, I added to it an oddment of Yeoman Panama in turquoise together with a leftover of fine lurex yarn in bluish turquoise, all in all about 30 grams. As the garment is made for a little girl, some glittering is permitted. \ud83d\ude09<br \/>\nI used a 4 mm circular needle to achieve a gauge of 21 stitches per 10 cms. The stripe sequence of 8 rows Denim and 2 rows turquoise gave a perfect fit to the pattern. A tiny bit more than two balls of Rowan Denim were used. To finish it off, I did a row of single crochet around the neckline in turquoise. The matching buttons were bought at a local yarn shop.<\/p>\n","protected":false},"excerpt":{"rendered":"<p>Einer meiner Kollegen wird demn\u00e4chst Vater. Welche bessere Gelegenheit kann es geben, wieder einmal ein Baby Surprise Jacket zu stricken? Ich hatte noch sechs Kn\u00e4ule Rowan Denim aus dem letzten Rowan Abo-Geschenk vorr\u00e4tig. Da das Garn in der ersten W\u00e4sche einl\u00e4uft, verstrickte ich es zun\u00e4chst mit dem Grobstricker zu einem langen glatten Streifen, warf ihn &hellip; <a href=\"https:\/\/www.strickforum.de\/blog\/es-wird-wieder-mal-zeit-its-time-again\/\" class=\"more-link\"><span class=\"screen-reader-text\">\u201eEs wird wieder mal Zeit &#8211; It&#8217;s time again\u201c <\/span>weiterlesen<\/a><\/p>\n","protected":false},"author":3,"featured_media":0,"comment_status":"open","ping_status":"open","sticky":false,"template":"","format":"standard","meta":{"_seopress_robots_primary_cat":"","_seopress_titles_title":"","_seopress_titles_desc":"","_seopress_robots_index":"","_crdt_document":"","jetpack_post_was_ever_published":false,"_jetpack_newsletter_access":"","_jetpack_dont_email_post_to_subs":false,"_jetpack_newsletter_tier_id":0,"_jetpack_memberships_contains_paywalled_content":false,"_jetpack_memberships_contains_paid_content":false,"footnotes":"","jetpack_publicize_message":"","jetpack_publicize_feature_enabled":true,"jetpack_social_post_already_shared":false,"jetpack_social_options":{"image_generator_settings":{"template":"highway","default_image_id":0,"font":"","enabled":false},"version":2}},"categories":[6],"tags":[],"class_list":["post-738","post","type-post","status-publish","format-standard","hentry","category-6"],"jetpack_publicize_connections":[],"jetpack_featured_media_url":"","jetpack_sharing_enabled":true,"jetpack_shortlink":"https:\/\/wp.me\/p7JbSI-bU","jetpack-related-posts":[{"id":86,"url":"https:\/\/www.strickforum.de\/blog\/terminsache\/","url_meta":{"origin":738,"position":0},"title":"Terminsache","author":"Admin","date":"16. November 2005","format":false,"excerpt":"Seit langem liegt ein Kilo Rowan Magpie Aran in Farbe \u201cTeal\u201d in meinem Vorrat. Magpie Aran ist ein wundervolles Garn, weich und kuschelig, und es verstrickt sich fast wie von selbst. Allerdings ist es f\u00fcr die Waschmaschine nicht geeignet. Leider gibt's diese Qualit\u00e4t nicht mehr bei Rowan. Zu schade! Schon\u2026","rel":"","context":"In &quot;Stricken&quot;","block_context":{"text":"Stricken","link":"https:\/\/www.strickforum.de\/blog\/category\/3\/"},"img":{"alt_text":"\u201cSt. Enda\u201d aus \u201cAran Knitting\u201d von Alice Starmore","src":"https:\/\/i0.wp.com\/www.strickforum.de\/blog\/media\/1\/20051116-st_enda_01.jpg?resize=350%2C200","width":350,"height":200},"classes":[]},{"id":1258,"url":"https:\/\/www.strickforum.de\/blog\/argerlich\/","url_meta":{"origin":738,"position":1},"title":"\u00c4rgerlich","author":"Admin","date":"31. Oktober 2011","format":false,"excerpt":"Neulich bestellte ich mir das Buch \u201cRowan Studio Designs\u201d in deutscher Ausgabe. Mir war klar, dass darin Modelle enthalten sind, die bereits in den Rowan Studio Heften ver\u00f6ffentlicht wurden. Da ich keines dieser Hefte besitze, ist das auch v\u00f6llig in Ordnung f\u00fcr mich. Tats\u00e4chlich finde ich die meisten der gezeigten\u2026","rel":"","context":"In &quot;Stricken&quot;","block_context":{"text":"Stricken","link":"https:\/\/www.strickforum.de\/blog\/category\/3\/"},"img":{"alt_text":"Rowan Studio Designs","src":"https:\/\/i0.wp.com\/www.strickforum.de\/images\/blog\/rowanstudiodesigns.jpg?resize=350%2C200","width":350,"height":200},"classes":[]},{"id":1617,"url":"https:\/\/www.strickforum.de\/blog\/nicht-hundertprozentig-zufrieden\/","url_meta":{"origin":738,"position":2},"title":"Nicht hundertprozentig zufrieden","author":"Admin","date":"8. September 2013","format":false,"excerpt":"Meine Jacke \u201cPaulie\u201d ist endlich fertig. Das Abketten mit i-cord war meine Freitagabend-Besch\u00e4ftigung, und dann waren noch eine \u00c4rmelnaht zu schlie\u00dfen (ich n\u00e4he gern zusammen, wenn ich ordentliche Randmaschen habe) und ein paar F\u00e4den zu vern\u00e4hen. Nun fehlen noch die Kn\u00f6pfe. Die Anleitung sieht eigentlich vor, nur schmale Streifen in\u2026","rel":"","context":"In &quot;Stricken&quot;","block_context":{"text":"Stricken","link":"https:\/\/www.strickforum.de\/blog\/category\/3\/"},"img":{"alt_text":"","src":"","width":0,"height":0},"classes":[]},{"id":2717,"url":"https:\/\/www.strickforum.de\/blog\/ein-zwischenstand\/","url_meta":{"origin":738,"position":3},"title":"Ein Zwischenstand","author":"Admin","date":"12. Mai 2019","format":false,"excerpt":"(Dieser Beitrag enth\u00e4lt Werbung.) Vergangenen Monat sah ich bei der Wollerey in der Rubrik \"Sale - Abverkauf\" drei leuchtend bunte (gr\u00fcn, orangegelb, tomatenrot) Rest-Str\u00e4nge der Qualit\u00e4t \"Bora\", einer d\u00fcnnen Bouretteseide. Ich wusste bei ihrem Anblick sofort, was daraus werden sollte, n\u00e4mlich ein blockgestreifes Sommertop. Da die vorhandenen knapp 1.200 Meter\u2026","rel":"","context":"In &quot;Stricken&quot;","block_context":{"text":"Stricken","link":"https:\/\/www.strickforum.de\/blog\/category\/3\/"},"img":{"alt_text":"","src":"https:\/\/i0.wp.com\/www.strickforum.de\/blog\/wp-content\/uploads\/2019\/05\/bourette-top.jpg?resize=350%2C200&ssl=1","width":350,"height":200,"srcset":"https:\/\/i0.wp.com\/www.strickforum.de\/blog\/wp-content\/uploads\/2019\/05\/bourette-top.jpg?resize=350%2C200&ssl=1 1x, https:\/\/i0.wp.com\/www.strickforum.de\/blog\/wp-content\/uploads\/2019\/05\/bourette-top.jpg?resize=525%2C300&ssl=1 1.5x, https:\/\/i0.wp.com\/www.strickforum.de\/blog\/wp-content\/uploads\/2019\/05\/bourette-top.jpg?resize=700%2C400&ssl=1 2x"},"classes":[]},{"id":2241,"url":"https:\/\/www.strickforum.de\/blog\/marienkaeferfarben\/","url_meta":{"origin":738,"position":4},"title":"Marienk\u00e4ferfarben","author":"Admin","date":"13. September 2016","format":false,"excerpt":"Noch ist es - zumindest hier in der Region - sommerlich hei\u00df, und warme Strickkleidung braucht man nicht. Aber im September kann es bekanntlich von jetzt auf gleich ziemlich kalt werden, und an einem kalten Morgen nach einer frostigen Nacht freut man sich, wenn ein weicher, warmer Pullover bereit liegt.\u2026","rel":"","context":"In &quot;Stricken&quot;","block_context":{"text":"Stricken","link":"https:\/\/www.strickforum.de\/blog\/category\/3\/"},"img":{"alt_text":"marienkaefer-pullover","src":"https:\/\/i0.wp.com\/www.strickforum.de\/blog\/wp-content\/uploads\/2016\/09\/marienkaefer-pullover-515x600.jpg?resize=350%2C200","width":350,"height":200},"classes":[]},{"id":1920,"url":"https:\/\/www.strickforum.de\/blog\/optimierte-version\/","url_meta":{"origin":738,"position":5},"title":"Optimierte Version","author":"Admin","date":"12. Juni 2015","format":false,"excerpt":"Vor zwei Jahren beteiligte ich mich an dem etwas wahnwitzigen Vorhaben, innerhalb eines Jahres 13 (in Worten: dreizehn) Projekte aus bis dato nicht genutzten Strickb\u00fcchern anzufertigen. Daf\u00fcr gab es auch eigens eine Ravelry-Gruppe, die aber mittlerweile eines nat\u00fcrlichen Todes gestorben ist. Leider wurde ich mit meinen 13 Projekten doch nicht\u2026","rel":"","context":"In &quot;Stricken&quot;","block_context":{"text":"Stricken","link":"https:\/\/www.strickforum.de\/blog\/category\/3\/"},"img":{"alt_text":"","src":"","width":0,"height":0},"classes":[]}],"_links":{"self":[{"href":"https:\/\/www.strickforum.de\/blog\/wp-json\/wp\/v2\/posts\/738","targetHints":{"allow":["GET"]}}],"collection":[{"href":"https:\/\/www.strickforum.de\/blog\/wp-json\/wp\/v2\/posts"}],"about":[{"href":"https:\/\/www.strickforum.de\/blog\/wp-json\/wp\/v2\/types\/post"}],"author":[{"embeddable":true,"href":"https:\/\/www.strickforum.de\/blog\/wp-json\/wp\/v2\/users\/3"}],"replies":[{"embeddable":true,"href":"https:\/\/www.strickforum.de\/blog\/wp-json\/wp\/v2\/comments?post=738"}],"version-history":[{"count":0,"href":"https:\/\/www.strickforum.de\/blog\/wp-json\/wp\/v2\/posts\/738\/revisions"}],"wp:attachment":[{"href":"https:\/\/www.strickforum.de\/blog\/wp-json\/wp\/v2\/media?parent=738"}],"wp:term":[{"taxonomy":"category","embeddable":true,"href":"https:\/\/www.strickforum.de\/blog\/wp-json\/wp\/v2\/categories?post=738"},{"taxonomy":"post_tag","embeddable":true,"href":"https:\/\/www.strickforum.de\/blog\/wp-json\/wp\/v2\/tags?post=738"}],"curies":[{"name":"wp","href":"https:\/\/api.w.org\/{rel}","templated":true}]}}