{"id":770,"date":"2009-08-11T20:29:47","date_gmt":"2009-08-11T18:29:47","guid":{"rendered":"http:\/\/www.strickforum.de\/blog\/?p=770"},"modified":"2009-08-11T20:29:47","modified_gmt":"2009-08-11T18:29:47","slug":"die-verstrickte-dienstagsfrage-woche-33","status":"publish","type":"post","link":"https:\/\/www.strickforum.de\/blog\/die-verstrickte-dienstagsfrage-woche-33\/","title":{"rendered":"Die verstrickte Dienstagsfrage Woche 33"},"content":{"rendered":"<p><b>Das <a href=\"http:\/\/board.stricknetz.net\/blog\/das-wollschaf\/index.php?showentry=5439\">Wollschaf<\/a> fragt:<br \/>\nHabt Ihr schon einmal die Anleitung f\u00fcr ein Kleidungsst\u00fcck (im Gegensatz zu einem Tuch oder Schal, bei dem es auf die Passform nicht ankommt) v\u00f6llig selbst\u00e4ndig berechnet? Hat das Teil dann auch gepasst? Wie zufrieden wart Ihr mit dem Strickergebnis?<br \/>\nHerzlichen Dank an Kerstin (upps, das bin ich) f\u00fcr die heutige Frage!<\/b><\/p>\n<p>Schnitte berechne ich fast so lange, wie ich auch stricke. Ich lernte es zwangsl\u00e4ufig, weil ich mir die Originalgarne, die f\u00fcr viele sch\u00f6ne Modelle vorgesehen waren, h\u00e4ufig nicht leisten konnte. Oft war auch das Originalgarn nicht in meiner Wunschfarbe erh\u00e4ltlich, so dass ich mir eine Alternative suchen musste. Oder ich sah Garne, die mir gut gefielen, und \u00fcberlegte, was ich daraus machen k\u00f6nnte.<br \/>\nAls ich vor \u00fcber 25 Jahren so richtig mit dem Stricken anfing, waren die meisten Schnitte simpel, und es war leicht, etwas Passendes selbst zu berechnen. Auf diese Weise sammelte ich Erfahrung, die mir nach mehr als 600 selbstgestrickten Pullovern, Jacken, R\u00f6cken und Kleidern (Kleinteile nicht mitgerechnet) bei der jetzigen k\u00f6rpernahen Mode mit raffinierteren Schnitten zugute kommt. Nat\u00fcrlich hatte und habe ich gelegentlich Misserfolge, weil ich den Schnitt, das Gestrick oder die Kombination aus beidem falsch einsch\u00e4tzte, aber die weitaus meisten meiner Stricksachen passen sehr gut. Ganz wichtig ist, sich Notizen zu machen und Passformfehler zu analysieren, damit man draus lernt und es beim n\u00e4chsten Mal besser machen kann.<\/p>\n","protected":false},"excerpt":{"rendered":"<p>Das Wollschaf fragt: Habt Ihr schon einmal die Anleitung f\u00fcr ein Kleidungsst\u00fcck (im Gegensatz zu einem Tuch oder Schal, bei dem es auf die Passform nicht ankommt) v\u00f6llig selbst\u00e4ndig berechnet? Hat das Teil dann auch gepasst? Wie zufrieden wart Ihr mit dem Strickergebnis? Herzlichen Dank an Kerstin (upps, das bin ich) f\u00fcr die heutige Frage! &hellip; <a href=\"https:\/\/www.strickforum.de\/blog\/die-verstrickte-dienstagsfrage-woche-33\/\" class=\"more-link\"><span class=\"screen-reader-text\">\u201eDie verstrickte Dienstagsfrage Woche 33\u201c <\/span>weiterlesen<\/a><\/p>\n","protected":false},"author":3,"featured_media":0,"comment_status":"open","ping_status":"open","sticky":false,"template":"","format":"standard","meta":{"_seopress_robots_primary_cat":"","_seopress_titles_title":"","_seopress_titles_desc":"","_seopress_robots_index":"","_crdt_document":"","jetpack_post_was_ever_published":false,"_jetpack_newsletter_access":"","_jetpack_dont_email_post_to_subs":false,"_jetpack_newsletter_tier_id":0,"_jetpack_memberships_contains_paywalled_content":false,"_jetpack_memberships_contains_paid_content":false,"footnotes":"","jetpack_publicize_message":"","jetpack_publicize_feature_enabled":true,"jetpack_social_post_already_shared":false,"jetpack_social_options":{"image_generator_settings":{"template":"highway","default_image_id":0,"font":"","enabled":false},"version":2}},"categories":[6],"tags":[],"class_list":["post-770","post","type-post","status-publish","format-standard","hentry","category-6"],"jetpack_publicize_connections":[],"jetpack_featured_media_url":"","jetpack_sharing_enabled":true,"jetpack_shortlink":"https:\/\/wp.me\/p7JbSI-cq","jetpack-related-posts":[{"id":1269,"url":"https:\/\/www.strickforum.de\/blog\/die-verstrickte-dienstagsfrage-462011\/","url_meta":{"origin":770,"position":0},"title":"Die verstrickte Dienstagsfrage 46\/2011","author":"Admin","date":"15. November 2011","format":false,"excerpt":"Das Wollschaf m\u00f6chte wissen: Wie lange strickt ihr denn schon? Habt ihr erst vor kurzem angefangen, strickt ihr schon ein paar Jaehrchen, oder sogar schon Jahrzehnte? Wer (oder was) hat euch zum Stricken gebracht? Und wo habt ihr es gelernt? Hattet ihr einen \u201cStrick-Hiatus\u201d, d.h. habt ihr fuer ein paar\u2026","rel":"","context":"In &quot;Stricken&quot;","block_context":{"text":"Stricken","link":"https:\/\/www.strickforum.de\/blog\/category\/3\/"},"img":{"alt_text":"","src":"","width":0,"height":0},"classes":[]},{"id":1547,"url":"https:\/\/www.strickforum.de\/blog\/maschinegestricktes-aus-der-sabrina\/","url_meta":{"origin":770,"position":1},"title":"Maschinegestricktes aus der &#8220;Sabrina&#8221;","author":"Admin","date":"12. April 2013","format":false,"excerpt":"Es wird ja vor allem in intellektuell angehauchten Strick-Kreisen gern \u00fcber die \u201cSabrina\u201d gel\u00e4stert. Manche finden sie trutschig, manche sagen dazu uninspiriert, manche meinen, langweilig sei der richtige Ausdruck. Ich finde sie eigentlich gar nicht so schlimm. Viele Modelle stehen den angeblich so genialen US-amerikanischen Sch\u00f6pfungen kaum nach, haben aber\u2026","rel":"","context":"In &quot;Stricken&quot;","block_context":{"text":"Stricken","link":"https:\/\/www.strickforum.de\/blog\/category\/3\/"},"img":{"alt_text":"","src":"","width":0,"height":0},"classes":[]},{"id":229,"url":"https:\/\/www.strickforum.de\/blog\/da-ist-er\/","url_meta":{"origin":770,"position":2},"title":"Da ist er","author":"Admin","date":"24. M\u00e4rz 2007","format":false,"excerpt":"Fertig gestrickt, zusammengen\u00e4ht, gewaschen und bereits getragen ist meine Interpretation des Modells 9 aus dem Sabrina-Februarheft. Anstelle des Originalgarns (Austermann \u201cBambou Soft\u201d) nahm ich Noro Cash Iroha. Die Leibteile sind von Hand gestrickt, die \u00c4rmel auf dem Grobstricker. In meiner Version habe sie eine richtige Armkugel und sind auch etwas\u2026","rel":"","context":"In &quot;Stricken&quot;","block_context":{"text":"Stricken","link":"https:\/\/www.strickforum.de\/blog\/category\/3\/"},"img":{"alt_text":"Sabrina Februar 2007, Modell 9, fertig","src":"https:\/\/i0.wp.com\/www.strickforum.de\/blog\/media\/1\/20070324-sabrina_0702_09_fertig.jpg?resize=350%2C200","width":350,"height":200},"classes":[]},{"id":909,"url":"https:\/\/www.strickforum.de\/blog\/es-kann-losgehen-off-we-go\/","url_meta":{"origin":770,"position":3},"title":"Es kann losgehen &#8211; Off we go!","author":"Admin","date":"17. M\u00e4rz 2010","format":false,"excerpt":"Die Wolle f\u00fcr \u201cVivian\u201d, zweite Auflage, ist angekommen, 1 kg Qualit\u00e4t \u201cChamp\u201d von Online in Farbe 06, das ist ein helles, ged\u00e4mpftes Lindgr\u00fcn (oder warmes Khaki). Ich habe es bei Martina Schimbach gekauft und bin erfreut \u00fcber die z\u00fcgige Lieferung. Mit meiner ersten \u201cVivian\u201d aus dem Originalgarn, einer Seide-Wollmischung, war\u2026","rel":"","context":"In &quot;Stricken&quot;","block_context":{"text":"Stricken","link":"https:\/\/www.strickforum.de\/blog\/category\/3\/"},"img":{"alt_text":"Online Champ Farbe\/colour 06","src":"https:\/\/i0.wp.com\/www.strickforum.de\/blog\/media\/1\/20100317-online-champ-06.jpg?resize=350%2C200","width":350,"height":200},"classes":[]},{"id":831,"url":"https:\/\/www.strickforum.de\/blog\/manchmal-muss-es-schnell-gehen-sometimes-were-in-a-hurry\/","url_meta":{"origin":770,"position":4},"title":"Manchmal muss es schnell gehen &#8211; Sometimes we&#8217;re in a hurry","author":"Admin","date":"11. November 2009","format":false,"excerpt":"Vor einer Woche hatte ich ja Wolle gekauft. Am selben Tag begann ich mit dem Stricken, dann kamen zwei Tage Pause, weil ich keine Zeit hatte, aber am Sonntagabend wurde er fertig: Modell 7 aus der Winter-\u201cVerena\u201d. Ich habe nicht das Originalgarn verwendet, weil ich es nicht auftreiben konnte und\u2026","rel":"","context":"In &quot;Stricken&quot;","block_context":{"text":"Stricken","link":"https:\/\/www.strickforum.de\/blog\/category\/3\/"},"img":{"alt_text":"Modell 7, Verena Winter 2009","src":"https:\/\/i0.wp.com\/www.strickforum.de\/blog\/media\/1\/20091111-verena_modell07.jpg?resize=350%2C200","width":350,"height":200},"classes":[]},{"id":871,"url":"https:\/\/www.strickforum.de\/blog\/die-verstrickte-dienstagsfrage-012010\/","url_meta":{"origin":770,"position":5},"title":"Die verstrickte Dienstagsfrage 01\/2010","author":"Admin","date":"5. Januar 2010","format":false,"excerpt":"Das Wollschaf fragt: Nach welchen Gesichtspunkten w\u00e4hlst du die Farben beim Wollkauf? Kaufst du ausschlie\u00dflich deine Lieblingsfarben? Suchst du die Farben passend nach den Farben deiner \u00fcbrigen Kleidung aus? Kaufst du das Garn, weil dich die Farbe oder Farbkombination \u201canspringt\u201d, unabh\u00e4ngig davon, ob sie dir steht? Kaufst du Garn in\u2026","rel":"","context":"In &quot;Stricken&quot;","block_context":{"text":"Stricken","link":"https:\/\/www.strickforum.de\/blog\/category\/3\/"},"img":{"alt_text":"","src":"","width":0,"height":0},"classes":[]}],"_links":{"self":[{"href":"https:\/\/www.strickforum.de\/blog\/wp-json\/wp\/v2\/posts\/770","targetHints":{"allow":["GET"]}}],"collection":[{"href":"https:\/\/www.strickforum.de\/blog\/wp-json\/wp\/v2\/posts"}],"about":[{"href":"https:\/\/www.strickforum.de\/blog\/wp-json\/wp\/v2\/types\/post"}],"author":[{"embeddable":true,"href":"https:\/\/www.strickforum.de\/blog\/wp-json\/wp\/v2\/users\/3"}],"replies":[{"embeddable":true,"href":"https:\/\/www.strickforum.de\/blog\/wp-json\/wp\/v2\/comments?post=770"}],"version-history":[{"count":0,"href":"https:\/\/www.strickforum.de\/blog\/wp-json\/wp\/v2\/posts\/770\/revisions"}],"wp:attachment":[{"href":"https:\/\/www.strickforum.de\/blog\/wp-json\/wp\/v2\/media?parent=770"}],"wp:term":[{"taxonomy":"category","embeddable":true,"href":"https:\/\/www.strickforum.de\/blog\/wp-json\/wp\/v2\/categories?post=770"},{"taxonomy":"post_tag","embeddable":true,"href":"https:\/\/www.strickforum.de\/blog\/wp-json\/wp\/v2\/tags?post=770"}],"curies":[{"name":"wp","href":"https:\/\/api.w.org\/{rel}","templated":true}]}}