{"id":773,"date":"2009-08-15T18:06:25","date_gmt":"2009-08-15T16:06:25","guid":{"rendered":"http:\/\/www.strickforum.de\/blog\/?p=773"},"modified":"2009-08-15T18:06:25","modified_gmt":"2009-08-15T16:06:25","slug":"die-spaghetti-sind-serviert-pasta-is-served","status":"publish","type":"post","link":"https:\/\/www.strickforum.de\/blog\/die-spaghetti-sind-serviert-pasta-is-served\/","title":{"rendered":"Die Spaghetti sind serviert &#8211; Pasta is served"},"content":{"rendered":"<p>Das Ann\u00e4hen der letzten Bl\u00fcmchen ging flott, und das Zusammenn\u00e4hen der Kordeln war ebenfalls schneller erledigt als gedacht. Sechs kleine N\u00e4htchen erfordern nicht viel Zeit.<br \/>\nJetzt ist der Spaghetti-Schal also fertig und wird demn\u00e4chst an seine zuk\u00fcnftige Besitzerin versandt, ein M\u00e4dchen, das in diesem Herbst in die Schule kommt. Die Wahrscheinlichkeit, dass eine ihrer Klassenkameradinnen einen \u00e4hnlichen Schal hat, d\u00fcrfte gegen Null tendieren.<\/p>\n<p><img data-recalc-dims=\"1\" src=\"https:\/\/i0.wp.com\/www.strickforum.de\/blog\/media\/1\/20090815-spaghetti-scarf.jpg?resize=400%2C647\" width=\"400\"  height=\"647\"  alt='Spaghetti Scarf'  \/><\/p>\n<p>Sewing on the last little flowers went fast, and sewing together the i-cords was also quicker done than anticipated. Six little seams don&#8217;t take much time.<br \/>\nNow the spaghetti scarf is finished and will soon be sent to its future owner, a little girl starting school this autumn. The probability that one of her classmates owns a similar scarf should be next to nil.<\/p>\n","protected":false},"excerpt":{"rendered":"<p>Das Ann\u00e4hen der letzten Bl\u00fcmchen ging flott, und das Zusammenn\u00e4hen der Kordeln war ebenfalls schneller erledigt als gedacht. Sechs kleine N\u00e4htchen erfordern nicht viel Zeit. Jetzt ist der Spaghetti-Schal also fertig und wird demn\u00e4chst an seine zuk\u00fcnftige Besitzerin versandt, ein M\u00e4dchen, das in diesem Herbst in die Schule kommt. Die Wahrscheinlichkeit, dass eine ihrer Klassenkameradinnen &hellip; <a href=\"https:\/\/www.strickforum.de\/blog\/die-spaghetti-sind-serviert-pasta-is-served\/\" class=\"more-link\"><span class=\"screen-reader-text\">\u201eDie Spaghetti sind serviert &#8211; Pasta is served\u201c <\/span>weiterlesen<\/a><\/p>\n","protected":false},"author":3,"featured_media":0,"comment_status":"open","ping_status":"open","sticky":false,"template":"","format":"standard","meta":{"_seopress_robots_primary_cat":"","_seopress_titles_title":"","_seopress_titles_desc":"","_seopress_robots_index":"","_crdt_document":"","jetpack_post_was_ever_published":false,"_jetpack_newsletter_access":"","_jetpack_dont_email_post_to_subs":false,"_jetpack_newsletter_tier_id":0,"_jetpack_memberships_contains_paywalled_content":false,"_jetpack_memberships_contains_paid_content":false,"footnotes":"","jetpack_publicize_message":"","jetpack_publicize_feature_enabled":true,"jetpack_social_post_already_shared":false,"jetpack_social_options":{"image_generator_settings":{"template":"highway","default_image_id":0,"font":"","enabled":false},"version":2}},"categories":[6],"tags":[],"class_list":["post-773","post","type-post","status-publish","format-standard","hentry","category-6"],"jetpack_publicize_connections":[],"jetpack_featured_media_url":"","jetpack_sharing_enabled":true,"jetpack_shortlink":"https:\/\/wp.me\/p7JbSI-ct","jetpack-related-posts":[{"id":772,"url":"https:\/\/www.strickforum.de\/blog\/spaghetti-blumchen-spaghetti-flowers\/","url_meta":{"origin":773,"position":0},"title":"Spaghetti-Bl\u00fcmchen &#8211; Spaghetti flowers","author":"Admin","date":"14. August 2009","format":false,"excerpt":"Dies ist die Deko f\u00fcr den Spaghetti-Schal, den ich erstmals in Tamminas Blog und dann noch mehrfach bei Ravelry gefunden habe. Die eigentlichen Spaghetti-Schn\u00fcre sind schon fertig. Bei mir sind es allerdings eher Makkaroni, weil ich sie breiter gestrickt habe. Und ja, ich habe nat\u00fcrlich die Strickmaschine verwendet, denn auch\u2026","rel":"","context":"In &quot;Stricken&quot;","block_context":{"text":"Stricken","link":"https:\/\/www.strickforum.de\/blog\/category\/3\/"},"img":{"alt_text":"Strick-Bl\u00fcmchen - knitted flowers","src":"https:\/\/i0.wp.com\/www.strickforum.de\/blog\/media\/1\/20090814-bluemchen.jpg?resize=350%2C200","width":350,"height":200},"classes":[]},{"id":648,"url":"https:\/\/www.strickforum.de\/blog\/leaf-scarf\/","url_meta":{"origin":773,"position":1},"title":"Leaf Scarf","author":"Admin","date":"19. Februar 2009","format":false,"excerpt":"Dieser lustige kleine Schal ist eine Variante des \u201cAngora Leaf Scarf\u201d aus Lise-Lotte Lystrups Buch \u201cVintage Knitwear for Modern Knitters\u201d. Er fiel mir sofort ins Auge, als ich das Buch zum ersten Mal durchbl\u00e4tterte, und nun habe ich ihn nachgestrickt, allerdings nicht aus Angora, sondern zu Testzwecken aus einem uralten\u2026","rel":"","context":"In &quot;Stricken&quot;","block_context":{"text":"Stricken","link":"https:\/\/www.strickforum.de\/blog\/category\/3\/"},"img":{"alt_text":"Lise-Lotte Lystrup","src":"https:\/\/i0.wp.com\/www.strickforum.de\/blog\/media\/1\/20090219-leafscarf.jpg?resize=350%2C200","width":350,"height":200},"classes":[]},{"id":750,"url":"https:\/\/www.strickforum.de\/blog\/blumchen-little-flowers\/","url_meta":{"origin":773,"position":2},"title":"Bl\u00fcmchen &#8211; Little flowers","author":"Admin","date":"12. Juli 2009","format":false,"excerpt":"Bevor irgend jemand meint, dass ich wom\u00f6glich gar nichts mehr stricke, hier der Beweis des Gegenteils: Ein t\u00fcrkisfarbener M\u00e4dchenpullover mit Bl\u00fcmchen in Pink. Ich hoffe, er gef\u00e4llt der jungen Dame, f\u00fcr die er bestimmt ist. Mehr dar\u00fcber k\u00f6nnt Ihr hier nachlesen.","rel":"","context":"In &quot;Stricken&quot;","block_context":{"text":"Stricken","link":"https:\/\/www.strickforum.de\/blog\/category\/3\/"},"img":{"alt_text":"M\u00e4dchenpullover t\u00fcrkis-pink - Girl","src":"https:\/\/i0.wp.com\/www.strickforum.de\/blog\/media\/1\/20090712-tuerkis_pink.jpg?resize=350%2C200","width":350,"height":200},"classes":[]},{"id":1113,"url":"https:\/\/www.strickforum.de\/blog\/der-schal-ist-fertig-the-scarf-is-finished\/","url_meta":{"origin":773,"position":3},"title":"Der Schal ist fertig &#8211; The scarf is finished","author":"Admin","date":"31. Januar 2011","format":false,"excerpt":"Ich wei\u00df gar nicht mehr, wann ich mit \u201cUrbana\u201d (der kleineren Version) von Stephen West angefangen habe, es muss ungef\u00e4hr zwei bis drei Wochen zur\u00fcckliegen. Der Schal war mein Mitnahme-Projekt, weil er einfach zu stricken ist (die Anleitung braucht man nur bei wenigen kritischen Punkten zu konsultieren) und mit 150\u2026","rel":"","context":"In &quot;Stricken&quot;","block_context":{"text":"Stricken","link":"https:\/\/www.strickforum.de\/blog\/category\/3\/"},"img":{"alt_text":"Urbana Schal\/scarf","src":"https:\/\/i0.wp.com\/www.strickforum.de\/blog\/media\/1\/20110131-urbana_phildar.jpg?resize=350%2C200","width":350,"height":200},"classes":[]},{"id":646,"url":"https:\/\/www.strickforum.de\/blog\/meine-kleine-buchkritik-my-little-book-review-pam-turbett-the-techniques-of-cut-and-sew\/","url_meta":{"origin":773,"position":4},"title":"Meine kleine Buchkritik &#8211; My little book review: Pam Turbett, The Techniques of Cut and Sew","author":"Admin","date":"14. Februar 2009","format":false,"excerpt":"Paperback, erschienen 1988 bei B.T. Batsford Ltd., London, ISBN 0-7134-6674-X, 116 Seiten, 8 Farbtafeln, viele Schwarzwei\u00dffotos und Zeichnungen. In diesem Buch wird das eigentliche Stricken mit Maschine nicht erw\u00e4hnt, hier geht es ausschlie\u00dflich um die Weiterverarbeitung selbstgestrickter \u201cStoffe\u201d. Es ist eigentlich ein Folgeband zu Turbetts erstem Buch \u201cCut & Sew:\u2026","rel":"","context":"In &quot;Buchkritiken&quot;","block_context":{"text":"Buchkritiken","link":"https:\/\/www.strickforum.de\/blog\/category\/8\/"},"img":{"alt_text":"Pam Turbett, the techniques of cut and sew","src":"https:\/\/i0.wp.com\/www.strickforum.de\/blog\/media\/1\/20090214-turbett_1.jpg?resize=350%2C200","width":350,"height":200},"classes":[]},{"id":179,"url":"https:\/\/www.strickforum.de\/blog\/wie-lange-braucht-man-um-einen-schal-zu-stricken\/","url_meta":{"origin":773,"position":5},"title":"Wie lange braucht man, um einen Schal zu stricken?","author":"Admin","date":"6. August 2006","format":false,"excerpt":"Das wollte k\u00fcrzlich jemand wissen und hat unsere liebste Suchmaschine befragt. Die schickte den\/die Fragesteller(in) auf diese Website, die Du gerade liest. Nun, hier ist die genaue Antwort auf diese spannende Frage leider auch nicht zu finden, denn wie bei einer Matheaufgabe ist die ben\u00f6tigte Zeit abh\u00e4ngig von verschiedenen Variablen,\u2026","rel":"","context":"In &quot;Stricken&quot;","block_context":{"text":"Stricken","link":"https:\/\/www.strickforum.de\/blog\/category\/3\/"},"img":{"alt_text":"","src":"","width":0,"height":0},"classes":[]}],"_links":{"self":[{"href":"https:\/\/www.strickforum.de\/blog\/wp-json\/wp\/v2\/posts\/773","targetHints":{"allow":["GET"]}}],"collection":[{"href":"https:\/\/www.strickforum.de\/blog\/wp-json\/wp\/v2\/posts"}],"about":[{"href":"https:\/\/www.strickforum.de\/blog\/wp-json\/wp\/v2\/types\/post"}],"author":[{"embeddable":true,"href":"https:\/\/www.strickforum.de\/blog\/wp-json\/wp\/v2\/users\/3"}],"replies":[{"embeddable":true,"href":"https:\/\/www.strickforum.de\/blog\/wp-json\/wp\/v2\/comments?post=773"}],"version-history":[{"count":0,"href":"https:\/\/www.strickforum.de\/blog\/wp-json\/wp\/v2\/posts\/773\/revisions"}],"wp:attachment":[{"href":"https:\/\/www.strickforum.de\/blog\/wp-json\/wp\/v2\/media?parent=773"}],"wp:term":[{"taxonomy":"category","embeddable":true,"href":"https:\/\/www.strickforum.de\/blog\/wp-json\/wp\/v2\/categories?post=773"},{"taxonomy":"post_tag","embeddable":true,"href":"https:\/\/www.strickforum.de\/blog\/wp-json\/wp\/v2\/tags?post=773"}],"curies":[{"name":"wp","href":"https:\/\/api.w.org\/{rel}","templated":true}]}}