{"id":777,"date":"2009-08-18T19:35:34","date_gmt":"2009-08-18T17:35:34","guid":{"rendered":"http:\/\/www.strickforum.de\/blog\/?p=777"},"modified":"2009-08-18T19:35:34","modified_gmt":"2009-08-18T17:35:34","slug":"die-verstrickte-dienstagsfrage-342009","status":"publish","type":"post","link":"https:\/\/www.strickforum.de\/blog\/die-verstrickte-dienstagsfrage-342009\/","title":{"rendered":"Die verstrickte Dienstagsfrage 34\/2009"},"content":{"rendered":"<p><b>Das <a href=\"http:\/\/board.stricknetz.net\/blog\/das-wollschaf\/index.php?showentry=5440\" target=\"_blank\">Wollschaf<\/a> fragt:<br \/>\nWelche maximale Zahl an angefangenen Projekten hattet Ihr je oder habt Ihr derzeit in Arbeit? Ab welcher Anzahl Projekte f\u00fchlt Ihr Euch dabei unbehaglich?<br \/>\nHerzlichen Dank an Kerstin (das bin wieder mal ich) f\u00fcr die heutige Frage!<\/b><br \/>\nIch wei\u00df nicht, was die Maximalzahl war, die ich mal in Arbeit hatte. Es waren sicher nicht mehr als sechs Projekte. Das d\u00fcrfte auch die Menge sein, ab der ich mich nicht mehr wohl f\u00fchle. Meine Fortschritte sind dann zu klein, um mir noch das Gef\u00fchl des Vorankommens zu geben. Au\u00dferdem blicke ich dann nicht mehr wirklich durch, wei\u00df nicht mehr, wo genau ich bei welchem Projekt stecke und werde unsicher. Ab dann ist die Gefahr sehr gro\u00df, dass aus einem Projekt ein UFO wird. Und das w\u00e4re schade.<br \/>\nDerzeit habe ich drei &#8220;echte&#8221; Projekte: die &#8220;Pliss\u00e9&#8221;-Jacke von Lene Holme Sams\u00f8e (R\u00fcckenteil und rechtes Vorderteil sind fertig), ein Baby Surprise Jacket, bei dem nur noch die Kn\u00f6pfe angen\u00e4ht werden m\u00fcssen und ein Pulli aus Garnresten, der bisher nur in meinem Kopf existiert und noch des Feintunings bedarf. Nicht vergessen sollte ich jedoch zwei UFOs, die seit geraumer Zeit herumliegen, ohne auch nur eine Masche Fortschritt gesehen zu haben: Eine Version von &#8220;Eloise&#8221;, bei der ich nicht mehr wei\u00df, wie ich die Vorderteilabnahmen stricken muss, weil das bei Noro &#8220;Blossom&#8221; einfach nicht ausz\u00e4hlbar ist, und eine uralte Zopfmusterjacke aus Fischer Merinowolle mit Seide, die ich ganz sicher wieder aufribbeln werde. <\/p>\n","protected":false},"excerpt":{"rendered":"<p>Das Wollschaf fragt: Welche maximale Zahl an angefangenen Projekten hattet Ihr je oder habt Ihr derzeit in Arbeit? Ab welcher Anzahl Projekte f\u00fchlt Ihr Euch dabei unbehaglich? Herzlichen Dank an Kerstin (das bin wieder mal ich) f\u00fcr die heutige Frage! Ich wei\u00df nicht, was die Maximalzahl war, die ich mal in Arbeit hatte. Es waren &hellip; <a href=\"https:\/\/www.strickforum.de\/blog\/die-verstrickte-dienstagsfrage-342009\/\" class=\"more-link\"><span class=\"screen-reader-text\">\u201eDie verstrickte Dienstagsfrage 34\/2009\u201c <\/span>weiterlesen<\/a><\/p>\n","protected":false},"author":3,"featured_media":0,"comment_status":"open","ping_status":"open","sticky":false,"template":"","format":"standard","meta":{"_seopress_robots_primary_cat":"","_seopress_titles_title":"","_seopress_titles_desc":"","_seopress_robots_index":"","_crdt_document":"","jetpack_post_was_ever_published":false,"_jetpack_newsletter_access":"","_jetpack_dont_email_post_to_subs":false,"_jetpack_newsletter_tier_id":0,"_jetpack_memberships_contains_paywalled_content":false,"_jetpack_memberships_contains_paid_content":false,"footnotes":"","jetpack_publicize_message":"","jetpack_publicize_feature_enabled":true,"jetpack_social_post_already_shared":false,"jetpack_social_options":{"image_generator_settings":{"template":"highway","default_image_id":0,"font":"","enabled":false},"version":2}},"categories":[6],"tags":[],"class_list":["post-777","post","type-post","status-publish","format-standard","hentry","category-6"],"jetpack_publicize_connections":[],"jetpack_featured_media_url":"","jetpack_sharing_enabled":true,"jetpack_shortlink":"https:\/\/wp.me\/p7JbSI-cx","jetpack-related-posts":[{"id":1103,"url":"https:\/\/www.strickforum.de\/blog\/die-verstrickte-dienstagsfrage-22011\/","url_meta":{"origin":777,"position":0},"title":"Die verstrickte Dienstagsfrage 2\/2011","author":"Admin","date":"11. Januar 2011","format":false,"excerpt":"Das Wollschaf fragt diese Woche: Gehoert ihr zu den StrickerInnen, die immer nur an einem Projekt arbeiten, oder liegen mehrere angestrickte Projekte in eurem Strickkorb\/eurer Stricktasche\/eurer Strickkiste? Wenn ja, woran liegt das? Weil ihr der Wolle nicht widerstehen konntet, oder Abwechslung braucht beim Stricken? Und was sind das gerade fuer\u2026","rel":"","context":"In &quot;Stricken&quot;","block_context":{"text":"Stricken","link":"https:\/\/www.strickforum.de\/blog\/category\/3\/"},"img":{"alt_text":"","src":"","width":0,"height":0},"classes":[]},{"id":1989,"url":"https:\/\/www.strickforum.de\/blog\/die-projekt-pyramide\/","url_meta":{"origin":777,"position":1},"title":"Die Projekt-Pyramide","author":"Admin","date":"27. April 2016","format":false,"excerpt":"Vergangenen Freitag zeigte eine meiner Arbeitskolleginnen uns anderen, an was sie gerade in ihrer Freizeit werkelte: Tetraederf\u00f6rmige T\u00e4schchen, etwa 10 cm hoch, mit Rei\u00dfverschluss, gedacht zur Aufbewahrung von Schnullern. Die Tagesmutter ihres j\u00fcngsten Kindes hatte mehrere gen\u00e4hte Schnullert\u00e4schchen bestellt, damit jedes betreute Kind ein eigenes, von den anderen gut unterscheidbares\u2026","rel":"","context":"In &quot;N\u00e4hen&quot;","block_context":{"text":"N\u00e4hen","link":"https:\/\/www.strickforum.de\/blog\/category\/5\/"},"img":{"alt_text":"","src":"","width":0,"height":0},"classes":[]},{"id":1080,"url":"https:\/\/www.strickforum.de\/blog\/die-verstrickte-dienstagsfrage-512010\/","url_meta":{"origin":777,"position":2},"title":"Die verstrickte Dienstagsfrage 51\/2010","author":"Admin","date":"21. Dezember 2010","format":false,"excerpt":"Das Wollschaf fragt heute: Wo und wann strickt ihr? Begleitet euch das Strickzeug ueberall hin? Strickt ihr schon morgens auf dem Weg zur Arbeit, oder nur abends, z.B. zuhause auf dem Sofa vor dem Fernseher? Habt ihr spezielle Projekte fuer die verschiedenen \u201cStrickzeiten\u201d und \u201cStrickplaetze\u201d? Vielen Dank an Connie f\u00fcr\u2026","rel":"","context":"In &quot;Stricken&quot;","block_context":{"text":"Stricken","link":"https:\/\/www.strickforum.de\/blog\/category\/3\/"},"img":{"alt_text":"","src":"","width":0,"height":0},"classes":[]},{"id":3497,"url":"https:\/\/www.strickforum.de\/blog\/das-war-nix\/","url_meta":{"origin":777,"position":3},"title":"Das war nix","author":"Admin","date":"23. November 2022","format":false,"excerpt":"Gelegentlich bin ich spontan und beginne ein neues Strickprojekt ohne gro\u00dfes Nachdenken. Das geschah, als ich vor einiger Zeit auf der Hobbii-Website \u00fcber die kostenlose Anleitung \"Clara\" f\u00fcr einen Zopfmusterpullover stolperte. Eigentlich gefiel mir das dort gezeigte Modell nicht besonders. Die Stickerei finde ich scheu\u00dflich, der Pullover w\u00e4re mir viel\u2026","rel":"","context":"In &quot;Stricken&quot;","block_context":{"text":"Stricken","link":"https:\/\/www.strickforum.de\/blog\/category\/3\/"},"img":{"alt_text":"","src":"https:\/\/i0.wp.com\/www.strickforum.de\/blog\/wp-content\/uploads\/2022\/11\/pullover-clara.jpg?resize=350%2C200&ssl=1","width":350,"height":200,"srcset":"https:\/\/i0.wp.com\/www.strickforum.de\/blog\/wp-content\/uploads\/2022\/11\/pullover-clara.jpg?resize=350%2C200&ssl=1 1x, https:\/\/i0.wp.com\/www.strickforum.de\/blog\/wp-content\/uploads\/2022\/11\/pullover-clara.jpg?resize=525%2C300&ssl=1 1.5x, https:\/\/i0.wp.com\/www.strickforum.de\/blog\/wp-content\/uploads\/2022\/11\/pullover-clara.jpg?resize=700%2C400&ssl=1 2x, https:\/\/i0.wp.com\/www.strickforum.de\/blog\/wp-content\/uploads\/2022\/11\/pullover-clara.jpg?resize=1050%2C600&ssl=1 3x, https:\/\/i0.wp.com\/www.strickforum.de\/blog\/wp-content\/uploads\/2022\/11\/pullover-clara.jpg?resize=1400%2C800&ssl=1 4x"},"classes":[]},{"id":1442,"url":"https:\/\/www.strickforum.de\/blog\/die-verstrickte-dienstagsfrage-412012\/","url_meta":{"origin":777,"position":4},"title":"Die verstrickte Dienstagsfrage 41\/2012","author":"Admin","date":"9. Oktober 2012","format":false,"excerpt":"Diese Woche hat das Wollschaf eine Frage von mir ausgew\u00e4hlt: Ich lese immer wieder von Restedecken, Monstersocken und \u00e4hnlichem. Manche Strickerinnen schaffen es anscheinend, auch den letzten Meter Garn noch irgendwie sinnvoll zu verwerten. Wie weit gehst Du da? Welche Mengen verarbeitest Du noch zu irgendetwas? Ab wann (wieviel Gramm,\u2026","rel":"","context":"In &quot;Stricken&quot;","block_context":{"text":"Stricken","link":"https:\/\/www.strickforum.de\/blog\/category\/3\/"},"img":{"alt_text":"","src":"","width":0,"height":0},"classes":[]},{"id":931,"url":"https:\/\/www.strickforum.de\/blog\/die-verstrickte-dienstagsfrage-152010\/","url_meta":{"origin":777,"position":5},"title":"Die verstrickte Dienstagsfrage 15\/2010","author":"Admin","date":"13. April 2010","format":false,"excerpt":"Das Wollschaf hat diesmal eine Frage von mir: Welches ist das \u00e4lteste Garn, das Ihr unverstrickt zuhause liegen habt? M\u00f6gt Ihr es mal zeigen? Wisst Ihr noch, wann, wo und f\u00fcr welches Projekt Ihr es mal gekauft habt? H\u00fcstel. Soweit ich es ermitteln kann, ist das \u00e4lteste Garn meines Vorrats\u2026","rel":"","context":"In &quot;Stricken&quot;","block_context":{"text":"Stricken","link":"https:\/\/www.strickforum.de\/blog\/category\/3\/"},"img":{"alt_text":"Angora Princess, zwanzig Jahre alt","src":"https:\/\/i0.wp.com\/www.strickforum.de\/blog\/media\/1\/20100413-angora_antik.jpg?resize=350%2C200","width":350,"height":200},"classes":[]}],"_links":{"self":[{"href":"https:\/\/www.strickforum.de\/blog\/wp-json\/wp\/v2\/posts\/777","targetHints":{"allow":["GET"]}}],"collection":[{"href":"https:\/\/www.strickforum.de\/blog\/wp-json\/wp\/v2\/posts"}],"about":[{"href":"https:\/\/www.strickforum.de\/blog\/wp-json\/wp\/v2\/types\/post"}],"author":[{"embeddable":true,"href":"https:\/\/www.strickforum.de\/blog\/wp-json\/wp\/v2\/users\/3"}],"replies":[{"embeddable":true,"href":"https:\/\/www.strickforum.de\/blog\/wp-json\/wp\/v2\/comments?post=777"}],"version-history":[{"count":0,"href":"https:\/\/www.strickforum.de\/blog\/wp-json\/wp\/v2\/posts\/777\/revisions"}],"wp:attachment":[{"href":"https:\/\/www.strickforum.de\/blog\/wp-json\/wp\/v2\/media?parent=777"}],"wp:term":[{"taxonomy":"category","embeddable":true,"href":"https:\/\/www.strickforum.de\/blog\/wp-json\/wp\/v2\/categories?post=777"},{"taxonomy":"post_tag","embeddable":true,"href":"https:\/\/www.strickforum.de\/blog\/wp-json\/wp\/v2\/tags?post=777"}],"curies":[{"name":"wp","href":"https:\/\/api.w.org\/{rel}","templated":true}]}}