{"id":782,"date":"2009-09-01T22:31:01","date_gmt":"2009-09-01T20:31:01","guid":{"rendered":"http:\/\/www.strickforum.de\/blog\/?p=782"},"modified":"2009-09-01T22:31:01","modified_gmt":"2009-09-01T20:31:01","slug":"die-verstrickte-dienstagsfrage-362009","status":"publish","type":"post","link":"https:\/\/www.strickforum.de\/blog\/die-verstrickte-dienstagsfrage-362009\/","title":{"rendered":"Die verstrickte Dienstagsfrage 36\/2009"},"content":{"rendered":"<p><b>Das <a href=\"http:\/\/board.stricknetz.net\/blog\/das-wollschaf\/index.php?showentry=5675\" target=\"_blank\">Wollschaf<\/a> fragt:<br \/>\nwas machen eigentlich all die StrickerInnen mit gestrickten Oberteilen, die ihnen direkt nach ihrer Vollendung doch nicht (mehr) gefallen &#8211; aufribbeln, verschenken, in die hinterste Schrankecke  verbannen?<br \/>\nVielen Dank an <a href=\"http:\/\/scannersblog.typepad.com\/\" target=\"_blank\">Sonja<\/a> f\u00fcr die heutige Frage!<\/b><\/p>\n<p>Oh jeh, fast schon eine peinliche Frage. \ud83d\ude09<br \/>\nJa, trotz aller Bem\u00fchungen stricke ich gelegentlich das eine oder andere Teil, das nach Vollendung nicht optimal passt, mir nicht besonders gut steht oder von der Farbwahl her nicht so recht in meinen Kleiderschrank passt. Je nachdem kommen da verschiedene L\u00f6sungsans\u00e4tze zum Tragen:<\/p>\n<p>a) Es eignet sich f\u00fcr jemanden in meiner Bekanntschaft. Dann wird es der Person vorgelegt, und wenn es gef\u00e4llt und passt, wird es verschenkt. Sollte das Material sehr kostspielig gewesen und die Person finanziell gut gestellt sein, dann freue ich mich ggf. \u00fcber eine teilweise Erstattung der Materialkosten.<\/p>\n<p>b) Kommt niemand als neuer Besitzer in Frage, ist das Material aber sch\u00f6n und f\u00fcr ein anderes Projekt noch geeignet, dann landet das Teil auf einem &#8220;Aufribbeln&#8221;-Stapel.<\/p>\n<p>c) Wenn die beiden bereits genannten Bedingungen nicht greifen, wird ein Desaster-Teil auch schon mal reuelos in die Altkleidersammlung gegeben.<\/p>\n<p>Ganz wichtig ist f\u00fcr mich aber, aus den Fehlern, die ich gemacht habe, m\u00f6glichst viel zu lernen, damit ich sie nicht wiederhole. Dazu habe ich vor l\u00e4ngerer Zeit schon mal <a href=\"http:\/\/strickmoden.de\/stricktipps\/desaster.html\" target=\"_blank\">einiges zusammengetragen<\/a>. <\/p>\n","protected":false},"excerpt":{"rendered":"<p>Das Wollschaf fragt: was machen eigentlich all die StrickerInnen mit gestrickten Oberteilen, die ihnen direkt nach ihrer Vollendung doch nicht (mehr) gefallen &#8211; aufribbeln, verschenken, in die hinterste Schrankecke verbannen? Vielen Dank an Sonja f\u00fcr die heutige Frage! Oh jeh, fast schon eine peinliche Frage. \ud83d\ude09 Ja, trotz aller Bem\u00fchungen stricke ich gelegentlich das eine &hellip; <a href=\"https:\/\/www.strickforum.de\/blog\/die-verstrickte-dienstagsfrage-362009\/\" class=\"more-link\"><span class=\"screen-reader-text\">\u201eDie verstrickte Dienstagsfrage 36\/2009\u201c <\/span>weiterlesen<\/a><\/p>\n","protected":false},"author":3,"featured_media":0,"comment_status":"open","ping_status":"open","sticky":false,"template":"","format":"standard","meta":{"_seopress_robots_primary_cat":"","_seopress_titles_title":"","_seopress_titles_desc":"","_seopress_robots_index":"","_crdt_document":"","jetpack_post_was_ever_published":false,"_jetpack_newsletter_access":"","_jetpack_dont_email_post_to_subs":false,"_jetpack_newsletter_tier_id":0,"_jetpack_memberships_contains_paywalled_content":false,"_jetpack_memberships_contains_paid_content":false,"footnotes":"","jetpack_publicize_message":"","jetpack_publicize_feature_enabled":true,"jetpack_social_post_already_shared":false,"jetpack_social_options":{"image_generator_settings":{"template":"highway","default_image_id":0,"font":"","enabled":false},"version":2}},"categories":[6],"tags":[],"class_list":["post-782","post","type-post","status-publish","format-standard","hentry","category-6"],"jetpack_publicize_connections":[],"jetpack_featured_media_url":"","jetpack_sharing_enabled":true,"jetpack_shortlink":"https:\/\/wp.me\/p7JbSI-cC","jetpack-related-posts":[{"id":2891,"url":"https:\/\/www.strickforum.de\/blog\/mein-erster-raglan-von-oben\/","url_meta":{"origin":782,"position":0},"title":"Mein erster Raglan von oben&#8230;","author":"Admin","date":"9. Dezember 2019","format":false,"excerpt":"beziehungsweise der erste von diversen angefangenen, der tats\u00e4chlich fertiggestellt wurde. Der weitaus gr\u00f6\u00dfte Teil meiner RVO-Versuche wurde fr\u00fcher oder sp\u00e4ter geribbelt. Eine Jacke hat noch Aussicht auf Vollendung, aber die soll heute nicht das Thema sein. Wie kam es zu diesem unerwarteten Erfolg? K\u00fcrzlich bat mich eine gute Bekannte, doch\u2026","rel":"","context":"In &quot;Stricken&quot;","block_context":{"text":"Stricken","link":"https:\/\/www.strickforum.de\/blog\/category\/3\/"},"img":{"alt_text":"Leibteil","src":"https:\/\/i0.wp.com\/www.strickforum.de\/blog\/wp-content\/uploads\/2019\/12\/8ply-baby-rvo_body.jpg?resize=350%2C200&ssl=1","width":350,"height":200,"srcset":"https:\/\/i0.wp.com\/www.strickforum.de\/blog\/wp-content\/uploads\/2019\/12\/8ply-baby-rvo_body.jpg?resize=350%2C200&ssl=1 1x, https:\/\/i0.wp.com\/www.strickforum.de\/blog\/wp-content\/uploads\/2019\/12\/8ply-baby-rvo_body.jpg?resize=525%2C300&ssl=1 1.5x, https:\/\/i0.wp.com\/www.strickforum.de\/blog\/wp-content\/uploads\/2019\/12\/8ply-baby-rvo_body.jpg?resize=700%2C400&ssl=1 2x"},"classes":[]},{"id":661,"url":"https:\/\/www.strickforum.de\/blog\/die-verstrickte-dienstagsfrage-112009\/","url_meta":{"origin":782,"position":1},"title":"Die verstrickte Dienstagsfrage 11\/2009","author":"Admin","date":"10. M\u00e4rz 2009","format":false,"excerpt":"Das Wollschaf fragt: Wenn ich meine \u201cHerzchen\u201d auf Ravelry anschaue, stelle ich fest, dass die positive Bewertung meiner Strickst\u00fccke im Internet oft gar nicht mit meiner positiven Bewertung im Leben \u00fcbereinstimmt. Daher meine Frage:Wie ist das bei Euch? Werden bei Euch die Strickst\u00fccke in Euren Blogs oder auf Ravelry positiv\u2026","rel":"","context":"In &quot;Stricken&quot;","block_context":{"text":"Stricken","link":"https:\/\/www.strickforum.de\/blog\/category\/3\/"},"img":{"alt_text":"","src":"","width":0,"height":0},"classes":[]},{"id":147,"url":"https:\/\/www.strickforum.de\/blog\/die-nicht-gescheiterte-hoffnung\/","url_meta":{"origin":782,"position":2},"title":"Die nicht gescheiterte Hoffnung","author":"Admin","date":"10. Mai 2006","format":false,"excerpt":"\u201cHope\u201d ist fertig, pa\u00dft und sieht gut aus. Nicht nur an Mrs. Double, die wieder f\u00fcrs Foto herhalten mu\u00dfte, sondern auch an mir. Den Originalschnitt habe ich um 10 cm verl\u00e4ngert, weil ich 51 cm f\u00fcr eine Person meines Alters und meiner Figur doch arg kurz finde, und was an\u2026","rel":"","context":"In &quot;Stricken&quot;","block_context":{"text":"Stricken","link":"https:\/\/www.strickforum.de\/blog\/category\/3\/"},"img":{"alt_text":"\u201cHope\u201d aus Rowan All Seasons Cotton in Dunkelgr\u00fcn","src":"https:\/\/i0.wp.com\/www.strickforum.de\/blog\/media\/1\/20060505-hope_fertig.jpg?resize=350%2C200","width":350,"height":200},"classes":[]},{"id":1400,"url":"https:\/\/www.strickforum.de\/blog\/die-verstrickte-dienstagsfrage-282012\/","url_meta":{"origin":782,"position":3},"title":"Die verstrickte Dienstagsfrage 28\/2012","author":"Admin","date":"10. Juli 2012","format":false,"excerpt":"Diese Woche fragt das Wollschaf : Ich habe gerade damit angefangen auch Strickjacken und Pullover zu stricken. Wie macht ihr das, habt ihr ein Strickmuster, dass gut passt, das ihr nur noch ab\u00e4ndert oder in einer anderen Farbe strickt? Oder strickt ihr jedesmal ein neues Strickmuster. Vielen Dank an Poppy\u2026","rel":"","context":"In &quot;Stricken&quot;","block_context":{"text":"Stricken","link":"https:\/\/www.strickforum.de\/blog\/category\/3\/"},"img":{"alt_text":"","src":"","width":0,"height":0},"classes":[]},{"id":742,"url":"https:\/\/www.strickforum.de\/blog\/kalter-sommer-cold-summer\/","url_meta":{"origin":782,"position":4},"title":"Kalter Sommer &#8211; Cold Summer","author":"Admin","date":"25. Juni 2009","format":false,"excerpt":"Bei einem Wetter wie diesem kann man warme Pullover gebrauchen. Deshalb ist es ganz gut, dass mein \u201cHumbug\u201d-Pullover sich allm\u00e4hlich der Vollendung n\u00e4hert. Auf dem Foto seht Ihr die Leibteile, die bereits durch Schultern\u00e4hte und Halsblende verbunden sind. S\u00e4mtliche Blenden sind aus \u201cMohair Lungo\u201d kraus gestrickt. Die \u00c4rmel sind ebenfalls\u2026","rel":"","context":"In &quot;Stricken&quot;","block_context":{"text":"Stricken","link":"https:\/\/www.strickforum.de\/blog\/category\/3\/"},"img":{"alt_text":"Humbug body, Leibteile","src":"https:\/\/i0.wp.com\/www.strickforum.de\/blog\/media\/1\/20090625-hummingbird_04.jpg?resize=350%2C200","width":350,"height":200},"classes":[]},{"id":1884,"url":"https:\/\/www.strickforum.de\/blog\/die-verstrickte-dienstagsfrage-woche-82015\/","url_meta":{"origin":782,"position":5},"title":"Die verstrickte Dienstagsfrage Woche 8\/2015","author":"Admin","date":"17. Februar 2015","format":false,"excerpt":"L\u00e4ngere Zeit habe ich mich nicht an den Wollschaf-Fragen beteiligt habe, aber die diesw\u00f6chige Frage finde ich spannend. Sie lautet: Was macht f\u00fcr Dich ein gutes Strickdesign aus? Gutes Strickdesign entsteht f\u00fcr mich, wenn Garn, Farbe(n), Muster und Form eine harmonische Kombination mit vielleicht noch einem Tick Au\u00dfergew\u00f6hnlichkeit bilden. Falls\u2026","rel":"","context":"In &quot;Stricken&quot;","block_context":{"text":"Stricken","link":"https:\/\/www.strickforum.de\/blog\/category\/3\/"},"img":{"alt_text":"","src":"","width":0,"height":0},"classes":[]}],"_links":{"self":[{"href":"https:\/\/www.strickforum.de\/blog\/wp-json\/wp\/v2\/posts\/782","targetHints":{"allow":["GET"]}}],"collection":[{"href":"https:\/\/www.strickforum.de\/blog\/wp-json\/wp\/v2\/posts"}],"about":[{"href":"https:\/\/www.strickforum.de\/blog\/wp-json\/wp\/v2\/types\/post"}],"author":[{"embeddable":true,"href":"https:\/\/www.strickforum.de\/blog\/wp-json\/wp\/v2\/users\/3"}],"replies":[{"embeddable":true,"href":"https:\/\/www.strickforum.de\/blog\/wp-json\/wp\/v2\/comments?post=782"}],"version-history":[{"count":0,"href":"https:\/\/www.strickforum.de\/blog\/wp-json\/wp\/v2\/posts\/782\/revisions"}],"wp:attachment":[{"href":"https:\/\/www.strickforum.de\/blog\/wp-json\/wp\/v2\/media?parent=782"}],"wp:term":[{"taxonomy":"category","embeddable":true,"href":"https:\/\/www.strickforum.de\/blog\/wp-json\/wp\/v2\/categories?post=782"},{"taxonomy":"post_tag","embeddable":true,"href":"https:\/\/www.strickforum.de\/blog\/wp-json\/wp\/v2\/tags?post=782"}],"curies":[{"name":"wp","href":"https:\/\/api.w.org\/{rel}","templated":true}]}}