{"id":826,"date":"2009-11-04T21:28:55","date_gmt":"2009-11-04T20:28:55","guid":{"rendered":"http:\/\/www.strickforum.de\/blog\/?p=826"},"modified":"2009-11-04T21:28:55","modified_gmt":"2009-11-04T20:28:55","slug":"es-musste-sein-it-had-to-be","status":"publish","type":"post","link":"https:\/\/www.strickforum.de\/blog\/es-musste-sein-it-had-to-be\/","title":{"rendered":"Es musste sein &#8211; It had to be"},"content":{"rendered":"<p>Aufgrund eines AnSTuPsers von <a href=\"http:\/\/board.stricknetz.net\/blog\/annie\/\">Annie<\/a> musste ich f\u00fcr ein bestimmtes Projekt passendes Garn beschaffen, denn in meinem Vorrat war nichts Geeignetes vorhanden. <br \/>\nHeute stattete ich dem \u00f6rtlichen Wollgesch\u00e4ft einen Besuch ab. Dem Verk\u00e4ufer (jawoll, ein Mann) schilderte ich genau, was ich suchte: Ein Farbverlaufsgarn und ein einfarbiges, geeignet f\u00fcr Nadelst\u00e4rke 5 und eine ungef\u00e4hre glatt-rechts-Maschenprobe von 18 Maschen auf 10 cm. Er zeigte mir mehrere Garne von ONLine und Gedifra, die aber f\u00fcr meinen Geschmack zu dick waren. Schlie\u00dflich fanden sich in einer Ecke des Ladens zwei Pakete Gedifra &#8220;Riana&#8221;, eins in Dunkelbraun, eins in Beiget\u00f6nen. Die nahm ich. Eine Maschenprobe ist bereits gestrickt und sieht vielversprechend aus.<\/p>\n<p><img data-recalc-dims=\"1\" src=\"https:\/\/i0.wp.com\/www.strickforum.de\/blog\/media\/1\/20091104-gedifra_riana.jpg?resize=400%2C309\" width=\"400\"  height=\"309\"  alt='Gedifra Riana \/ Riana Color'  \/><\/p>\n<p>Due to some initial support from <a href=\"http:\/\/board.stricknetz.net\/blog\/annie\/\">Annie<\/a>, I had to find a suitable yarn for a certain project, as I had nothing in my stash that would do.<br \/>\nToday, I paid a visit to the local yarn store. The shopkeeper (a man indeed) was informed that I needed a self-striping yarn and a plain one, suitable for 5 mm needles and yielding a swatch of 18 stitches per 10 cm. He showed me several yarns from ONLine and Gedifra, which I thought were too thick. Eventually he unearthed two packages of Gedifra &#8220;Riana&#8221; from a corner of the store, one in dark brown, the other in shades of beige. I bought them. A swatch is already done, looking promising.<\/p>\n","protected":false},"excerpt":{"rendered":"<p>Aufgrund eines AnSTuPsers von Annie musste ich f\u00fcr ein bestimmtes Projekt passendes Garn beschaffen, denn in meinem Vorrat war nichts Geeignetes vorhanden. Heute stattete ich dem \u00f6rtlichen Wollgesch\u00e4ft einen Besuch ab. Dem Verk\u00e4ufer (jawoll, ein Mann) schilderte ich genau, was ich suchte: Ein Farbverlaufsgarn und ein einfarbiges, geeignet f\u00fcr Nadelst\u00e4rke 5 und eine ungef\u00e4hre glatt-rechts-Maschenprobe &hellip; <a href=\"https:\/\/www.strickforum.de\/blog\/es-musste-sein-it-had-to-be\/\" class=\"more-link\"><span class=\"screen-reader-text\">\u201eEs musste sein &#8211; It had to be\u201c <\/span>weiterlesen<\/a><\/p>\n","protected":false},"author":3,"featured_media":0,"comment_status":"open","ping_status":"open","sticky":false,"template":"","format":"standard","meta":{"_seopress_robots_primary_cat":"","_seopress_titles_title":"","_seopress_titles_desc":"","_seopress_robots_index":"","_crdt_document":"","jetpack_post_was_ever_published":false,"_jetpack_newsletter_access":"","_jetpack_dont_email_post_to_subs":false,"_jetpack_newsletter_tier_id":0,"_jetpack_memberships_contains_paywalled_content":false,"_jetpack_memberships_contains_paid_content":false,"footnotes":"","jetpack_publicize_message":"","jetpack_publicize_feature_enabled":true,"jetpack_social_post_already_shared":false,"jetpack_social_options":{"image_generator_settings":{"template":"highway","default_image_id":0,"font":"","enabled":false},"version":2}},"categories":[6],"tags":[],"class_list":["post-826","post","type-post","status-publish","format-standard","hentry","category-6"],"jetpack_publicize_connections":[],"jetpack_featured_media_url":"","jetpack_sharing_enabled":true,"jetpack_shortlink":"https:\/\/wp.me\/p7JbSI-dk","jetpack-related-posts":[{"id":4009,"url":"https:\/\/www.strickforum.de\/blog\/schmiegsam-wie-gusseisen\/","url_meta":{"origin":826,"position":0},"title":"Schmiegsam wie Gusseisen","author":"Admin","date":"26. Februar 2026","format":false,"excerpt":"Auch relativ erfahrene Strickerinnen (zu denen ich mich normalerweise z\u00e4hle) produzieren gelegentlich unbenutzbare Seltsamkeiten. In meinem Vorrat befanden sich \u2500 unter anderem \u2500 drei Kn\u00e4ule Gedifra \"Perulana\" in Dunkelgrau und ein Kn\u00e4uel Noro \"Kureyon Air\" in Knallbunt. Sie passten farblich sehr h\u00fcbsch zusammen und waren auch in punkto Garnst\u00e4rke und\u2026","rel":"","context":"In &quot;Stricken&quot;","block_context":{"text":"Stricken","link":"https:\/\/www.strickforum.de\/blog\/category\/3\/"},"img":{"alt_text":"","src":"https:\/\/i0.wp.com\/www.strickforum.de\/blog\/wp-content\/uploads\/2026\/02\/jum-loop-1.jpg?resize=350%2C200&ssl=1","width":350,"height":200,"srcset":"https:\/\/i0.wp.com\/www.strickforum.de\/blog\/wp-content\/uploads\/2026\/02\/jum-loop-1.jpg?resize=350%2C200&ssl=1 1x, https:\/\/i0.wp.com\/www.strickforum.de\/blog\/wp-content\/uploads\/2026\/02\/jum-loop-1.jpg?resize=525%2C300&ssl=1 1.5x, https:\/\/i0.wp.com\/www.strickforum.de\/blog\/wp-content\/uploads\/2026\/02\/jum-loop-1.jpg?resize=700%2C400&ssl=1 2x, https:\/\/i0.wp.com\/www.strickforum.de\/blog\/wp-content\/uploads\/2026\/02\/jum-loop-1.jpg?resize=1050%2C600&ssl=1 3x, https:\/\/i0.wp.com\/www.strickforum.de\/blog\/wp-content\/uploads\/2026\/02\/jum-loop-1.jpg?resize=1400%2C800&ssl=1 4x"},"classes":[]},{"id":51,"url":"https:\/\/www.strickforum.de\/blog\/nadelstarke-und-strickmaschine\/","url_meta":{"origin":826,"position":1},"title":"Nadelst\u00e4rke und Strickmaschine","author":"Admin","date":"15. August 2005","format":false,"excerpt":"Die Nadeln einer Strickmaschine haben immer dieselbe St\u00e4rke. Schon deshalb ist es relativ sinnlos, das Prinzip der Nadelst\u00e4rke vom Handstricken auf die Maschine \u00fcbertragen zu wollen. An der Strickmaschine wird \u00fcber den Maschenweiteregler eingestellt, wie weit der Schlitten beim Verstricken die einzelnen Nadeln nach hinten zieht. Damit wird bestimmt, wie\u2026","rel":"","context":"In &quot;Stricken&quot;","block_context":{"text":"Stricken","link":"https:\/\/www.strickforum.de\/blog\/category\/3\/"},"img":{"alt_text":"","src":"","width":0,"height":0},"classes":[]},{"id":1756,"url":"https:\/\/www.strickforum.de\/blog\/verena-modell-4-marilu\/","url_meta":{"origin":826,"position":2},"title":"Verena-Modell #4 Marilu","author":"Admin","date":"19. April 2014","format":false,"excerpt":"Ende M\u00e4rz beschloss ich, etwas aus der Fr\u00fchjahrs-Verena zu stricken, damit das Geld f\u00fcr die Zeitschrift nicht umsonst ausgegeben ist. Und damit es nicht zu langweilig wird, sollte es ein etwas ausgefallenes Modell sein. So kam ich auf Marilu. Die erste Herausforderung bestand darin, in meinem Vorrat ein Garn zu\u2026","rel":"","context":"In &quot;Stricken&quot;","block_context":{"text":"Stricken","link":"https:\/\/www.strickforum.de\/blog\/category\/3\/"},"img":{"alt_text":"","src":"","width":0,"height":0},"classes":[]},{"id":1841,"url":"https:\/\/www.strickforum.de\/blog\/ein-muster-viele-moglichkeiten\/","url_meta":{"origin":826,"position":3},"title":"Ein Muster, viele M\u00f6glichkeiten","author":"Admin","date":"22. Oktober 2014","format":false,"excerpt":"Eine Lochkarte f\u00fcr die Strickmaschine zu lochen ist m\u00fchsam. Deshalb haben Besitzer von Lochkarten-Strickmaschinen fr\u00fcher oft nach M\u00f6glichkeiten gesucht, ein einmal gelochtes Muster auf mehr als nur eine Weise zu stricken. Je nachdem, wie man den Schlitten einstellt, sind oft mehrere Stricktechniken m\u00f6glich. Das gilt nat\u00fcrlich auch und erst recht\u2026","rel":"","context":"In &quot;Stricken&quot;","block_context":{"text":"Stricken","link":"https:\/\/www.strickforum.de\/blog\/category\/3\/"},"img":{"alt_text":"","src":"","width":0,"height":0},"classes":[]},{"id":1979,"url":"https:\/\/www.strickforum.de\/blog\/handstrickanleitung-auf-maschine-umgesetzt\/","url_meta":{"origin":826,"position":4},"title":"Handstrickanleitung auf Maschine umgesetzt","author":"Admin","date":"9. Februar 2016","format":false,"excerpt":"Vor gut einem Jahr erstand ich von einer Mit-Foristin ein Kilo ziemlich dicke reine Wolle in einem angenehmen Terracotta-Farbton. Nun wurde es Zeit, daraus etwas Tragbares zu produzieren. Wenn ich selbst noch keine pr\u00e4zisen Vorstellungen habe, greife ich gern auf die umfangreiche Anleitungsdatenbank bei Ravelry zur\u00fcck. Man kann dort via\u2026","rel":"","context":"In &quot;Stricken&quot;","block_context":{"text":"Stricken","link":"https:\/\/www.strickforum.de\/blog\/category\/3\/"},"img":{"alt_text":"","src":"","width":0,"height":0},"classes":[]},{"id":1379,"url":"https:\/\/www.strickforum.de\/blog\/die-verstrickte-dienstagsfrage-212012\/","url_meta":{"origin":826,"position":5},"title":"Die verstrickte Dienstagsfrage 21\/2012","author":"Admin","date":"22. Mai 2012","format":false,"excerpt":"Diese Woche fragt das Wollschaf: Wie haltet ihr es denn eigentlich mit der Maschenprobe? Strickt ihr brav vor jedem Projekt eine Maschenprobe? Und wascht und spannt ihr die dann auch? Oder verzichtet ihr auf Maschenproben und strickt drauf los (in der Meinung, es wird schon irgendwie hinkommen)? Vielen Dank an\u2026","rel":"","context":"In &quot;Stricken&quot;","block_context":{"text":"Stricken","link":"https:\/\/www.strickforum.de\/blog\/category\/3\/"},"img":{"alt_text":"","src":"","width":0,"height":0},"classes":[]}],"_links":{"self":[{"href":"https:\/\/www.strickforum.de\/blog\/wp-json\/wp\/v2\/posts\/826","targetHints":{"allow":["GET"]}}],"collection":[{"href":"https:\/\/www.strickforum.de\/blog\/wp-json\/wp\/v2\/posts"}],"about":[{"href":"https:\/\/www.strickforum.de\/blog\/wp-json\/wp\/v2\/types\/post"}],"author":[{"embeddable":true,"href":"https:\/\/www.strickforum.de\/blog\/wp-json\/wp\/v2\/users\/3"}],"replies":[{"embeddable":true,"href":"https:\/\/www.strickforum.de\/blog\/wp-json\/wp\/v2\/comments?post=826"}],"version-history":[{"count":0,"href":"https:\/\/www.strickforum.de\/blog\/wp-json\/wp\/v2\/posts\/826\/revisions"}],"wp:attachment":[{"href":"https:\/\/www.strickforum.de\/blog\/wp-json\/wp\/v2\/media?parent=826"}],"wp:term":[{"taxonomy":"category","embeddable":true,"href":"https:\/\/www.strickforum.de\/blog\/wp-json\/wp\/v2\/categories?post=826"},{"taxonomy":"post_tag","embeddable":true,"href":"https:\/\/www.strickforum.de\/blog\/wp-json\/wp\/v2\/tags?post=826"}],"curies":[{"name":"wp","href":"https:\/\/api.w.org\/{rel}","templated":true}]}}