{"id":831,"date":"2009-11-11T21:03:54","date_gmt":"2009-11-11T20:03:54","guid":{"rendered":"http:\/\/www.strickforum.de\/blog\/?p=831"},"modified":"2009-11-11T21:03:54","modified_gmt":"2009-11-11T20:03:54","slug":"manchmal-muss-es-schnell-gehen-sometimes-were-in-a-hurry","status":"publish","type":"post","link":"https:\/\/www.strickforum.de\/blog\/manchmal-muss-es-schnell-gehen-sometimes-were-in-a-hurry\/","title":{"rendered":"Manchmal muss es schnell gehen &#8211; Sometimes we&#8217;re in a hurry"},"content":{"rendered":"<p>Vor einer Woche hatte ich ja Wolle gekauft. Am selben Tag begann ich mit dem Stricken, dann kamen zwei Tage Pause, weil ich keine Zeit hatte, aber am Sonntagabend wurde er fertig: Modell 7 aus der Winter-&#8220;Verena&#8221;. <br \/>\nIch habe nicht das Originalgarn verwendet, weil ich es nicht auftreiben konnte und weil ich Lila sowieso nicht mag. In Braun mit Beige sieht der Pullover auch sehr ansprechend aus; er passt perfekt, ist sch\u00f6n warm, federleicht und wird wahrscheinlich ein Lieblingsst\u00fcck f\u00fcr den Winter.<br \/>\nAuf eines m\u00f6chte ich aber noch hinweisen: Die Mengenangaben k\u00f6nnen nicht stimmen. Ich habe f\u00fcr die mittlere Gr\u00f6\u00dfe 300 g Beige und 250 g (reichte gerade so) Braun ben\u00f6tigt. Dass man mehr Grund- als Musterfarbe braucht, kann nicht stimmen.<\/p>\n<p><img data-recalc-dims=\"1\" src=\"https:\/\/i0.wp.com\/www.strickforum.de\/blog\/media\/1\/20091111-verena_modell07.jpg?resize=400%2C427\" width=\"400\"  height=\"427\"  alt='Modell 7, Verena Winter 2009'  \/><\/p>\n<p>A week ago, I had bought some wool. The same day, I started knitting, then I had to pause for two days, due to lack of time, but on Sunday night it was finished: Modell 7 from &#8220;Verena&#8221;, Winter issue.<br \/>\nI did not use the original yarn because I was unable to trace it down and because I dislike purple. Brown with beige is a very appealing colour combination, and the sweater fits perfectly, is wonderfully warm, light as a feather and will certainly become a winter favourite.<br \/>\nI would like to point out one thing: There must be an error in the yarn amounts. For the second size, I needed 300 g in beige and 250 g (just sufficient) in brown. You don&#8217;t need more main colour than pattern colour.<\/p>\n","protected":false},"excerpt":{"rendered":"<p>Vor einer Woche hatte ich ja Wolle gekauft. Am selben Tag begann ich mit dem Stricken, dann kamen zwei Tage Pause, weil ich keine Zeit hatte, aber am Sonntagabend wurde er fertig: Modell 7 aus der Winter-&#8220;Verena&#8221;. Ich habe nicht das Originalgarn verwendet, weil ich es nicht auftreiben konnte und weil ich Lila sowieso nicht &hellip; <a href=\"https:\/\/www.strickforum.de\/blog\/manchmal-muss-es-schnell-gehen-sometimes-were-in-a-hurry\/\" class=\"more-link\"><span class=\"screen-reader-text\">\u201eManchmal muss es schnell gehen &#8211; Sometimes we&#8217;re in a hurry\u201c <\/span>weiterlesen<\/a><\/p>\n","protected":false},"author":3,"featured_media":0,"comment_status":"open","ping_status":"open","sticky":false,"template":"","format":"standard","meta":{"_seopress_robots_primary_cat":"","_seopress_titles_title":"","_seopress_titles_desc":"","_seopress_robots_index":"","_crdt_document":"","jetpack_post_was_ever_published":false,"_jetpack_newsletter_access":"","_jetpack_dont_email_post_to_subs":false,"_jetpack_newsletter_tier_id":0,"_jetpack_memberships_contains_paywalled_content":false,"_jetpack_memberships_contains_paid_content":false,"footnotes":"","jetpack_publicize_message":"","jetpack_publicize_feature_enabled":true,"jetpack_social_post_already_shared":false,"jetpack_social_options":{"image_generator_settings":{"template":"highway","default_image_id":0,"font":"","enabled":false},"version":2}},"categories":[6],"tags":[],"class_list":["post-831","post","type-post","status-publish","format-standard","hentry","category-6"],"jetpack_publicize_connections":[],"jetpack_featured_media_url":"","jetpack_sharing_enabled":true,"jetpack_shortlink":"https:\/\/wp.me\/p7JbSI-dp","jetpack-related-posts":[{"id":809,"url":"https:\/\/www.strickforum.de\/blog\/verena-winterausgabe-verena-winter-issue\/","url_meta":{"origin":831,"position":0},"title":"Verena Winterausgabe &#8211; Verena Winter issue","author":"Admin","date":"15. Oktober 2009","format":false,"excerpt":"Heute habe ich es endlich geschafft, mir das Heft zu sichern, nachdem ich bereits bei Tina dar\u00fcber gelesen hatte. Ich finde diese Ausgabe sehr gelungen. Wenn ich schreibe, was mir am besten daran gef\u00e4llt, werdet Ihr alle lachen: Ich finde es gro\u00dfartig, dass jetzt bei jedem Modell dabei steht, wer\u2026","rel":"","context":"In &quot;Stricken&quot;","block_context":{"text":"Stricken","link":"https:\/\/www.strickforum.de\/blog\/category\/3\/"},"img":{"alt_text":"Verena Winter 2009","src":"https:\/\/i0.wp.com\/www.strickforum.de\/blog\/media\/1\/20091015-verena_winter2009.jpg?resize=350%2C200","width":350,"height":200},"classes":[]},{"id":1125,"url":"https:\/\/www.strickforum.de\/blog\/ich-konnte-nicht-widerstehen-i-couldnt-resist\/","url_meta":{"origin":831,"position":1},"title":"Ich konnte nicht widerstehen &#8211; I couldn&#8217;t resist","author":"Admin","date":"15. Februar 2011","format":false,"excerpt":"Neulich wurde bei der Wollerey ein wenig aufger\u00e4umt. Dabei fanden sich kleinere Restbest\u00e4nde von Garnen, die eigentlich nicht mehr erh\u00e4ltlich sind und auch nicht mehr gef\u00e4rbt werden. Darunter waren diese Str\u00e4nge \u201cDoppio\u201d in einer sehr sch\u00f6nen Braun-Beige-Kombination. Und diese Kombination konnte ich ergattern. Gestern traf sie ein. 500 g bzw.\u2026","rel":"","context":"In &quot;Stricken&quot;","block_context":{"text":"Stricken","link":"https:\/\/www.strickforum.de\/blog\/category\/3\/"},"img":{"alt_text":"Wollerey \u201cDoppio\u201d in Caramel-Farben","src":"https:\/\/i0.wp.com\/www.strickforum.de\/blog\/media\/1\/20110215-wollerey_doppio_caramel.jpg?resize=350%2C200","width":350,"height":200},"classes":[]},{"id":826,"url":"https:\/\/www.strickforum.de\/blog\/es-musste-sein-it-had-to-be\/","url_meta":{"origin":831,"position":2},"title":"Es musste sein &#8211; It had to be","author":"Admin","date":"4. November 2009","format":false,"excerpt":"Aufgrund eines AnSTuPsers von Annie musste ich f\u00fcr ein bestimmtes Projekt passendes Garn beschaffen, denn in meinem Vorrat war nichts Geeignetes vorhanden. Heute stattete ich dem \u00f6rtlichen Wollgesch\u00e4ft einen Besuch ab. Dem Verk\u00e4ufer (jawoll, ein Mann) schilderte ich genau, was ich suchte: Ein Farbverlaufsgarn und ein einfarbiges, geeignet f\u00fcr Nadelst\u00e4rke\u2026","rel":"","context":"In &quot;Stricken&quot;","block_context":{"text":"Stricken","link":"https:\/\/www.strickforum.de\/blog\/category\/3\/"},"img":{"alt_text":"Gedifra Riana \/ Riana Color","src":"https:\/\/i0.wp.com\/www.strickforum.de\/blog\/media\/1\/20091104-gedifra_riana.jpg?resize=350%2C200","width":350,"height":200},"classes":[]},{"id":231,"url":"https:\/\/www.strickforum.de\/blog\/neues-projekt\/","url_meta":{"origin":831,"position":3},"title":"Neues Projekt","author":"Admin","date":"9. April 2007","format":false,"excerpt":"Etwas zum Handstricken braucht man einfach, um sich wohlzuf\u00fchlen. ;-) Nachdem der rote Pullover, mein letztes Handstrickprojekt, beendet ist, musste etwas Neues her. Nach reiflicher \u00dcberlegung fiel mir einer meiner Ebay-Fehlk\u00e4ufe ein, ein dickes Effektgarn in Beige mit farbigen Viskose-Noppen und Miniatur-Fransen. Ich hatte beim Kauf gehofft, das Garn mit\u2026","rel":"","context":"In &quot;Stricken&quot;","block_context":{"text":"Stricken","link":"https:\/\/www.strickforum.de\/blog\/category\/3\/"},"img":{"alt_text":"\u201cPampas\u201d Maschenprobe \/swatch","src":"https:\/\/i0.wp.com\/www.strickforum.de\/blog\/media\/1\/20070409-pampas_swatch.jpg?resize=350%2C200","width":350,"height":200},"classes":[]},{"id":1144,"url":"https:\/\/www.strickforum.de\/blog\/erdbeer-karamell-strawberry-toffee\/","url_meta":{"origin":831,"position":4},"title":"Erdbeer-Karamell &#8211; Strawberry-toffee","author":"Admin","date":"11. M\u00e4rz 2011","format":false,"excerpt":"Als es k\u00fcrzlich bei der Wollerey einen Ausverkauf der Garnqualit\u00e4t \u201cDoppio\u201d gab, hatte ich ein Paket in Beige-Braun-T\u00f6nen erwischt. Zwar bin ich noch nicht ganz fertig mit dem Stricken, aber man kann, glaube ich, schon erkennen, was es werden soll und wie es in etwa aussehen wird. Recently, the Wollerey\u2026","rel":"","context":"In &quot;Stricken&quot;","block_context":{"text":"Stricken","link":"https:\/\/www.strickforum.de\/blog\/category\/3\/"},"img":{"alt_text":"Erdbeer-Karamell - Strawberry-toffee","src":"https:\/\/i0.wp.com\/www.strickforum.de\/blog\/media\/1\/20110311-erdbeer-karamell_450.jpg?resize=350%2C200","width":350,"height":200},"classes":[]},{"id":1150,"url":"https:\/\/www.strickforum.de\/blog\/erdbeer-karamell-strawberry-toffee-2\/","url_meta":{"origin":831,"position":5},"title":"Erdbeer-Karamell &#8211; Strawberry-Toffee","author":"Admin","date":"20. M\u00e4rz 2011","format":false,"excerpt":"Als die Wollerey k\u00fcrzlich Restbest\u00e4nde der Qualit\u00e4t \u201cDoppio\u201d im Angebot hatte, war ein Paket dabei, das wie f\u00fcr mich gemacht war: Beige- und Rost-T\u00f6ne. Ich bin ja nicht so der T\u00fccher-Fan, sondern stricke am liebsten Pullover. Also \u00fcberlegte ich, wie ich die f\u00fcnf Str\u00e4nge am einfachsten zu einem ansprechenden Streifenmuster\u2026","rel":"","context":"In &quot;Stricken&quot;","block_context":{"text":"Stricken","link":"https:\/\/www.strickforum.de\/blog\/category\/3\/"},"img":{"alt_text":"Erdbeer-Karamell, fertig\/finished","src":"https:\/\/i0.wp.com\/www.strickforum.de\/blog\/media\/1\/20110320-erdbeer-karamell_fertig_450.jpg?resize=350%2C200","width":350,"height":200},"classes":[]}],"_links":{"self":[{"href":"https:\/\/www.strickforum.de\/blog\/wp-json\/wp\/v2\/posts\/831","targetHints":{"allow":["GET"]}}],"collection":[{"href":"https:\/\/www.strickforum.de\/blog\/wp-json\/wp\/v2\/posts"}],"about":[{"href":"https:\/\/www.strickforum.de\/blog\/wp-json\/wp\/v2\/types\/post"}],"author":[{"embeddable":true,"href":"https:\/\/www.strickforum.de\/blog\/wp-json\/wp\/v2\/users\/3"}],"replies":[{"embeddable":true,"href":"https:\/\/www.strickforum.de\/blog\/wp-json\/wp\/v2\/comments?post=831"}],"version-history":[{"count":0,"href":"https:\/\/www.strickforum.de\/blog\/wp-json\/wp\/v2\/posts\/831\/revisions"}],"wp:attachment":[{"href":"https:\/\/www.strickforum.de\/blog\/wp-json\/wp\/v2\/media?parent=831"}],"wp:term":[{"taxonomy":"category","embeddable":true,"href":"https:\/\/www.strickforum.de\/blog\/wp-json\/wp\/v2\/categories?post=831"},{"taxonomy":"post_tag","embeddable":true,"href":"https:\/\/www.strickforum.de\/blog\/wp-json\/wp\/v2\/tags?post=831"}],"curies":[{"name":"wp","href":"https:\/\/api.w.org\/{rel}","templated":true}]}}