{"id":833,"date":"2009-11-12T20:38:04","date_gmt":"2009-11-12T19:38:04","guid":{"rendered":"http:\/\/www.strickforum.de\/blog\/?p=833"},"modified":"2009-11-12T20:38:04","modified_gmt":"2009-11-12T19:38:04","slug":"mir-reichts-fed-up","status":"publish","type":"post","link":"https:\/\/www.strickforum.de\/blog\/mir-reichts-fed-up\/","title":{"rendered":"Mir reichts &#8211; Fed up"},"content":{"rendered":"<p>Innerhalb weniger Tage ist mir nun das zweite Knitpicks-Kabel vom Gewinde abgerissen. Als es heute passierte, sa\u00df ich gerade in der Stra\u00dfenbahn. Ein tolles Erlebnis, wenn man in wenigen Sekunden vor dem Aussteigen zwei Dutzend verstreute Maschen irgendwie aufzusammeln versucht. <br \/>\nIch vermute, es liegt am Garn. Zur Zeit verstricke ich Rowan Magpie Aran Tweed in einem komplexen Zopfmuster, und beides, Garn wie Muster, ist zugegebenerma\u00dfen etwas sperrig. Aber ich h\u00e4tte nicht erwartet, dass die Kabel derart leicht aus ihren Schraubhalterungen rei\u00dfen. Man traut sich schon nicht mehr, die Maschen mit etwas Druck weiterzuschieben. Ich werde jetzt jedenfalls mit einer &#8220;normalen&#8221; Nadel weiterstricken und die Knitpicks nur noch f\u00fcr weniger strapazi\u00f6se Projekte einsetzen.<\/p>\n<p><img data-recalc-dims=\"1\" src=\"https:\/\/i0.wp.com\/www.strickforum.de\/blog\/media\/1\/20091112-magpie-aran-tweed.jpg?resize=400%2C300\" width=\"400\"  height=\"300\"  alt='Rowan Magpie Aran Tweed'  \/><\/p>\n<p>Within only a few days, the second Knitpicks needle cable has ripped off its screw thread. I was sitting in the tram when it happened today. It&#8217;s a great experience trying to pick up two dozens of scattered stitches a few seconds before you have to get off.<br \/>\nI suppose it&#8217;s the yarn. Currently I knit Rowas Magpie Aran Tweed in a complex cable pattern, and both, yarn as well as pattern, are admittedly somewhat unwieldy. But I would not have expected the cables to come undone so easily. I don&#8217;t even dare to push the stitches forward forcefully. So I will continue with a conventional circular needle and use the Knitpicks for less gruelling projects only.<\/p>\n","protected":false},"excerpt":{"rendered":"<p>Innerhalb weniger Tage ist mir nun das zweite Knitpicks-Kabel vom Gewinde abgerissen. Als es heute passierte, sa\u00df ich gerade in der Stra\u00dfenbahn. Ein tolles Erlebnis, wenn man in wenigen Sekunden vor dem Aussteigen zwei Dutzend verstreute Maschen irgendwie aufzusammeln versucht. Ich vermute, es liegt am Garn. Zur Zeit verstricke ich Rowan Magpie Aran Tweed in &hellip; <a href=\"https:\/\/www.strickforum.de\/blog\/mir-reichts-fed-up\/\" class=\"more-link\"><span class=\"screen-reader-text\">\u201eMir reichts &#8211; Fed up\u201c <\/span>weiterlesen<\/a><\/p>\n","protected":false},"author":3,"featured_media":0,"comment_status":"open","ping_status":"open","sticky":false,"template":"","format":"standard","meta":{"_seopress_robots_primary_cat":"","_seopress_titles_title":"","_seopress_titles_desc":"","_seopress_robots_index":"","_crdt_document":"","jetpack_post_was_ever_published":false,"_jetpack_newsletter_access":"","_jetpack_dont_email_post_to_subs":false,"_jetpack_newsletter_tier_id":0,"_jetpack_memberships_contains_paywalled_content":false,"_jetpack_memberships_contains_paid_content":false,"footnotes":"","jetpack_publicize_message":"","jetpack_publicize_feature_enabled":true,"jetpack_social_post_already_shared":false,"jetpack_social_options":{"image_generator_settings":{"template":"highway","default_image_id":0,"font":"","enabled":false},"version":2}},"categories":[6],"tags":[],"class_list":["post-833","post","type-post","status-publish","format-standard","hentry","category-6"],"jetpack_publicize_connections":[],"jetpack_featured_media_url":"","jetpack_sharing_enabled":true,"jetpack_shortlink":"https:\/\/wp.me\/p7JbSI-dr","jetpack-related-posts":[{"id":884,"url":"https:\/\/www.strickforum.de\/blog\/schon-wieder-again\/","url_meta":{"origin":833,"position":0},"title":"Schon wieder &#8211; Again!","author":"Admin","date":"20. Januar 2010","format":false,"excerpt":"Als ich gestern im Bus unterwegs war und an meinem derzeitigen Mitnahmeprojekt stricken wollte, l\u00f6ste sich wieder einmal ein Schraubgewinde von seinem Knitpicks-Kabel. Das war diesmal besonders unangenehm, weil besagtes Mitnahmeprojekt ein quer gestrickter Schal mit 250 Maschen ist. Leider habe ich keine andere Nadel in 5,5 mm St\u00e4rke, so\u2026","rel":"","context":"In &quot;Stricken&quot;","block_context":{"text":"Stricken","link":"https:\/\/www.strickforum.de\/blog\/category\/3\/"},"img":{"alt_text":"","src":"","width":0,"height":0},"classes":[]},{"id":287,"url":"https:\/\/www.strickforum.de\/blog\/auf-der-zielgeraden-on-the-home-stretch\/","url_meta":{"origin":833,"position":1},"title":"Auf der Zielgeraden &#8211; On the home stretch","author":"Admin","date":"3. Oktober 2007","format":false,"excerpt":"K\u00fcrzlich hatte ich berichtet, dass ich ein Modell aus der \u201cSabrina Stricktrends\u201d Herbstausgabe ein wenig, sagen wir mal, \u201c\u00fcberarbeitet\u201d habe. Mittlerweile n\u00e4hert es sich aufhaltsam der Fertigstellung. Es m\u00fcssen noch die \u00c4rmel eingen\u00e4ht und einige N\u00e4hte geschlossen werden. Die Einfassung der Kanten habe ich heute gestrickt. Dazu verwendete ich das\u2026","rel":"","context":"In &quot;Stricken&quot;","block_context":{"text":"Stricken","link":"https:\/\/www.strickforum.de\/blog\/category\/3\/"},"img":{"alt_text":"Sabrina wrap cardi, Wickeljacke","src":"https:\/\/i0.wp.com\/www.strickforum.de\/blog\/media\/1\/20071003-sabrina_wickeljacke.jpg?resize=350%2C200","width":350,"height":200},"classes":[]},{"id":1026,"url":"https:\/\/www.strickforum.de\/blog\/knitpicks-seil-knitpicks-cable\/","url_meta":{"origin":833,"position":2},"title":"Knitpicks Seil &#8211; Knitpicks cable","author":"Admin","date":"24. September 2010","format":false,"excerpt":"Ich glaube, auf diesem Bild kann man sehr sch\u00f6n erkennen, weshalb ich Knitpicks Options Nadeln nicht mehr benutzen mag. Als ich vorgestern abend (vergeblich) eine Stricknadel der St\u00e4rke 4,5 mm suchte, griff ich in meiner Verzweiflung wieder einmal zum Knitpicks-Etui. Beim Versuch, die Nadelspitzen anzuschrauben, l\u00f6sten sich die Gewinde spontan\u2026","rel":"","context":"In &quot;Stricken&quot;","block_context":{"text":"Stricken","link":"https:\/\/www.strickforum.de\/blog\/category\/3\/"},"img":{"alt_text":"Knitpicks Options Seil, Knitpicks Options cable","src":"https:\/\/i0.wp.com\/www.strickforum.de\/blog\/media\/1\/20100923-knitpicks_options.jpg?resize=350%2C200","width":350,"height":200},"classes":[]},{"id":873,"url":"https:\/\/www.strickforum.de\/blog\/silvester\/","url_meta":{"origin":833,"position":3},"title":"Silvester","author":"Admin","date":"8. Januar 2010","format":false,"excerpt":"Zwar ist Silvester gerade erst erledigt, aber ich stricke zur Zeit an einem Mittelding aus Schal und Stola, das ebenfalls Silvester hei\u00dft. Es ist ein Entwurf von Anna Dalvi, die auch die diversen \u201cMystic\u201d-Shawls-Knitalongs geleitet hat. Das Modell hat ein Anfangs- und ein End-Dreieck, und dazwischen strickt man diagonal so\u2026","rel":"","context":"In &quot;Stricken&quot;","block_context":{"text":"Stricken","link":"https:\/\/www.strickforum.de\/blog\/category\/3\/"},"img":{"alt_text":"Schal\/scarf \u201cSilvester\u201d, Design Anna Dalvi","src":"https:\/\/i0.wp.com\/www.strickforum.de\/blog\/media\/1\/20100108-silvester_half.jpg?resize=350%2C200","width":350,"height":200},"classes":[]},{"id":1337,"url":"https:\/\/www.strickforum.de\/blog\/die-verstrickte-dienstagsfrage-112012\/","url_meta":{"origin":833,"position":4},"title":"Die verstrickte Dienstagsfrage 11\/2012","author":"Admin","date":"13. M\u00e4rz 2012","format":false,"excerpt":"Diese Woche fragt das Wollschaf: 1. Kauft ihr Nadeln im Set, Habe ich mal probiert (Denise und Knitpicks), sie haben sich f\u00fcr mich aber nicht bew\u00e4hrt. Mit nicht-variablen Rundstricknadeln komme ich wesentlich besser zurecht. Ach, ein 15-cm-Nadelspiel-Set von Knitpro in verschiedenen St\u00e4rken habe ich noch, das ist ganz h\u00fcbsch. Es\u2026","rel":"","context":"In &quot;Stricken&quot;","block_context":{"text":"Stricken","link":"https:\/\/www.strickforum.de\/blog\/category\/3\/"},"img":{"alt_text":"","src":"","width":0,"height":0},"classes":[]},{"id":940,"url":"https:\/\/www.strickforum.de\/blog\/die-verstrickte-dienstagsfrage-192010\/","url_meta":{"origin":833,"position":5},"title":"Die verstrickte Dienstagsfrage 19\/2010","author":"Admin","date":"11. Mai 2010","format":false,"excerpt":"Das Wollschaf fragt: Mit welchen Nadeln strickt ihr am liebsten? Welche Marke, welches Material, welches System (Rundstricknadeln, Nadelspiele\u2026) Herzlichen Dank an Tabemi f\u00fcr die heutige Frage! Da verweise ich mal auf eine \u00e4hnlich gelagerte Frage vom 20. Oktober 2009 und meine damalige Antwort. F\u00fcr variable Nadelbauk\u00e4sten kann ich mich nicht\u2026","rel":"","context":"In &quot;Stricken&quot;","block_context":{"text":"Stricken","link":"https:\/\/www.strickforum.de\/blog\/category\/3\/"},"img":{"alt_text":"","src":"","width":0,"height":0},"classes":[]}],"_links":{"self":[{"href":"https:\/\/www.strickforum.de\/blog\/wp-json\/wp\/v2\/posts\/833","targetHints":{"allow":["GET"]}}],"collection":[{"href":"https:\/\/www.strickforum.de\/blog\/wp-json\/wp\/v2\/posts"}],"about":[{"href":"https:\/\/www.strickforum.de\/blog\/wp-json\/wp\/v2\/types\/post"}],"author":[{"embeddable":true,"href":"https:\/\/www.strickforum.de\/blog\/wp-json\/wp\/v2\/users\/3"}],"replies":[{"embeddable":true,"href":"https:\/\/www.strickforum.de\/blog\/wp-json\/wp\/v2\/comments?post=833"}],"version-history":[{"count":0,"href":"https:\/\/www.strickforum.de\/blog\/wp-json\/wp\/v2\/posts\/833\/revisions"}],"wp:attachment":[{"href":"https:\/\/www.strickforum.de\/blog\/wp-json\/wp\/v2\/media?parent=833"}],"wp:term":[{"taxonomy":"category","embeddable":true,"href":"https:\/\/www.strickforum.de\/blog\/wp-json\/wp\/v2\/categories?post=833"},{"taxonomy":"post_tag","embeddable":true,"href":"https:\/\/www.strickforum.de\/blog\/wp-json\/wp\/v2\/tags?post=833"}],"curies":[{"name":"wp","href":"https:\/\/api.w.org\/{rel}","templated":true}]}}