{"id":834,"date":"2009-11-17T20:06:36","date_gmt":"2009-11-17T19:06:36","guid":{"rendered":"http:\/\/www.strickforum.de\/blog\/?p=834"},"modified":"2009-11-17T20:06:36","modified_gmt":"2009-11-17T19:06:36","slug":"die-verstrickte-dienstagsfrage-472009","status":"publish","type":"post","link":"https:\/\/www.strickforum.de\/blog\/die-verstrickte-dienstagsfrage-472009\/","title":{"rendered":"Die verstrickte Dienstagsfrage 47\/2009"},"content":{"rendered":"<p><b>Das <a href=\"http:\/\/board.stricknetz.net\/blog\/das-wollschaf\/index.php?showentry=6043\">Wollschaf<\/a> fragt:<br \/>\nWie verh\u00e4ltst Du Dich, wenn Dich kurz vor Weihnachten die totale Strick- und H\u00e4kelunlust \u00fcberf\u00e4llt, Du aber noch jede Menge angefangene Projekte herumliegen hast, die eigentlich noch als Weihnachtsgeschenk fertig werden sollen?<br \/>\nHerzlichen Dank an Ute f\u00fcr die heutige Frage!<\/b><\/p>\n<p>Dass mich die totale Unlust derart bef\u00e4llt, ist ziemlich unwahrscheinlich, dazu stricke ich einfach zu gern. Au\u00dferdem ist die Zahl der erforderlichen Geschenke \u00fcberschaubar. Und vieles kann man gut auch mehrere Monate im voraus anfertigen, so dass man f\u00fcr den allerschlimmsten Fall (beispielsweise eine gebrochene Hand oder \u00e4hnliche Katastrophen) vorgesorgt hat. Jedenfalls mache ich das so. \ud83d\ude42<\/p>\n","protected":false},"excerpt":{"rendered":"<p>Das Wollschaf fragt: Wie verh\u00e4ltst Du Dich, wenn Dich kurz vor Weihnachten die totale Strick- und H\u00e4kelunlust \u00fcberf\u00e4llt, Du aber noch jede Menge angefangene Projekte herumliegen hast, die eigentlich noch als Weihnachtsgeschenk fertig werden sollen? Herzlichen Dank an Ute f\u00fcr die heutige Frage! Dass mich die totale Unlust derart bef\u00e4llt, ist ziemlich unwahrscheinlich, dazu stricke &hellip; <a href=\"https:\/\/www.strickforum.de\/blog\/die-verstrickte-dienstagsfrage-472009\/\" class=\"more-link\"><span class=\"screen-reader-text\">\u201eDie verstrickte Dienstagsfrage 47\/2009\u201c <\/span>weiterlesen<\/a><\/p>\n","protected":false},"author":3,"featured_media":0,"comment_status":"open","ping_status":"open","sticky":false,"template":"","format":"standard","meta":{"_seopress_robots_primary_cat":"","_seopress_titles_title":"","_seopress_titles_desc":"","_seopress_robots_index":"","_crdt_document":"","jetpack_post_was_ever_published":false,"_jetpack_newsletter_access":"","_jetpack_dont_email_post_to_subs":false,"_jetpack_newsletter_tier_id":0,"_jetpack_memberships_contains_paywalled_content":false,"_jetpack_memberships_contains_paid_content":false,"footnotes":"","jetpack_publicize_message":"","jetpack_publicize_feature_enabled":true,"jetpack_social_post_already_shared":false,"jetpack_social_options":{"image_generator_settings":{"template":"highway","default_image_id":0,"font":"","enabled":false},"version":2}},"categories":[6],"tags":[],"class_list":["post-834","post","type-post","status-publish","format-standard","hentry","category-6"],"jetpack_publicize_connections":[],"jetpack_featured_media_url":"","jetpack_sharing_enabled":true,"jetpack_shortlink":"https:\/\/wp.me\/p7JbSI-ds","jetpack-related-posts":[{"id":1284,"url":"https:\/\/www.strickforum.de\/blog\/die-verstrickte-dienstagsfrage-512011\/","url_meta":{"origin":834,"position":0},"title":"Die verstrickte Dienstagsfrage 51\/2011","author":"Admin","date":"21. Dezember 2011","format":false,"excerpt":"Das Wollschaf fragte diesmal: Fertigt ihr gestrickte oder geh\u00e4kelte Weihnachtsgeschenke an? Wann fangt ihr damit an? Wieviel Zeit investiert ihr daf\u00fcr? Wer sind die Beschenkten? Vielen Dank an Reni f\u00fcr die heutige Frage! Meine Antwort kommt etwas sp\u00e4t, hoffentlich liest \u00fcberhaupt noch jemand mit. Im Prinzip und \u00fcber die Jahre\u2026","rel":"","context":"In &quot;Stricken&quot;","block_context":{"text":"Stricken","link":"https:\/\/www.strickforum.de\/blog\/category\/3\/"},"img":{"alt_text":"","src":"","width":0,"height":0},"classes":[]},{"id":1738,"url":"https:\/\/www.strickforum.de\/blog\/die-verstrickte-dienstagsfrage-122014\/","url_meta":{"origin":834,"position":1},"title":"Die verstrickte Dienstagsfrage 12\/2014","author":"Admin","date":"18. M\u00e4rz 2014","format":false,"excerpt":"Diese Woche hat das Wollschaf eine Frage aus dem Archiv vom 6.3.07: Wieviel % Eurer Modelle fallen unter: - Stricken um des Strickens Willen - Stricken, weil Du\u2019s selbst brauchst - Stricken, weil dir jemand einen Auftrag gibt - Stricken, weil ein Geschenk ben\u00f6tigt wird - Stricken f\u00fcr einen guten\u2026","rel":"","context":"In &quot;Stricken&quot;","block_context":{"text":"Stricken","link":"https:\/\/www.strickforum.de\/blog\/category\/3\/"},"img":{"alt_text":"","src":"","width":0,"height":0},"classes":[]},{"id":1680,"url":"https:\/\/www.strickforum.de\/blog\/die-verstrickte-dienstagsfrage-502013\/","url_meta":{"origin":834,"position":2},"title":"Die verstrickte Dienstagsfrage 50\/2013","author":"Admin","date":"10. Dezember 2013","format":false,"excerpt":"Diese Woche ist das Wollschaf \u00fcberaus neugierig und stellt eine Frage von Anja: Nat\u00fcrlich geht es auch heute um Weihnachten und ich m\u00f6chte die Frage von letzter Woche umdrehen. Welche wolligen Geschenke macht ihr? Strickt ihr jedem Familienmitglied Socken oder andere Kleinigkeiten, oder gibt es ein paar Auserw\u00e4hlte, die mit\u2026","rel":"","context":"In &quot;Stricken&quot;","block_context":{"text":"Stricken","link":"https:\/\/www.strickforum.de\/blog\/category\/3\/"},"img":{"alt_text":"","src":"","width":0,"height":0},"classes":[]},{"id":830,"url":"https:\/\/www.strickforum.de\/blog\/die-verstrickte-dienstagsfrage-462009\/","url_meta":{"origin":834,"position":3},"title":"Die verstrickte Dienstagsfrage 46\/2009","author":"Admin","date":"10. November 2009","format":false,"excerpt":"Das Wollschaf fragt: Ich fange ein neues Strickst\u00fcck immer mit viel Enthusiasmus an - es ist einfach toll, neue Wolle anzustricken. Aber mit dem Fertigstellen hapert es bei mir noch, das fordert viel Durchhalteverm\u00f6gen. Wenn dann mal etwas fertig wird, habe ich richtig Trennungsschmerz und bin traurig, dass es vorbei\u2026","rel":"","context":"In &quot;Stricken&quot;","block_context":{"text":"Stricken","link":"https:\/\/www.strickforum.de\/blog\/category\/3\/"},"img":{"alt_text":"","src":"","width":0,"height":0},"classes":[]},{"id":1427,"url":"https:\/\/www.strickforum.de\/blog\/die-verstrickte-dienstagsfrage-372012\/","url_meta":{"origin":834,"position":4},"title":"Die verstrickte Dienstagsfrage 37\/2012","author":"Admin","date":"11. September 2012","format":false,"excerpt":"Diese Woche fragt das Wollschaf: Ponchos sind auch dieses Jahr total in. Gestrickt oder geh\u00e4kelt, dass ist in diesem Fall egal. Habt ihr euch schon einen gestrickt oder steht das noch auf der Wunschliste? Oder ist so ein Poncho nicht praktisch und euer Ding? Vielen Dank an Bianca f\u00fcr die\u2026","rel":"","context":"In &quot;Stricken&quot;","block_context":{"text":"Stricken","link":"https:\/\/www.strickforum.de\/blog\/category\/3\/"},"img":{"alt_text":"","src":"","width":0,"height":0},"classes":[]},{"id":1080,"url":"https:\/\/www.strickforum.de\/blog\/die-verstrickte-dienstagsfrage-512010\/","url_meta":{"origin":834,"position":5},"title":"Die verstrickte Dienstagsfrage 51\/2010","author":"Admin","date":"21. Dezember 2010","format":false,"excerpt":"Das Wollschaf fragt heute: Wo und wann strickt ihr? Begleitet euch das Strickzeug ueberall hin? Strickt ihr schon morgens auf dem Weg zur Arbeit, oder nur abends, z.B. zuhause auf dem Sofa vor dem Fernseher? Habt ihr spezielle Projekte fuer die verschiedenen \u201cStrickzeiten\u201d und \u201cStrickplaetze\u201d? Vielen Dank an Connie f\u00fcr\u2026","rel":"","context":"In &quot;Stricken&quot;","block_context":{"text":"Stricken","link":"https:\/\/www.strickforum.de\/blog\/category\/3\/"},"img":{"alt_text":"","src":"","width":0,"height":0},"classes":[]}],"_links":{"self":[{"href":"https:\/\/www.strickforum.de\/blog\/wp-json\/wp\/v2\/posts\/834","targetHints":{"allow":["GET"]}}],"collection":[{"href":"https:\/\/www.strickforum.de\/blog\/wp-json\/wp\/v2\/posts"}],"about":[{"href":"https:\/\/www.strickforum.de\/blog\/wp-json\/wp\/v2\/types\/post"}],"author":[{"embeddable":true,"href":"https:\/\/www.strickforum.de\/blog\/wp-json\/wp\/v2\/users\/3"}],"replies":[{"embeddable":true,"href":"https:\/\/www.strickforum.de\/blog\/wp-json\/wp\/v2\/comments?post=834"}],"version-history":[{"count":0,"href":"https:\/\/www.strickforum.de\/blog\/wp-json\/wp\/v2\/posts\/834\/revisions"}],"wp:attachment":[{"href":"https:\/\/www.strickforum.de\/blog\/wp-json\/wp\/v2\/media?parent=834"}],"wp:term":[{"taxonomy":"category","embeddable":true,"href":"https:\/\/www.strickforum.de\/blog\/wp-json\/wp\/v2\/categories?post=834"},{"taxonomy":"post_tag","embeddable":true,"href":"https:\/\/www.strickforum.de\/blog\/wp-json\/wp\/v2\/tags?post=834"}],"curies":[{"name":"wp","href":"https:\/\/api.w.org\/{rel}","templated":true}]}}