{"id":835,"date":"2009-11-22T09:17:31","date_gmt":"2009-11-22T08:17:31","guid":{"rendered":"http:\/\/www.strickforum.de\/blog\/?p=835"},"modified":"2009-11-22T09:17:31","modified_gmt":"2009-11-22T08:17:31","slug":"modell-50-wachst-number-50-growing","status":"publish","type":"post","link":"https:\/\/www.strickforum.de\/blog\/modell-50-wachst-number-50-growing\/","title":{"rendered":"Modell 50 w\u00e4chst &#8211; Number 50 growing"},"content":{"rendered":"<p>Dies ist kein Weihnachtsgeschenk; ich muss deshalb auch nicht in Hektik verfallen. Es ist ein Herrenpullover aus der &#8220;Verena&#8221;-Herbstausgabe. Allerdings habe ich das mittlere Zopfmuster ein wenig ver\u00e4ndert, weil es mir im Original zu langweilig aussah. Dieses Muster ist ein sch\u00f6nes Beispiel daf\u00fcr, wie eine identische Zopfeinteilung ganz anders wirken kann, wenn man beim Verkreuzen die Richtung \u00e4ndert.<br \/>\nWas mir an diesem Modell nicht so gef\u00e4llt: Die Designerin hat keinen Gedanken daran verschwendet, das B\u00fcndchenmuster an die Zopfmuster anzupassen. Die kleinen Muster h\u00e4tten sehr sch\u00f6n bereits im B\u00fcndchen beginnen k\u00f6nnen, dadurch h\u00e4tte der Pullover noch edler und durchdachter gewirkt. Ich muss zugeben, dass ich nach dem Bund auch keine Lust hatte, alles noch einmal aufzuziehen, neu anzufangen und die Zunahmen nach dem Bund ebenfalls komplett neu zu berechnen. <\/p>\n<p><img data-recalc-dims=\"1\" src=\"https:\/\/i0.wp.com\/www.strickforum.de\/blog\/media\/1\/20091122-verenaherbst_50.jpg?resize=400%2C249\" width=\"400\"  height=\"249\"  alt='Verena Herbst\/autumn 2009, Modell 50'  \/><\/p>\n<p>This is not a Christmas present, so there&#8217;s no need to rush. It is a man&#8217;s sweater from &#8220;Verena&#8221; autumn issue. I modified the center cable pattern, however, because I found the original too boring. This pattern is a nice example how a cable pattern can have a completely different look by changing the cabling direction of the stitches.<br \/>\nWhat I do not particularly like with this garment: The designer did not spend a single thought on how to match the welt and the body pattern. The smaller patterns could already have started with the welt, then the garment would have appeared more classy and sophisticated. I have to admit that, having knit the welt, neither did I feel like unraveling it and starting anew, redistributing the increases.<\/p>\n","protected":false},"excerpt":{"rendered":"<p>Dies ist kein Weihnachtsgeschenk; ich muss deshalb auch nicht in Hektik verfallen. Es ist ein Herrenpullover aus der &#8220;Verena&#8221;-Herbstausgabe. Allerdings habe ich das mittlere Zopfmuster ein wenig ver\u00e4ndert, weil es mir im Original zu langweilig aussah. Dieses Muster ist ein sch\u00f6nes Beispiel daf\u00fcr, wie eine identische Zopfeinteilung ganz anders wirken kann, wenn man beim Verkreuzen &hellip; <a href=\"https:\/\/www.strickforum.de\/blog\/modell-50-wachst-number-50-growing\/\" class=\"more-link\"><span class=\"screen-reader-text\">\u201eModell 50 w\u00e4chst &#8211; Number 50 growing\u201c <\/span>weiterlesen<\/a><\/p>\n","protected":false},"author":3,"featured_media":0,"comment_status":"open","ping_status":"open","sticky":false,"template":"","format":"standard","meta":{"_seopress_robots_primary_cat":"","_seopress_titles_title":"","_seopress_titles_desc":"","_seopress_robots_index":"","_crdt_document":"","jetpack_post_was_ever_published":false,"_jetpack_newsletter_access":"","_jetpack_dont_email_post_to_subs":false,"_jetpack_newsletter_tier_id":0,"_jetpack_memberships_contains_paywalled_content":false,"_jetpack_memberships_contains_paid_content":false,"footnotes":"","jetpack_publicize_message":"","jetpack_publicize_feature_enabled":true,"jetpack_social_post_already_shared":false,"jetpack_social_options":{"image_generator_settings":{"template":"highway","default_image_id":0,"font":"","enabled":false},"version":2}},"categories":[6],"tags":[],"class_list":["post-835","post","type-post","status-publish","format-standard","hentry","category-6"],"jetpack_publicize_connections":[],"jetpack_featured_media_url":"","jetpack_sharing_enabled":true,"jetpack_shortlink":"https:\/\/wp.me\/p7JbSI-dt","jetpack-related-posts":[{"id":1636,"url":"https:\/\/www.strickforum.de\/blog\/von-interweave-knits-inspiriert-seven-lines\/","url_meta":{"origin":835,"position":0},"title":"Von Interweave Knits inspiriert: Seven Lines","author":"Admin","date":"4. Oktober 2013","format":false,"excerpt":"Im vorvergangenen Monat hatte ich ja \u00fcber die Modelle in der Interweave Knits Fall 2013 gel\u00e4stert. Bei genauerem Hinsehen fand ich aber doch das eine oder andere interessante Element, speziell am \u201cSeven Sisters Pullover\u201d, der leider am magers\u00fcchtigen Modell wenig attraktiv wirkt. Was mir an diesem Pullover gef\u00e4llt, sind die\u2026","rel":"","context":"In &quot;Stricken&quot;","block_context":{"text":"Stricken","link":"https:\/\/www.strickforum.de\/blog\/category\/3\/"},"img":{"alt_text":"","src":"","width":0,"height":0},"classes":[]},{"id":87,"url":"https:\/\/www.strickforum.de\/blog\/on-schedule\/","url_meta":{"origin":835,"position":1},"title":"On Schedule","author":"Admin","date":"20. November 2005","format":false,"excerpt":"Innerhalb einer Woche habe ich es geschafft, das R\u00fcckenteil von \u201cSt. Enda\u201d fertigzubekommen. Ich bin \u00fcber mich selbst erstaunt. Normalerweise brauche ich f\u00fcr solche Muster und Teile die vierfache Zeit. Da ich lieber mit offenen Maschen als mit abgeketteten Kanten arbeite, habe ich s\u00e4mtliche Maschen auf der Nadel gelassen. Wenn\u2026","rel":"","context":"In &quot;Stricken&quot;","block_context":{"text":"Stricken","link":"https:\/\/www.strickforum.de\/blog\/category\/3\/"},"img":{"alt_text":"","src":"","width":0,"height":0},"classes":[]},{"id":1890,"url":"https:\/\/www.strickforum.de\/blog\/etwas-simples\/","url_meta":{"origin":835,"position":2},"title":"Etwas Simples","author":"Admin","date":"6. M\u00e4rz 2015","format":false,"excerpt":"Manchmal m\u00f6chte man beim Stricken einen relativ schnellen Erfolg erzielen. Perfekt daf\u00fcr geeignet sind zum einen erprobte Schnitte und zum anderen Garne, die man schon einmal verarbeitet hat, so dass man sich theoretisch sogar die Maschenprobe sparen kann. So war es bei diesem Pullover: Das Material ist eine gut abgelagerte\u2026","rel":"","context":"In &quot;Stricken&quot;","block_context":{"text":"Stricken","link":"https:\/\/www.strickforum.de\/blog\/category\/3\/"},"img":{"alt_text":"","src":"","width":0,"height":0},"classes":[]},{"id":726,"url":"https:\/\/www.strickforum.de\/blog\/die-verstrickte-dienstagsfrage-222009\/","url_meta":{"origin":835,"position":3},"title":"Die verstrickte Dienstagsfrage 22\/2009","author":"Admin","date":"26. Mai 2009","format":false,"excerpt":"Das Wollschaf fragt: Wie alt ist Euer \u00e4ltestes UFO? Was h\u00e4lt Euch Euch davon ab, es fertigzustellen? Herzlichen Dank an Kerstin (huch, das bin ich) f\u00fcr die heutige Frage! Zeit f\u00fcr ein Gest\u00e4ndnis. Leute, haltet Euch fest. Mein \u00e4ltestes UFO ist vom Juli 1996. Es handelt sich um eine Jacke\u2026","rel":"","context":"In &quot;Stricken&quot;","block_context":{"text":"Stricken","link":"https:\/\/www.strickforum.de\/blog\/category\/3\/"},"img":{"alt_text":"Zopfmuster aus Wolle-Seide-Gemisch","src":"https:\/\/i0.wp.com\/www.strickforum.de\/blog\/media\/1\/20090526-wolle-seide-ufo.jpg?resize=350%2C200","width":350,"height":200},"classes":[]},{"id":1036,"url":"https:\/\/www.strickforum.de\/blog\/criminal-minds-mystery-kerchief\/","url_meta":{"origin":835,"position":4},"title":"Criminal Minds Mystery Kerchief","author":"Admin","date":"11. Oktober 2010","format":false,"excerpt":"Dies wird ein kleines Tuch. Eigentlich sollte ab dem 22.09. jeden Mittwoch ein neuer Hinweis kommen. Inzwischen ist man bei Clue 5. Zum Gl\u00fcck sind die Strick-Portionen relativ klein. Dieses kleine Tuch setzt sich nicht aus den sonst so beliebten Lochmustern zusammen, sondern aus Streifen von interessanten Strukturmustern: Muster mit\u2026","rel":"","context":"In &quot;Stricken&quot;","block_context":{"text":"Stricken","link":"https:\/\/www.strickforum.de\/blog\/category\/3\/"},"img":{"alt_text":"Mystery Kerchief, Clue 5","src":"https:\/\/i0.wp.com\/www.strickforum.de\/blog\/media\/1\/20101011-mysterykerchief_clue5.jpg?resize=350%2C200","width":350,"height":200},"classes":[]},{"id":141,"url":"https:\/\/www.strickforum.de\/blog\/garngeiz-ist-ungeil\/","url_meta":{"origin":835,"position":5},"title":"Garngeiz ist ungeil","author":"Admin","date":"18. April 2006","format":false,"excerpt":"Heute durfte ich gleich zweimal erleben, wie bl\u00f6d es ist, wenn einem bei den letzten Maschen das Garn ausgeht. Bei der zweiten Schulter des Vorderteils fehlten mir noch etwa 30 cm Garn bis zum Ende. Mitten in den verk\u00fcrzten Reihen durfte ich ansetzen, denn ich hatte nat\u00fcrlich keine Lust, noch\u2026","rel":"","context":"In &quot;Stricken&quot;","block_context":{"text":"Stricken","link":"https:\/\/www.strickforum.de\/blog\/category\/3\/"},"img":{"alt_text":"Halsloch von Modell \u201cHope\u201d","src":"https:\/\/i0.wp.com\/www.strickforum.de\/blog\/media\/1\/20060418-hope_halsloch.jpg?resize=350%2C200","width":350,"height":200},"classes":[]}],"_links":{"self":[{"href":"https:\/\/www.strickforum.de\/blog\/wp-json\/wp\/v2\/posts\/835","targetHints":{"allow":["GET"]}}],"collection":[{"href":"https:\/\/www.strickforum.de\/blog\/wp-json\/wp\/v2\/posts"}],"about":[{"href":"https:\/\/www.strickforum.de\/blog\/wp-json\/wp\/v2\/types\/post"}],"author":[{"embeddable":true,"href":"https:\/\/www.strickforum.de\/blog\/wp-json\/wp\/v2\/users\/3"}],"replies":[{"embeddable":true,"href":"https:\/\/www.strickforum.de\/blog\/wp-json\/wp\/v2\/comments?post=835"}],"version-history":[{"count":0,"href":"https:\/\/www.strickforum.de\/blog\/wp-json\/wp\/v2\/posts\/835\/revisions"}],"wp:attachment":[{"href":"https:\/\/www.strickforum.de\/blog\/wp-json\/wp\/v2\/media?parent=835"}],"wp:term":[{"taxonomy":"category","embeddable":true,"href":"https:\/\/www.strickforum.de\/blog\/wp-json\/wp\/v2\/categories?post=835"},{"taxonomy":"post_tag","embeddable":true,"href":"https:\/\/www.strickforum.de\/blog\/wp-json\/wp\/v2\/tags?post=835"}],"curies":[{"name":"wp","href":"https:\/\/api.w.org\/{rel}","templated":true}]}}