{"id":853,"date":"2009-12-16T07:10:00","date_gmt":"2009-12-16T06:10:00","guid":{"rendered":"http:\/\/www.strickforum.de\/blog\/?p=853"},"modified":"2009-12-16T07:10:00","modified_gmt":"2009-12-16T06:10:00","slug":"winter-knitty","status":"publish","type":"post","link":"https:\/\/www.strickforum.de\/blog\/winter-knitty\/","title":{"rendered":"Winter Knitty"},"content":{"rendered":"<p>Seit zwei Tagen ist die neue Ausgabe online, und seither schleiche ich um die Modelle herum und \u00fcberlege allen Ernstes, ob ich es bis Weihnachten noch das eine oder andere stricken k\u00f6nnte. Ich schaff&#8217;s nicht, ich brauche keinen Gedanken daran zu verschwenden. Aber die Modelle gefallen mir diesmal fast alle, mal abgesehen von den Socken und den T\u00fcchern. Die fingerlosen Handschuhe <a href=\"http:\/\/www.knitty.com\/ISSUEwinter09\/PATTqueencity.php\">Queen City<\/a> habe ich mir bereits vorgemerkt, au\u00dferdem <a href=\"http:\/\/www.knitty.com\/ISSUEwinter09\/PATTmrdarcy.php\">Mr. Darcy<\/a>, <a href=\"http:\/\/www.knitty.com\/ISSUEwinter09\/PATTspoke.php\">Spoke<\/a> und <a href=\"http:\/\/www.knitty.com\/ISSUEwinter09\/PATTquadrat.php\">Quadrat<\/a>. Fehlt nur noch das dazugeh\u00f6rige Zeitkontingent.<\/p>\n<p>The new issue has been being online for two days, and I&#8217;m lurking around the patterns and seriously contemplating to knit one or the other of them for Christmas. I&#8217;d never make it, it&#8217;s useless to waste a thought on it. But I like almost all of the patterns, apart from the socks and the shawls. The fingerless <a href=\"http:\/\/www.knitty.com\/ISSUEwinter09\/PATTqueencity.php\">Queen City<\/a> gloves are already on my list, as well as <a href=\"http:\/\/www.knitty.com\/ISSUEwinter09\/PATTmrdarcy.php\">Mr Darcy<\/a>, <a href=\"http:\/\/www.knitty.com\/ISSUEwinter09\/PATTspoke.php\">Spoke<\/a> and <a href=\"http:\/\/www.knitty.com\/ISSUEwinter09\/PATTquadrat.php\">Quadrat<\/a>. Only the necessary quota of time is missing.<\/p>\n","protected":false},"excerpt":{"rendered":"<p>Seit zwei Tagen ist die neue Ausgabe online, und seither schleiche ich um die Modelle herum und \u00fcberlege allen Ernstes, ob ich es bis Weihnachten noch das eine oder andere stricken k\u00f6nnte. Ich schaff&#8217;s nicht, ich brauche keinen Gedanken daran zu verschwenden. Aber die Modelle gefallen mir diesmal fast alle, mal abgesehen von den Socken &hellip; <a href=\"https:\/\/www.strickforum.de\/blog\/winter-knitty\/\" class=\"more-link\"><span class=\"screen-reader-text\">\u201eWinter Knitty\u201c <\/span>weiterlesen<\/a><\/p>\n","protected":false},"author":3,"featured_media":0,"comment_status":"open","ping_status":"open","sticky":false,"template":"","format":"standard","meta":{"_seopress_robots_primary_cat":"","_seopress_titles_title":"","_seopress_titles_desc":"","_seopress_robots_index":"","_crdt_document":"","jetpack_post_was_ever_published":false,"_jetpack_newsletter_access":"","_jetpack_dont_email_post_to_subs":false,"_jetpack_newsletter_tier_id":0,"_jetpack_memberships_contains_paywalled_content":false,"_jetpack_memberships_contains_paid_content":false,"footnotes":"","jetpack_publicize_message":"","jetpack_publicize_feature_enabled":true,"jetpack_social_post_already_shared":false,"jetpack_social_options":{"image_generator_settings":{"template":"highway","default_image_id":0,"font":"","enabled":false},"version":2}},"categories":[6],"tags":[],"class_list":["post-853","post","type-post","status-publish","format-standard","hentry","category-6"],"jetpack_publicize_connections":[],"jetpack_featured_media_url":"","jetpack_sharing_enabled":true,"jetpack_shortlink":"https:\/\/wp.me\/p7JbSI-dL","jetpack-related-posts":[{"id":369,"url":"https:\/\/www.strickforum.de\/blog\/central-park-hoodie\/","url_meta":{"origin":853,"position":0},"title":"Central Park Hoodie","author":"Admin","date":"7. April 2008","format":false,"excerpt":"Das Internet ist mittlerweile voll mit Bildern von dieser praktischen Jacke, die in der Herbst-Ausgabe 2006 der Zeitschrift \u201cKnitscene\u201d erschienen war. Das Heft ist schon seit langem vergriffen, aber einzelne besonders beliebte Anleitungen, darunter auch die oben genannte Jacke, kann man zum Gl\u00fcck nachkaufen. Genau das habe ich getan, weil\u2026","rel":"","context":"In &quot;Stricken&quot;","block_context":{"text":"Stricken","link":"https:\/\/www.strickforum.de\/blog\/category\/3\/"},"img":{"alt_text":"Central Park Hoodie","src":"https:\/\/i0.wp.com\/www.strickforum.de\/blog\/media\/1\/20080407-centralparkhoodie.jpg?resize=350%2C200","width":350,"height":200},"classes":[]},{"id":274,"url":"https:\/\/www.strickforum.de\/blog\/blodes-musterdiagramm\/","url_meta":{"origin":853,"position":1},"title":"Bl\u00f6des Musterdiagramm","author":"Admin","date":"8. September 2007","format":false,"excerpt":"In meinem Vorrat befinden sich noch etwa 300 g \u201cLinie 56\u201d Mohairgarn von ONLine in Lachs, und in der Herbst-Ausgabe von \u201cSabrina Stricktrends\u201d fand ich die Anleitung f\u00fcr eine Wickeljacke (Nr. 41), die aus einem Garn mit exakt derselben Zusammensetzung und geringf\u00fcgig weniger Laufl\u00e4nge besteht. So lag es nahe, die\u2026","rel":"","context":"In &quot;Stricken&quot;","block_context":{"text":"Stricken","link":"https:\/\/www.strickforum.de\/blog\/category\/3\/"},"img":{"alt_text":"Sabrina Stricktrends, pattern 41","src":"https:\/\/i0.wp.com\/www.strickforum.de\/blog\/media\/1\/20070908-sabrina_herbst_muster41.jpg?resize=350%2C200","width":350,"height":200},"classes":[]},{"id":809,"url":"https:\/\/www.strickforum.de\/blog\/verena-winterausgabe-verena-winter-issue\/","url_meta":{"origin":853,"position":2},"title":"Verena Winterausgabe &#8211; Verena Winter issue","author":"Admin","date":"15. Oktober 2009","format":false,"excerpt":"Heute habe ich es endlich geschafft, mir das Heft zu sichern, nachdem ich bereits bei Tina dar\u00fcber gelesen hatte. Ich finde diese Ausgabe sehr gelungen. Wenn ich schreibe, was mir am besten daran gef\u00e4llt, werdet Ihr alle lachen: Ich finde es gro\u00dfartig, dass jetzt bei jedem Modell dabei steht, wer\u2026","rel":"","context":"In &quot;Stricken&quot;","block_context":{"text":"Stricken","link":"https:\/\/www.strickforum.de\/blog\/category\/3\/"},"img":{"alt_text":"Verena Winter 2009","src":"https:\/\/i0.wp.com\/www.strickforum.de\/blog\/media\/1\/20091015-verena_winter2009.jpg?resize=350%2C200","width":350,"height":200},"classes":[]},{"id":914,"url":"https:\/\/www.strickforum.de\/blog\/die-neue-knitty-the-new-knitty\/","url_meta":{"origin":853,"position":3},"title":"Die neue Knitty &#8211; The new Knitty","author":"Admin","date":"22. M\u00e4rz 2010","format":false,"excerpt":"Die neue Fr\u00fchling-Sommer-Ausgabe finde ich nicht schlecht. Es ist nichts dabei, was ich unbedingt sofort stricken wollen w\u00fcrde, aber durchaus einiges Inspirierende. Interessant finde ich das geh\u00e4ufte Auftreten von Pullis im Empire-Stil. \u201cEmmaline\u201d k\u00f6nnte mir gefallen, wenn das Strickbild nicht so grob w\u00e4re. \u201cLa Gitana\u201d hat f\u00fcr meinen Geschmack einen\u2026","rel":"","context":"In &quot;Stricken&quot;","block_context":{"text":"Stricken","link":"https:\/\/www.strickforum.de\/blog\/category\/3\/"},"img":{"alt_text":"","src":"","width":0,"height":0},"classes":[]},{"id":319,"url":"https:\/\/www.strickforum.de\/blog\/das-wollschaf-woche-492007-the-wool-sheep-week-492007\/","url_meta":{"origin":853,"position":4},"title":"Das Wollschaf, Woche 49\/2007 &#8211; the Wool Sheep, week 49\/2007","author":"Admin","date":"4. Dezember 2007","format":false,"excerpt":"Probierst Du gerne neue Anleitungen aus oder hast Du Lieblingsmodelle (Pullover, Socken, T\u00fccher etc.), die Du im selben Muster, aber aus unterschiedlichen Garnen immer wieder strickst? Vielen Dank an Tammina f\u00fcr die heutige Frage! Meine Antwort darauf ist ein klares \u201csowohl-als auch und \u00fcberhaupt\u201d. Nat\u00fcrlich stricke ich manche Dinge immer\u2026","rel":"","context":"In &quot;Stricken&quot;","block_context":{"text":"Stricken","link":"https:\/\/www.strickforum.de\/blog\/category\/3\/"},"img":{"alt_text":"","src":"","width":0,"height":0},"classes":[]},{"id":495,"url":"https:\/\/www.strickforum.de\/blog\/die-verstrickte-dienstagsfrage-the-wool-sheeps-question-352008\/","url_meta":{"origin":853,"position":5},"title":"Die verstrickte Dienstagsfrage &#8211; the Wool Sheep&#8217;s question 35\/2008","author":"Admin","date":"26. August 2008","format":false,"excerpt":"Das Wollschaf fragt: Ist es euch schon mal passiert, dass ihr ein Modell unbedingt stricken wolltet, weil ihr es so sch\u00f6n fandet und dann stellte sich heraus, dass es \u201cin echt\u201d deutlich hinter den Erwartungen zur\u00fcckblieb? Passform war grausig. Oder es wurde irgendwie anders als auf dem Bild.... Vielen Dank\u2026","rel":"","context":"In &quot;Stricken&quot;","block_context":{"text":"Stricken","link":"https:\/\/www.strickforum.de\/blog\/category\/3\/"},"img":{"alt_text":"","src":"","width":0,"height":0},"classes":[]}],"_links":{"self":[{"href":"https:\/\/www.strickforum.de\/blog\/wp-json\/wp\/v2\/posts\/853","targetHints":{"allow":["GET"]}}],"collection":[{"href":"https:\/\/www.strickforum.de\/blog\/wp-json\/wp\/v2\/posts"}],"about":[{"href":"https:\/\/www.strickforum.de\/blog\/wp-json\/wp\/v2\/types\/post"}],"author":[{"embeddable":true,"href":"https:\/\/www.strickforum.de\/blog\/wp-json\/wp\/v2\/users\/3"}],"replies":[{"embeddable":true,"href":"https:\/\/www.strickforum.de\/blog\/wp-json\/wp\/v2\/comments?post=853"}],"version-history":[{"count":0,"href":"https:\/\/www.strickforum.de\/blog\/wp-json\/wp\/v2\/posts\/853\/revisions"}],"wp:attachment":[{"href":"https:\/\/www.strickforum.de\/blog\/wp-json\/wp\/v2\/media?parent=853"}],"wp:term":[{"taxonomy":"category","embeddable":true,"href":"https:\/\/www.strickforum.de\/blog\/wp-json\/wp\/v2\/categories?post=853"},{"taxonomy":"post_tag","embeddable":true,"href":"https:\/\/www.strickforum.de\/blog\/wp-json\/wp\/v2\/tags?post=853"}],"curies":[{"name":"wp","href":"https:\/\/api.w.org\/{rel}","templated":true}]}}