{"id":855,"date":"2009-12-20T16:43:09","date_gmt":"2009-12-20T15:43:09","guid":{"rendered":"http:\/\/www.strickforum.de\/blog\/?p=855"},"modified":"2009-12-20T16:43:09","modified_gmt":"2009-12-20T15:43:09","slug":"beruhigendes-gefuhl-reassuring-feeling","status":"publish","type":"post","link":"https:\/\/www.strickforum.de\/blog\/beruhigendes-gefuhl-reassuring-feeling\/","title":{"rendered":"Beruhigendes Gef\u00fchl &#8211; Reassuring Feeling"},"content":{"rendered":"<p>Alle Geschenke sind verpackt, bis auf das letzte, das noch nicht fertig gestrickt ist, aber das schaffe ich bestimmt noch bis Heiligabend. Was mit der Post verschickt werden muss, ist unterwegs. Und das Badische Sch\u00e4ufele f\u00fcr Heiligabend liegt im K\u00fchlschrank bereit.<\/p>\n<p>All gifts are wrapped, except the last one that I&#8217;m still knitting on, but I&#8217;m determined to finish it before Christmas Eve. The parcels that are to be mailed are on their way. And the Sch\u00e4ufele Baden style for Christmas Eve is waiting in the fridge.<\/p>\n","protected":false},"excerpt":{"rendered":"<p>Alle Geschenke sind verpackt, bis auf das letzte, das noch nicht fertig gestrickt ist, aber das schaffe ich bestimmt noch bis Heiligabend. Was mit der Post verschickt werden muss, ist unterwegs. Und das Badische Sch\u00e4ufele f\u00fcr Heiligabend liegt im K\u00fchlschrank bereit. All gifts are wrapped, except the last one that I&#8217;m still knitting on, but &hellip; <a href=\"https:\/\/www.strickforum.de\/blog\/beruhigendes-gefuhl-reassuring-feeling\/\" class=\"more-link\"><span class=\"screen-reader-text\">\u201eBeruhigendes Gef\u00fchl &#8211; Reassuring Feeling\u201c <\/span>weiterlesen<\/a><\/p>\n","protected":false},"author":3,"featured_media":0,"comment_status":"open","ping_status":"open","sticky":false,"template":"","format":"standard","meta":{"_seopress_robots_primary_cat":"","_seopress_titles_title":"","_seopress_titles_desc":"","_seopress_robots_index":"","_crdt_document":"","jetpack_post_was_ever_published":false,"_jetpack_newsletter_access":"","_jetpack_dont_email_post_to_subs":false,"_jetpack_newsletter_tier_id":0,"_jetpack_memberships_contains_paywalled_content":false,"_jetpack_memberships_contains_paid_content":false,"footnotes":"","jetpack_publicize_message":"","jetpack_publicize_feature_enabled":true,"jetpack_social_post_already_shared":false,"jetpack_social_options":{"image_generator_settings":{"template":"highway","default_image_id":0,"font":"","enabled":false},"version":2}},"categories":[5],"tags":[],"class_list":["post-855","post","type-post","status-publish","format-standard","hentry","category-5"],"jetpack_publicize_connections":[],"jetpack_featured_media_url":"","jetpack_sharing_enabled":true,"jetpack_shortlink":"https:\/\/wp.me\/p7JbSI-dN","jetpack-related-posts":[{"id":585,"url":"https:\/\/www.strickforum.de\/blog\/das-erste-fertige-geschenk-the-first-finished-present\/","url_meta":{"origin":855,"position":0},"title":"Das erste fertige Geschenk &#8211; the first finished present","author":"Admin","date":"15. Dezember 2008","format":false,"excerpt":"Es sind noch neun Tage bis Weihnachten, und ich habe schon ein Geschenk von f\u00fcnf fertig. Ob ich wohl die restlichen vier auch noch schaffe? Kinderpullover aus 210 g Baumwoll-Sockengarn (Fischer \u201cSport Cotton\u201d, 75 % Baumwolle, 25 % Polyacryl, 400 m\/100 g), gestrickt mit MW 6 auf dem Feinstricker. Die\u2026","rel":"","context":"In &quot;Stricken&quot;","block_context":{"text":"Stricken","link":"https:\/\/www.strickforum.de\/blog\/category\/3\/"},"img":{"alt_text":"Kinderpulli, child","src":"https:\/\/i0.wp.com\/www.strickforum.de\/blog\/media\/1\/20081215-weihnacht01.jpg?resize=350%2C200","width":350,"height":200},"classes":[]},{"id":320,"url":"https:\/\/www.strickforum.de\/blog\/ein-gefuhl-wie-weihnachten-a-feeling-like-christmas\/","url_meta":{"origin":855,"position":1},"title":"Ein Gef\u00fchl wie Weihnachten &#8211; A feeling like Christmas","author":"Admin","date":"6. Dezember 2007","format":false,"excerpt":"Heute kam ein P\u00e4ckchen von der Wollerey an. Von au\u00dfen war es relativ unscheinbar, aber innen, wundersch\u00f6n verpackt in feines Seidenpapier (in meiner Lieblingsfarbe), fanden sich drei Str\u00e4nge \u201cMeline\u201d (Merino mit Leinen) in Farbe ml8010d (das ist ein fr\u00fchlingshaftes Gelbgr\u00fcn) und als besonderes Schmankerl ein extra gro\u00dfer Strang \u201cPeruba\u201d (Babyalpaka)\u2026","rel":"","context":"In &quot;Stricken&quot;","block_context":{"text":"Stricken","link":"https:\/\/www.strickforum.de\/blog\/category\/3\/"},"img":{"alt_text":"Wollerey \u201cMeline\u201d, gr\u00fcn-gelb\/ green-yellow","src":"https:\/\/i0.wp.com\/www.strickforum.de\/blog\/media\/1\/20071206-meline_lauch.jpg?resize=350%2C200","width":350,"height":200},"classes":[]},{"id":858,"url":"https:\/\/www.strickforum.de\/blog\/unverhofft-unexpected\/","url_meta":{"origin":855,"position":2},"title":"Unverhofft &#8211; unexpected","author":"Admin","date":"23. Dezember 2009","format":false,"excerpt":"Es gibt Gaben, die aus heiterem Himmel kommen und so ins Schwarze treffen, dass man vor Freude und R\u00fchrung fast in Tr\u00e4nen ausbricht \u2014 und diejenigen, die mich n\u00e4her kennen, wissen, dass ich normalerweise nicht gerade gef\u00fchlsduselig bin. So ein Volltreffer kam gestern hier an, und mit Erlaubnis der Absenderin\u2026","rel":"","context":"In &quot;Stricken&quot;","block_context":{"text":"Stricken","link":"https:\/\/www.strickforum.de\/blog\/category\/3\/"},"img":{"alt_text":"Queen City mittens","src":"https:\/\/i0.wp.com\/www.strickforum.de\/blog\/media\/1\/20091223-queen-city.jpg?resize=350%2C200","width":350,"height":200},"classes":[]},{"id":1088,"url":"https:\/\/www.strickforum.de\/blog\/frohliche-weihnachten-merry-christmas\/","url_meta":{"origin":855,"position":3},"title":"Fr\u00f6hliche Weihnachten &#8211; Merry Christmas","author":"Admin","date":"24. Dezember 2010","format":false,"excerpt":"Allen meinen Leserinnen und Lesern w\u00fcnsche ich ein heiteres, friedliches Weihnachtsfest im Kreise Eurer Lieben. Hoffentlich macht Euch das Winterwetter nicht zu sehr zu schaffen, und Ihr k\u00f6nnt diese Stunden dort verbringen, wo Ihr es geplant habt, so dass Ihr nicht in Z\u00fcgen, auf Flugpl\u00e4tzen oder in Staus auf verschneiten\u2026","rel":"","context":"In &quot;Allgemeines&quot;","block_context":{"text":"Allgemeines","link":"https:\/\/www.strickforum.de\/blog\/category\/1\/"},"img":{"alt_text":"","src":"","width":0,"height":0},"classes":[]},{"id":1133,"url":"https:\/\/www.strickforum.de\/blog\/spaziergang-in-oslo-oslo-walk\/","url_meta":{"origin":855,"position":4},"title":"Spaziergang in Oslo &#8211; Oslo Walk","author":"Admin","date":"27. Februar 2011","format":false,"excerpt":"Das n\u00e4chste Weihnachtsfest kommt bestimmt, deshalb bin ich schon eifrig damit besch\u00e4ftigt, Geschenke anzufertigen. Eins davon wird das Tuch \u201cOslo Walk Shawl\u201d, eine Art halbrunder Schal aus d\u00fcnnem Garn mit eingestrickten Perlen. Die ersten Reihen waren die Pest, wegen der vielen Perlen. Aber es werden dann immer weniger. Der Rest\u2026","rel":"","context":"In &quot;Stricken&quot;","block_context":{"text":"Stricken","link":"https:\/\/www.strickforum.de\/blog\/category\/3\/"},"img":{"alt_text":"Oslo Walk Shawl","src":"https:\/\/i0.wp.com\/www.strickforum.de\/blog\/media\/1\/20110227-oslo-walk-2.jpg?resize=350%2C200","width":350,"height":200},"classes":[]},{"id":1137,"url":"https:\/\/www.strickforum.de\/blog\/wieder-ein-weihnachtsgeschenk-fertig-another-christmas-present-finished\/","url_meta":{"origin":855,"position":5},"title":"Wieder ein Weihnachtsgeschenk fertig &#8211; Another Christmas present finished","author":"Admin","date":"5. M\u00e4rz 2011","format":false,"excerpt":"Die ersten Weihnachtsgeschenke schon im M\u00e4rz fertig zu haben, gibt einem das Gef\u00fchl von T\u00fcchtigkeit und Flei\u00df. ;-) Hier ist also der Oslo Walk Shawl aus der Interweave Knits Winter 2010, gestrickt aus gut 100 g Wollmeise Lace-Garn in Farbe T\u00fcrkise Markise und knapp 700 Rocaillesperlen in Azurblau mit silbernem\u2026","rel":"","context":"In &quot;Stricken&quot;","block_context":{"text":"Stricken","link":"https:\/\/www.strickforum.de\/blog\/category\/3\/"},"img":{"alt_text":"Oslo Walk Shawl","src":"https:\/\/i0.wp.com\/www.strickforum.de\/blog\/media\/1\/20110305-oslowalkshawl.jpg?resize=350%2C200","width":350,"height":200},"classes":[]}],"_links":{"self":[{"href":"https:\/\/www.strickforum.de\/blog\/wp-json\/wp\/v2\/posts\/855","targetHints":{"allow":["GET"]}}],"collection":[{"href":"https:\/\/www.strickforum.de\/blog\/wp-json\/wp\/v2\/posts"}],"about":[{"href":"https:\/\/www.strickforum.de\/blog\/wp-json\/wp\/v2\/types\/post"}],"author":[{"embeddable":true,"href":"https:\/\/www.strickforum.de\/blog\/wp-json\/wp\/v2\/users\/3"}],"replies":[{"embeddable":true,"href":"https:\/\/www.strickforum.de\/blog\/wp-json\/wp\/v2\/comments?post=855"}],"version-history":[{"count":0,"href":"https:\/\/www.strickforum.de\/blog\/wp-json\/wp\/v2\/posts\/855\/revisions"}],"wp:attachment":[{"href":"https:\/\/www.strickforum.de\/blog\/wp-json\/wp\/v2\/media?parent=855"}],"wp:term":[{"taxonomy":"category","embeddable":true,"href":"https:\/\/www.strickforum.de\/blog\/wp-json\/wp\/v2\/categories?post=855"},{"taxonomy":"post_tag","embeddable":true,"href":"https:\/\/www.strickforum.de\/blog\/wp-json\/wp\/v2\/tags?post=855"}],"curies":[{"name":"wp","href":"https:\/\/api.w.org\/{rel}","templated":true}]}}