{"id":860,"date":"2009-12-26T11:15:14","date_gmt":"2009-12-26T10:15:14","guid":{"rendered":"http:\/\/www.strickforum.de\/blog\/?p=860"},"modified":"2017-08-25T21:19:43","modified_gmt":"2017-08-25T19:19:43","slug":"wohin-mit-den-pilzen","status":"publish","type":"post","link":"https:\/\/www.strickforum.de\/blog\/wohin-mit-den-pilzen\/","title":{"rendered":"Wohin mit den Pilzen?"},"content":{"rendered":"<p>Eines meiner zahlreichen Kochb\u00fccher ist \u201cPasta\u201d von Julia della Croce (ISBN 3-405-15529-0). Ich sch\u00e4tze dieses Buch, weil die Rezepte darin gut und sehr pr\u00e4zise sind. Heute allerdings kamen mir gewisse Zweifel.<br \/>\nNach den letzten Tagen voller kulinarischer Fleischeslust hatte ich f\u00fcr heute ein vegetarisches Gericht vorgesehen, n\u00e4mlich den \u201cPasticcio di mafalde, zucchine e funghi ai due formaggi\u201d von Seite 124, einfacher ausgedr\u00fcckt eine Gem\u00fcselasagne mit Zucchini, Pilzen, Tomatensauce und K\u00e4se. Um nicht in Stress zu geraten, hatte ich das meiste schon gestern vorbereitet. Heute ging&#8217;s ans Einschichten.<\/p>\n<p><img data-recalc-dims=\"1\" loading=\"lazy\" decoding=\"async\" src=\"https:\/\/i0.wp.com\/www.strickforum.de\/blog\/media\/1\/20091226-pasticcio-di-mafalde.jpg?resize=400%2C352\" alt=\"Pasticcio di mafalde, Gem\u00fcse-Lasagne\" width=\"400\" height=\"352\" \/><\/p>\n<p>Im Kochbuch steht sinngem\u00e4\u00df:<br \/>\nSauce, K\u00e4se, Zucchini, Sauce, K\u00e4se, Nudeln, Sauce, K\u00e4se, Zucchini, Sauce, K\u00e4se, Nudeln, Sauce, K\u00e4se.<br \/>\nKein Wort von den Pilzen. Auf dem Foto sind sie allerdings andeutungsweise irgendwo mittendrin zu erahnen.<br \/>\nIch habe sie nun unter die zweite Zucchini-Lage gesteckt. Viele waren es ohnehin nicht, obwohl ich die Menge schon erh\u00f6ht hatte. Und die Nudeln liegen bei mir in drei Schichten statt in zweien. Das ergibt hoffentlich eine kompaktere Architektur.<br \/>\nIst es Euch auch schon passiert, dass eine ausdr\u00fccklich erw\u00e4hnte Zutat im weiteren Verlauf eines Rezepts schlichtweg vergessen wurde oder irgendwie verloren ging?<\/p>\n","protected":false},"excerpt":{"rendered":"<p>Eines meiner zahlreichen Kochb\u00fccher ist \u201cPasta\u201d von Julia della Croce (ISBN 3-405-15529-0). Ich sch\u00e4tze dieses Buch, weil die Rezepte darin gut und sehr pr\u00e4zise sind. Heute allerdings kamen mir gewisse Zweifel. Nach den letzten Tagen voller kulinarischer Fleischeslust hatte ich f\u00fcr heute ein vegetarisches Gericht vorgesehen, n\u00e4mlich den \u201cPasticcio di mafalde, zucchine e funghi ai &hellip; <a href=\"https:\/\/www.strickforum.de\/blog\/wohin-mit-den-pilzen\/\" class=\"more-link\"><span class=\"screen-reader-text\">\u201eWohin mit den Pilzen?\u201c <\/span>weiterlesen<\/a><\/p>\n","protected":false},"author":3,"featured_media":0,"comment_status":"open","ping_status":"open","sticky":false,"template":"","format":"standard","meta":{"_seopress_robots_primary_cat":"","_seopress_titles_title":"","_seopress_titles_desc":"","_seopress_robots_index":"","_crdt_document":"","jetpack_post_was_ever_published":false,"_jetpack_newsletter_access":"","_jetpack_dont_email_post_to_subs":false,"_jetpack_newsletter_tier_id":0,"_jetpack_memberships_contains_paywalled_content":false,"_jetpack_memberships_contains_paid_content":false,"footnotes":"","jetpack_publicize_message":"","jetpack_publicize_feature_enabled":true,"jetpack_social_post_already_shared":false,"jetpack_social_options":{"image_generator_settings":{"template":"highway","default_image_id":0,"font":"","enabled":false},"version":2}},"categories":[8],"tags":[],"class_list":["post-860","post","type-post","status-publish","format-standard","hentry","category-8"],"jetpack_publicize_connections":[],"jetpack_featured_media_url":"","jetpack_sharing_enabled":true,"jetpack_shortlink":"https:\/\/wp.me\/p7JbSI-dS","jetpack-related-posts":[{"id":925,"url":"https:\/\/www.strickforum.de\/blog\/saiblingsrollchen-uberbacken\/","url_meta":{"origin":860,"position":0},"title":"Saiblingsr\u00f6llchen \u00fcberbacken","author":"Admin","date":"3. April 2010","format":false,"excerpt":"Dies ist ein fastentaugliches Fischgericht, das allerdings nicht gerade durch Kalorienmangel auff\u00e4llt. Das Original wird mit Lachs zubereitet und stammt aus dem Buch \u201cSchlemmen hinter Klostermauern\u201d. Da ich Saiblinge vorbestellt hatte, disponierte ich entsprechend um. Gedacht sind die R\u00f6llchen laut Kochbuch als Zwischengericht. Kein Wunder, dass die M\u00f6nche im Mittelalter\u2026","rel":"","context":"In &quot;Kulinarisches&quot;","block_context":{"text":"Kulinarisches","link":"https:\/\/www.strickforum.de\/blog\/category\/7\/"},"img":{"alt_text":"Saiblingsr\u00f6llchen \u00fcberbacken","src":"https:\/\/i0.wp.com\/www.strickforum.de\/blog\/media\/1\/20100403-fischroellchen.jpg?resize=350%2C200","width":350,"height":200},"classes":[]},{"id":283,"url":"https:\/\/www.strickforum.de\/blog\/ihr-durft-mich-heute-beneiden\/","url_meta":{"origin":860,"position":1},"title":"Ihr d\u00fcrft mich heute beneiden","author":"Admin","date":"22. September 2007","format":false,"excerpt":"Dies sind gut 400 g frische Steinpilze. Die gibt es heute zum Mittagessen. Es wird noch verhandelt, ob daraus Tagliatelle mit Steinpilz-Sahnesauce oder mit Steinpilz-Specksauce werden. You may envy me todayThese are about 400 grams of fresh porcini mushrooms. They will make up today's lunch. I'm still in negotiations whether\u2026","rel":"","context":"In &quot;Kulinarisches&quot;","block_context":{"text":"Kulinarisches","link":"https:\/\/www.strickforum.de\/blog\/category\/7\/"},"img":{"alt_text":"Steinpilze, porcini mushrooms","src":"https:\/\/i0.wp.com\/www.strickforum.de\/blog\/media\/1\/20070922-steinpilze_porcini.jpg?resize=350%2C200","width":350,"height":200},"classes":[]},{"id":410,"url":"https:\/\/www.strickforum.de\/blog\/kase-kartoffelpuree\/","url_meta":{"origin":860,"position":2},"title":"K\u00e4se-Kartoffelp\u00fcree","author":"Admin","date":"8. Juni 2008","format":false,"excerpt":"Zu meinen Lieblingsrezepten geh\u00f6rt diese Abwandlung des \u201cProvenzalischen Kartoffelp\u00fcrees\u201d von Ingrid Fr\u00fcchtel, das in der August-Ausgabe 1993 der Zeitschrift \u201cKraut + R\u00fcben\u201d erschien. Alle Rezepte von Ingrid Fr\u00fcchtel zeichnen sich \u00fcbrigens dadurch aus, dass sie a) vegetarisch, b) vollwertig und c) nicht gerade kalorienarm sind. Daf\u00fcr schmecken sie aber phantastisch.\u2026","rel":"","context":"In &quot;Kulinarisches&quot;","block_context":{"text":"Kulinarisches","link":"https:\/\/www.strickforum.de\/blog\/category\/7\/"},"img":{"alt_text":"","src":"","width":0,"height":0},"classes":[]},{"id":122,"url":"https:\/\/www.strickforum.de\/blog\/rote-bete\/","url_meta":{"origin":860,"position":3},"title":"Rote Bete","author":"Admin","date":"20. Februar 2006","format":false,"excerpt":"Dieses \u00e4u\u00dferst gesunde Gem\u00fcse wird praktisch den ganzen Winter \u00fcber auf dem hiesigen Wochenmarkt angeboten. Jahrzehntelang kannte ich nur die im Supermarkt erh\u00e4ltliche, sauer eingelegte Variante und konnte mich \u00fcberhaupt nicht daf\u00fcr begeistern. Ich bin sicher, da\u00df es vielen so geht, Gesundheit hin oder her. Erst vor wenigen Jahren stie\u00df\u2026","rel":"","context":"In &quot;Kulinarisches&quot;","block_context":{"text":"Kulinarisches","link":"https:\/\/www.strickforum.de\/blog\/category\/7\/"},"img":{"alt_text":"","src":"","width":0,"height":0},"classes":[]},{"id":1185,"url":"https:\/\/www.strickforum.de\/blog\/nudelauflauf-mit-thunfischsauce\/","url_meta":{"origin":860,"position":4},"title":"Nudelauflauf mit Thunfischsauce","author":"Admin","date":"6. Juni 2011","format":false,"excerpt":"Ist irgendjemand interessiert an einem sehr leckeren Nudelauflauf, den man gut vorbereiten kann und der sich aus den Vorr\u00e4ten zaubern l\u00e4sst, die man sowieso meistens im Haus hat? Na dann, hier ein Rezept daf\u00fcr. :-) Zutaten: 40 g Butter 1 Essl\u00f6ffel Oliven\u00f6l extra vergine 1 mittelgro\u00dfe Zwiebel, fein gehackt 2\u2026","rel":"","context":"In &quot;Kulinarisches&quot;","block_context":{"text":"Kulinarisches","link":"https:\/\/www.strickforum.de\/blog\/category\/7\/"},"img":{"alt_text":"Nudelauflauf mit Thunfischsauce","src":"https:\/\/i0.wp.com\/www.strickforum.de\/blog\/media\/1\/20110605-nudelauflauf_thunfischsauce.jpg?resize=350%2C200","width":350,"height":200},"classes":[]},{"id":3138,"url":"https:\/\/www.strickforum.de\/blog\/der-allerbeste-kartoffelsalat\/","url_meta":{"origin":860,"position":5},"title":"Der allerbeste Kartoffelsalat","author":"Admin","date":"13. Dezember 2020","format":false,"excerpt":"Bei vielen Familien geh\u00f6rt Kartoffelsalat (als Beilage) zu den traditionellen Gerichten f\u00fcr Heiligabend. Daf\u00fcr gibt es sicherlich Tausende von Varianten. Im Norden und Osten Deutschlands wird er gern mit Mayonnaise zubereitet; im S\u00fcden nimmt man lieber eine einfache Essig-\u00d6l-Sauce. Mir selbst ist, obwohl ich aus dem Norden stamme, die Mayonnaise-Variante\u2026","rel":"","context":"In &quot;Kulinarisches&quot;","block_context":{"text":"Kulinarisches","link":"https:\/\/www.strickforum.de\/blog\/category\/7\/"},"img":{"alt_text":"","src":"","width":0,"height":0},"classes":[]}],"_links":{"self":[{"href":"https:\/\/www.strickforum.de\/blog\/wp-json\/wp\/v2\/posts\/860","targetHints":{"allow":["GET"]}}],"collection":[{"href":"https:\/\/www.strickforum.de\/blog\/wp-json\/wp\/v2\/posts"}],"about":[{"href":"https:\/\/www.strickforum.de\/blog\/wp-json\/wp\/v2\/types\/post"}],"author":[{"embeddable":true,"href":"https:\/\/www.strickforum.de\/blog\/wp-json\/wp\/v2\/users\/3"}],"replies":[{"embeddable":true,"href":"https:\/\/www.strickforum.de\/blog\/wp-json\/wp\/v2\/comments?post=860"}],"version-history":[{"count":1,"href":"https:\/\/www.strickforum.de\/blog\/wp-json\/wp\/v2\/posts\/860\/revisions"}],"predecessor-version":[{"id":2386,"href":"https:\/\/www.strickforum.de\/blog\/wp-json\/wp\/v2\/posts\/860\/revisions\/2386"}],"wp:attachment":[{"href":"https:\/\/www.strickforum.de\/blog\/wp-json\/wp\/v2\/media?parent=860"}],"wp:term":[{"taxonomy":"category","embeddable":true,"href":"https:\/\/www.strickforum.de\/blog\/wp-json\/wp\/v2\/categories?post=860"},{"taxonomy":"post_tag","embeddable":true,"href":"https:\/\/www.strickforum.de\/blog\/wp-json\/wp\/v2\/tags?post=860"}],"curies":[{"name":"wp","href":"https:\/\/api.w.org\/{rel}","templated":true}]}}