{"id":862,"date":"2009-12-29T08:42:44","date_gmt":"2009-12-29T07:42:44","guid":{"rendered":"http:\/\/www.strickforum.de\/blog\/?p=862"},"modified":"2009-12-29T08:42:44","modified_gmt":"2009-12-29T07:42:44","slug":"die-verstrickte-dienstagsfrage-532009","status":"publish","type":"post","link":"https:\/\/www.strickforum.de\/blog\/die-verstrickte-dienstagsfrage-532009\/","title":{"rendered":"Die verstrickte Dienstagsfrage 53\/2009"},"content":{"rendered":"<p><b>Das <a href=\"http:\/\/board.stricknetz.net\/blog\/das-wollschaf\/index.php?showentry=6284\">Wollschaf<\/a> fragt:<br \/>\nHattest du dir f\u00fcr 2009 handarbeitstechnisch Ziele gesteckt? Wenn ja, hast du sie erreicht?<br \/>\nWie sieht es f\u00fcr 2010 aus?<\/b><\/p>\n<p>Nein, ich hatte keine speziellen handarbeitstechnischen Ziele f\u00fcrs abgelaufene Jahr, denn ich hatte und habe ganz andere Probleme als irgendwelche Strickereien. Stricken ist f\u00fcr mich Hobby und Entspannung, aber nichts, bei dem ich um jeden Preis bestimmte Ziele erreichen will.<br \/>\nDas gilt so auch f\u00fcr 2010. Stricken betreffend habe ich mir nichts vorgenommen, keine neuen Techniken, die erlernt, keine gro\u00dfartigen Projekte, die vollendet werden m\u00fcssten; nicht mal ein Wollkauf-Verbot. Wenn ich abends ein paar Reihen zur Beruhigung stricken kann und danach m\u00fcde ins Bett falle und m\u00f6glichst sofort einschlafe, dann reicht mir das.<br \/>\nEs w\u00fcrde mich freuen, wenn ich gelegentlich wieder die Zeit f\u00fcr interessante Entw\u00fcrfe f\u00e4nde. Dazu fehlten mir in den letzten Monaten Mu\u00dfe und Inspiration, denn Job und andere Pflichten haben absoluten Vorrang. Aber auch Entwerfen ist nichts, was ich unbedingt erzwingen will. Wenn es sich nicht ergibt, dann ist das eben so.<\/p>\n","protected":false},"excerpt":{"rendered":"<p>Das Wollschaf fragt: Hattest du dir f\u00fcr 2009 handarbeitstechnisch Ziele gesteckt? Wenn ja, hast du sie erreicht? Wie sieht es f\u00fcr 2010 aus? Nein, ich hatte keine speziellen handarbeitstechnischen Ziele f\u00fcrs abgelaufene Jahr, denn ich hatte und habe ganz andere Probleme als irgendwelche Strickereien. Stricken ist f\u00fcr mich Hobby und Entspannung, aber nichts, bei dem &hellip; <a href=\"https:\/\/www.strickforum.de\/blog\/die-verstrickte-dienstagsfrage-532009\/\" class=\"more-link\"><span class=\"screen-reader-text\">\u201eDie verstrickte Dienstagsfrage 53\/2009\u201c <\/span>weiterlesen<\/a><\/p>\n","protected":false},"author":3,"featured_media":0,"comment_status":"open","ping_status":"open","sticky":false,"template":"","format":"standard","meta":{"_seopress_robots_primary_cat":"","_seopress_titles_title":"","_seopress_titles_desc":"","_seopress_robots_index":"","_crdt_document":"","jetpack_post_was_ever_published":false,"_jetpack_newsletter_access":"","_jetpack_dont_email_post_to_subs":false,"_jetpack_newsletter_tier_id":0,"_jetpack_memberships_contains_paywalled_content":false,"_jetpack_memberships_contains_paid_content":false,"footnotes":"","jetpack_publicize_message":"","jetpack_publicize_feature_enabled":true,"jetpack_social_post_already_shared":false,"jetpack_social_options":{"image_generator_settings":{"template":"highway","default_image_id":0,"font":"","enabled":false},"version":2}},"categories":[6],"tags":[],"class_list":["post-862","post","type-post","status-publish","format-standard","hentry","category-6"],"jetpack_publicize_connections":[],"jetpack_featured_media_url":"","jetpack_sharing_enabled":true,"jetpack_shortlink":"https:\/\/wp.me\/p7JbSI-dU","jetpack-related-posts":[{"id":1674,"url":"https:\/\/www.strickforum.de\/blog\/stockchen-aufgesammelt\/","url_meta":{"origin":862,"position":0},"title":"St\u00f6ckchen aufgesammelt","author":"Admin","date":"20. November 2013","format":false,"excerpt":"Es ist zwar schon ein paar Tage her, dass Frieda ihren K\u00f6der ausgelegt hat, aber erst jetzt habe ich mich entschlossen, ihn zu fressen, \u00e4h, aufzunehmen. Hier also meine Antworten auf ihre Fragen: 1. Welche Handarbeitstechnik ist Deine liebste? Stricken nat\u00fcrlich. Das ist nicht schwer zu erraten, oder? 2. Welche\u2026","rel":"","context":"In &quot;Allgemeines&quot;","block_context":{"text":"Allgemeines","link":"https:\/\/www.strickforum.de\/blog\/category\/1\/"},"img":{"alt_text":"","src":"","width":0,"height":0},"classes":[]},{"id":601,"url":"https:\/\/www.strickforum.de\/blog\/die-verstrickte-dienstagsfrage-the-wool-sheeps-question-12009\/","url_meta":{"origin":862,"position":1},"title":"Die verstrickte Dienstagsfrage &#8211; the Wool sheep&#8217;s question 1\/2009","author":"Admin","date":"30. Dezember 2008","format":false,"excerpt":"Das Wollschaf fragt: mich w\u00fcrde mal interessieren was sich die Leute strick- und handarbeitstechnisch so vorgenommen haben f\u00fcr das Neue Jahr - und ob \u00fcberhaupt! Herzlichen Dank an Birgit f\u00fcr die heutige Frage! Um Miss Sophie zu zitieren: Same procedure as every year, James: Ich m\u00f6chte weiter von meinen angesammelten\u2026","rel":"","context":"In &quot;Stricken&quot;","block_context":{"text":"Stricken","link":"https:\/\/www.strickforum.de\/blog\/category\/3\/"},"img":{"alt_text":"","src":"","width":0,"height":0},"classes":[]},{"id":1615,"url":"https:\/\/www.strickforum.de\/blog\/die-verstrickte-dienstagsfrage-362013-und-personliche-befindlichkeiten\/","url_meta":{"origin":862,"position":2},"title":"Die verstrickte Dienstagsfrage 36\/2013 und pers\u00f6nliche Befindlichkeiten","author":"Admin","date":"3. September 2013","format":false,"excerpt":"Diese Woche fragt das Wollschaf: Was geh\u00f6rt deiner Meinung nach in einen Handarbeitsblog und was geht gar nicht? Nur handarbeitsbezogene Themen oder auch mal was anderes? Auch kritische\/negative Meinungen \u00fcber andere Handarbeitstechniken, andere Blogs, Gruppen, Foren, Plattformen etc.? \u00dcber Krankheit, Tod und so was? Vielen Dank an Isabella f\u00fcr die\u2026","rel":"","context":"In &quot;Stricken&quot;","block_context":{"text":"Stricken","link":"https:\/\/www.strickforum.de\/blog\/category\/3\/"},"img":{"alt_text":"","src":"","width":0,"height":0},"classes":[]},{"id":1080,"url":"https:\/\/www.strickforum.de\/blog\/die-verstrickte-dienstagsfrage-512010\/","url_meta":{"origin":862,"position":3},"title":"Die verstrickte Dienstagsfrage 51\/2010","author":"Admin","date":"21. Dezember 2010","format":false,"excerpt":"Das Wollschaf fragt heute: Wo und wann strickt ihr? Begleitet euch das Strickzeug ueberall hin? Strickt ihr schon morgens auf dem Weg zur Arbeit, oder nur abends, z.B. zuhause auf dem Sofa vor dem Fernseher? Habt ihr spezielle Projekte fuer die verschiedenen \u201cStrickzeiten\u201d und \u201cStrickplaetze\u201d? Vielen Dank an Connie f\u00fcr\u2026","rel":"","context":"In &quot;Stricken&quot;","block_context":{"text":"Stricken","link":"https:\/\/www.strickforum.de\/blog\/category\/3\/"},"img":{"alt_text":"","src":"","width":0,"height":0},"classes":[]},{"id":1010,"url":"https:\/\/www.strickforum.de\/blog\/die-verstrickte-dienstagsfrage-362010\/","url_meta":{"origin":862,"position":4},"title":"Die verstrickte Dienstagsfrage 36\/2010","author":"Admin","date":"7. September 2010","format":false,"excerpt":"Das Wollschaf l\u00e4sst fragen: Liebes Wollschaf, gerne w\u00fcrde ich wissen, in wie weit die StrickerInnen es sich zutrauen, \u201cTeile\u201d (Jacken, Pullover, Socken usw.) einfach anhand einer Abbildung (Foto\/Zeichnung) nachzuarbeiten auch wenn man l\u00e4nger t\u00fcfteln und ggf. sogar ribbeln m\u00fcsste um ans Ziel zu kommen oder ob immer eine Anleitung gebraucht\u2026","rel":"","context":"In &quot;Stricken&quot;","block_context":{"text":"Stricken","link":"https:\/\/www.strickforum.de\/blog\/category\/3\/"},"img":{"alt_text":"","src":"","width":0,"height":0},"classes":[]},{"id":619,"url":"https:\/\/www.strickforum.de\/blog\/die-verstrickte-dienstagsfrage-32009\/","url_meta":{"origin":862,"position":5},"title":"Die verstrickte Dienstagsfrage 3\/2009","author":"Admin","date":"13. Januar 2009","format":false,"excerpt":"Das Wollschaf fragt: Wie bewahrt ihr eure Stricknadeln, H\u00e4kelnadeln, Nadelspiele und weiteres Zubeh\u00f6r auf? Benutzt ihr Spezialetuis oder etwas selbst Gebasteltes? Herzlichen Dank an Anja f\u00fcr die heutige Frage! Hm, irgendwie kommt mir diese Frage ja bekannt vor... Rundstricknadeln h\u00e4ngen bei mir unsortiert an einer Kordel \u00fcber einer Regalecke. Sie\u2026","rel":"","context":"In &quot;Stricken&quot;","block_context":{"text":"Stricken","link":"https:\/\/www.strickforum.de\/blog\/category\/3\/"},"img":{"alt_text":"","src":"","width":0,"height":0},"classes":[]}],"_links":{"self":[{"href":"https:\/\/www.strickforum.de\/blog\/wp-json\/wp\/v2\/posts\/862","targetHints":{"allow":["GET"]}}],"collection":[{"href":"https:\/\/www.strickforum.de\/blog\/wp-json\/wp\/v2\/posts"}],"about":[{"href":"https:\/\/www.strickforum.de\/blog\/wp-json\/wp\/v2\/types\/post"}],"author":[{"embeddable":true,"href":"https:\/\/www.strickforum.de\/blog\/wp-json\/wp\/v2\/users\/3"}],"replies":[{"embeddable":true,"href":"https:\/\/www.strickforum.de\/blog\/wp-json\/wp\/v2\/comments?post=862"}],"version-history":[{"count":0,"href":"https:\/\/www.strickforum.de\/blog\/wp-json\/wp\/v2\/posts\/862\/revisions"}],"wp:attachment":[{"href":"https:\/\/www.strickforum.de\/blog\/wp-json\/wp\/v2\/media?parent=862"}],"wp:term":[{"taxonomy":"category","embeddable":true,"href":"https:\/\/www.strickforum.de\/blog\/wp-json\/wp\/v2\/categories?post=862"},{"taxonomy":"post_tag","embeddable":true,"href":"https:\/\/www.strickforum.de\/blog\/wp-json\/wp\/v2\/tags?post=862"}],"curies":[{"name":"wp","href":"https:\/\/api.w.org\/{rel}","templated":true}]}}