{"id":865,"date":"2009-12-31T23:59:00","date_gmt":"2009-12-31T22:59:00","guid":{"rendered":"http:\/\/www.strickforum.de\/blog\/?p=865"},"modified":"2009-12-31T23:59:00","modified_gmt":"2009-12-31T22:59:00","slug":"ein-gutes-neues-jahr-2010","status":"publish","type":"post","link":"https:\/\/www.strickforum.de\/blog\/ein-gutes-neues-jahr-2010\/","title":{"rendered":"Ein gutes Neues Jahr 2010"},"content":{"rendered":"<p>Allen meinen Leserinnen und Lesern w\u00fcnsche ich ein erfreuliches Jahr 2010 mit guter Gesundheit, Zufriedenheit und Gelassenheit. Einige von Euch, die ich pers\u00f6nlich kenne, haben 2009 schwierige Situationen voller Ungewissheit durchlebt oder stecken noch mitten in der Krise, sei es durch Krankheit oder durch drohenden oder bereits erfolgten Jobverlust. Ich bin in Gedanken bei Euch und dr\u00fccke fest die Daumen, dass sich Eure Lage bessert.<br \/>\nF\u00fcr mich verlief 2009 besser, als ich es zu Beginn zu hoffen wagte. Ich habe liebe neue Freundinnen gewonnen (die durchaus nicht alle stricken) und ebenso liebe alte behalten; es gab r\u00fchrende, schreckliche und tr\u00f6stliche Momente, ich habe viel gelernt, gelegentlich geweint (zum Gl\u00fcck nicht soviel wie 2008 ), aber auch wieder lachen k\u00f6nnen. Ich gehe nicht ohne Sorgen, aber mit mehr Zuversicht als noch vor einem Jahr in die Zukunft und w\u00fcnsche auch Euch Zuversicht und Hoffnung in allen Krisen und vor allem liebevolle Menschen, die Euch beistehen.<\/p>\n","protected":false},"excerpt":{"rendered":"<p>Allen meinen Leserinnen und Lesern w\u00fcnsche ich ein erfreuliches Jahr 2010 mit guter Gesundheit, Zufriedenheit und Gelassenheit. Einige von Euch, die ich pers\u00f6nlich kenne, haben 2009 schwierige Situationen voller Ungewissheit durchlebt oder stecken noch mitten in der Krise, sei es durch Krankheit oder durch drohenden oder bereits erfolgten Jobverlust. Ich bin in Gedanken bei Euch &hellip; <a href=\"https:\/\/www.strickforum.de\/blog\/ein-gutes-neues-jahr-2010\/\" class=\"more-link\"><span class=\"screen-reader-text\">\u201eEin gutes Neues Jahr 2010\u201c <\/span>weiterlesen<\/a><\/p>\n","protected":false},"author":3,"featured_media":0,"comment_status":"open","ping_status":"open","sticky":false,"template":"","format":"standard","meta":{"_seopress_robots_primary_cat":"","_seopress_titles_title":"","_seopress_titles_desc":"","_seopress_robots_index":"","_crdt_document":"","jetpack_post_was_ever_published":false,"_jetpack_newsletter_access":"","_jetpack_dont_email_post_to_subs":false,"_jetpack_newsletter_tier_id":0,"_jetpack_memberships_contains_paywalled_content":false,"_jetpack_memberships_contains_paid_content":false,"footnotes":"","jetpack_publicize_message":"","jetpack_publicize_feature_enabled":true,"jetpack_social_post_already_shared":false,"jetpack_social_options":{"image_generator_settings":{"template":"highway","default_image_id":0,"font":"","enabled":false},"version":2}},"categories":[5],"tags":[],"class_list":["post-865","post","type-post","status-publish","format-standard","hentry","category-5"],"jetpack_publicize_connections":[],"jetpack_featured_media_url":"","jetpack_sharing_enabled":true,"jetpack_shortlink":"https:\/\/wp.me\/p7JbSI-dX","jetpack-related-posts":[{"id":940,"url":"https:\/\/www.strickforum.de\/blog\/die-verstrickte-dienstagsfrage-192010\/","url_meta":{"origin":865,"position":0},"title":"Die verstrickte Dienstagsfrage 19\/2010","author":"Admin","date":"11. Mai 2010","format":false,"excerpt":"Das Wollschaf fragt: Mit welchen Nadeln strickt ihr am liebsten? Welche Marke, welches Material, welches System (Rundstricknadeln, Nadelspiele\u2026) Herzlichen Dank an Tabemi f\u00fcr die heutige Frage! Da verweise ich mal auf eine \u00e4hnlich gelagerte Frage vom 20. Oktober 2009 und meine damalige Antwort. F\u00fcr variable Nadelbauk\u00e4sten kann ich mich nicht\u2026","rel":"","context":"In &quot;Stricken&quot;","block_context":{"text":"Stricken","link":"https:\/\/www.strickforum.de\/blog\/category\/3\/"},"img":{"alt_text":"","src":"","width":0,"height":0},"classes":[]},{"id":862,"url":"https:\/\/www.strickforum.de\/blog\/die-verstrickte-dienstagsfrage-532009\/","url_meta":{"origin":865,"position":1},"title":"Die verstrickte Dienstagsfrage 53\/2009","author":"Admin","date":"29. Dezember 2009","format":false,"excerpt":"Das Wollschaf fragt: Hattest du dir f\u00fcr 2009 handarbeitstechnisch Ziele gesteckt? Wenn ja, hast du sie erreicht? Wie sieht es f\u00fcr 2010 aus? Nein, ich hatte keine speziellen handarbeitstechnischen Ziele f\u00fcrs abgelaufene Jahr, denn ich hatte und habe ganz andere Probleme als irgendwelche Strickereien. Stricken ist f\u00fcr mich Hobby und\u2026","rel":"","context":"In &quot;Stricken&quot;","block_context":{"text":"Stricken","link":"https:\/\/www.strickforum.de\/blog\/category\/3\/"},"img":{"alt_text":"","src":"","width":0,"height":0},"classes":[]},{"id":1038,"url":"https:\/\/www.strickforum.de\/blog\/die-verstrickte-dienstagsfrage-412010\/","url_meta":{"origin":865,"position":2},"title":"Die verstrickte Dienstagsfrage 41\/2010","author":"Admin","date":"12. Oktober 2010","format":false,"excerpt":"Das Wollschaf fragt heute: Du hast dir ein Strickheft gekauft und es dir gem\u00fctlich gemacht, um es zu lesen. Wie gehst du vor? 1. Ich beginne mit dem Editorial oder dem Inhaltsverzeichnis und lese Seite f\u00fcr Seite bis zum Schluss. Die Anleitungen beachte ich nicht. 2. Ich \u00fcberfliege nur alles\u2026","rel":"","context":"In &quot;Stricken&quot;","block_context":{"text":"Stricken","link":"https:\/\/www.strickforum.de\/blog\/category\/3\/"},"img":{"alt_text":"neue Handarbeitszeitschriften","src":"https:\/\/i0.wp.com\/www.strickforum.de\/blog\/media\/1\/20101012-zeitschriften.jpg?resize=350%2C200","width":350,"height":200},"classes":[]},{"id":747,"url":"https:\/\/www.strickforum.de\/blog\/die-verstrickte-dienstagsfrage-282009\/","url_meta":{"origin":865,"position":3},"title":"Die verstrickte Dienstagsfrage 28\/2009","author":"Admin","date":"7. Juli 2009","format":false,"excerpt":"Das Wollschaf fragt: Wie stellst Du Dir das ideale Strickbuch vor? Mal abgesehen davon, da\u00df einem m\u00f6glichst viele Modelle gefallen sollten: Was ist Dir noch wichtig? W\u00e4rst Du bereit, f\u00fcr eine h\u00f6here Qualit\u00e4t (Einband, Papier, Format etc.) auch einen h\u00f6heren Preis zu bezahlen? Herzlichen Dank an Tina f\u00fcr die heutige\u2026","rel":"","context":"In &quot;Allgemeines&quot;","block_context":{"text":"Allgemeines","link":"https:\/\/www.strickforum.de\/blog\/category\/1\/"},"img":{"alt_text":"","src":"","width":0,"height":0},"classes":[]},{"id":603,"url":"https:\/\/www.strickforum.de\/blog\/ruckblick\/","url_meta":{"origin":865,"position":4},"title":"R\u00fcckblick","author":"Admin","date":"31. Dezember 2008","format":false,"excerpt":"Dieses Jahr war wohl das schrecklichste, das ich je erlebt habe. Seit letzten Sommer ist nichts mehr, wie es war. Ich w\u00fcnsche mir nur, dass das neue Jahr besser wird und wenigstens ein Teil von dem, was zerst\u00f6rt wurde, wieder heilt. Dankbar bin ich allen Verwandten, Freunden, Kollegen und Nachbarn,\u2026","rel":"","context":"In &quot;Allgemeines&quot;","block_context":{"text":"Allgemeines","link":"https:\/\/www.strickforum.de\/blog\/category\/1\/"},"img":{"alt_text":"","src":"","width":0,"height":0},"classes":[]},{"id":839,"url":"https:\/\/www.strickforum.de\/blog\/die-verstrickte-dienstagsfrage-482009\/","url_meta":{"origin":865,"position":5},"title":"Die verstrickte Dienstagsfrage 48\/2009","author":"Admin","date":"24. November 2009","format":false,"excerpt":"Das Wollschaf fragt: Strickt ihr am liebsten vor dem Fernseher, Radio? Oder mit Musik (cd) evtl. bei einem H\u00f6rbuch, in Gesellschaft oder ganz in Ruhe? Herzlichen Dank an Gudrun f\u00fcr die heutige Frage! Gibt es \u00fcberhaupt noch Menschen, die sich gelegentlich den Luxus g\u00f6nnen, sich g\u00e4nzlich auf eine einzige T\u00e4tigkeit\u2026","rel":"","context":"In &quot;Stricken&quot;","block_context":{"text":"Stricken","link":"https:\/\/www.strickforum.de\/blog\/category\/3\/"},"img":{"alt_text":"","src":"","width":0,"height":0},"classes":[]}],"_links":{"self":[{"href":"https:\/\/www.strickforum.de\/blog\/wp-json\/wp\/v2\/posts\/865","targetHints":{"allow":["GET"]}}],"collection":[{"href":"https:\/\/www.strickforum.de\/blog\/wp-json\/wp\/v2\/posts"}],"about":[{"href":"https:\/\/www.strickforum.de\/blog\/wp-json\/wp\/v2\/types\/post"}],"author":[{"embeddable":true,"href":"https:\/\/www.strickforum.de\/blog\/wp-json\/wp\/v2\/users\/3"}],"replies":[{"embeddable":true,"href":"https:\/\/www.strickforum.de\/blog\/wp-json\/wp\/v2\/comments?post=865"}],"version-history":[{"count":0,"href":"https:\/\/www.strickforum.de\/blog\/wp-json\/wp\/v2\/posts\/865\/revisions"}],"wp:attachment":[{"href":"https:\/\/www.strickforum.de\/blog\/wp-json\/wp\/v2\/media?parent=865"}],"wp:term":[{"taxonomy":"category","embeddable":true,"href":"https:\/\/www.strickforum.de\/blog\/wp-json\/wp\/v2\/categories?post=865"},{"taxonomy":"post_tag","embeddable":true,"href":"https:\/\/www.strickforum.de\/blog\/wp-json\/wp\/v2\/tags?post=865"}],"curies":[{"name":"wp","href":"https:\/\/api.w.org\/{rel}","templated":true}]}}