{"id":867,"date":"2010-01-02T15:56:17","date_gmt":"2010-01-02T14:56:17","guid":{"rendered":"http:\/\/www.strickforum.de\/blog\/?p=867"},"modified":"2010-01-02T15:56:17","modified_gmt":"2010-01-02T14:56:17","slug":"liebe-autofahrer","status":"publish","type":"post","link":"https:\/\/www.strickforum.de\/blog\/liebe-autofahrer\/","title":{"rendered":"Liebe Autofahrer!"},"content":{"rendered":"<p>Aus gegebenem Anlass und weil ich auch eine von Euch bin (ich durfte mein Auto heute sogar zweimal entschneen und enteisen, einmal am Vormittag und einmal am Nachmittag), hier drei Bitten an Euch:<\/p>\n<p>1. Bitte fegt den Schnee nicht nur von zwei Guckl\u00f6chern vorn, sondern macht s\u00e4mtliche Scheiben sauber. Es ist durchaus sinnvoll, wenn auch die Scheibe hinten rechts frei ist. Das merkt Ihr sp\u00e4testens beim Einparken. Denkt auch an die Au\u00dfenspiegel!<br \/>\n2. Bitte schaltet das Fahrlicht ein, sofern nicht gerade strahlender Sonnenschein herrscht. Mildes Schneegest\u00f6ber ist ein exzellenter Grund f\u00fcr Licht. Auch wenn Ihr selber ohne Licht noch etwas erkennen k\u00f6nnt, macht Ihr es mit eingeschaltetem Licht Euren Weggenossen leichter, Euch wahrzunehmen.<br \/>\n3. Und wenn Ihr schon so klug seid, das Fahrlicht einzuschalten, fegt doch bitte vor der Abfahrt den Schnee von den Scheinwerfern, tunlichst vorn UND hinten.<\/p>\n<p>Nicht nur ich werde Euch dankbar sein.<\/p>\n","protected":false},"excerpt":{"rendered":"<p>Aus gegebenem Anlass und weil ich auch eine von Euch bin (ich durfte mein Auto heute sogar zweimal entschneen und enteisen, einmal am Vormittag und einmal am Nachmittag), hier drei Bitten an Euch: 1. Bitte fegt den Schnee nicht nur von zwei Guckl\u00f6chern vorn, sondern macht s\u00e4mtliche Scheiben sauber. Es ist durchaus sinnvoll, wenn auch &hellip; <a href=\"https:\/\/www.strickforum.de\/blog\/liebe-autofahrer\/\" class=\"more-link\"><span class=\"screen-reader-text\">\u201eLiebe Autofahrer!\u201c <\/span>weiterlesen<\/a><\/p>\n","protected":false},"author":3,"featured_media":0,"comment_status":"open","ping_status":"open","sticky":false,"template":"","format":"standard","meta":{"_seopress_robots_primary_cat":"","_seopress_titles_title":"","_seopress_titles_desc":"","_seopress_robots_index":"","_crdt_document":"","jetpack_post_was_ever_published":false,"_jetpack_newsletter_access":"","_jetpack_dont_email_post_to_subs":false,"_jetpack_newsletter_tier_id":0,"_jetpack_memberships_contains_paywalled_content":false,"_jetpack_memberships_contains_paid_content":false,"footnotes":"","jetpack_publicize_message":"","jetpack_publicize_feature_enabled":true,"jetpack_social_post_already_shared":false,"jetpack_social_options":{"image_generator_settings":{"template":"highway","default_image_id":0,"font":"","enabled":false},"version":2}},"categories":[5],"tags":[],"class_list":["post-867","post","type-post","status-publish","format-standard","hentry","category-5"],"jetpack_publicize_connections":[],"jetpack_featured_media_url":"","jetpack_sharing_enabled":true,"jetpack_shortlink":"https:\/\/wp.me\/p7JbSI-dZ","jetpack-related-posts":[{"id":1068,"url":"https:\/\/www.strickforum.de\/blog\/grus-an-die-thuringer-autofahrer\/","url_meta":{"origin":867,"position":0},"title":"Gru\u00df an die Th\u00fcringer Autofahrer","author":"Admin","date":"27. November 2010","format":false,"excerpt":"Und mein Tipp des Tages f\u00fcr einige von Euch: Die Gutausbeute des Scheinwerferlichts l\u00e4sst sich dramatisch erh\u00f6hen, wenn man vor dem Start den Schnee von den Leuchten entfernt. Das gilt \u00fcbrigens auch f\u00fcr das mittlere Bremslicht, das bei vielen Autos oberhalb der Heckscheibe (und deshalb eingeschneit) ist.","rel":"","context":"In &quot;Allgemeines&quot;","block_context":{"text":"Allgemeines","link":"https:\/\/www.strickforum.de\/blog\/category\/1\/"},"img":{"alt_text":"","src":"","width":0,"height":0},"classes":[]},{"id":14,"url":"https:\/\/www.strickforum.de\/blog\/fiat-lux\/","url_meta":{"origin":867,"position":1},"title":"Fiat Lux!","author":"Admin","date":"30. M\u00e4rz 2005","format":false,"excerpt":"Da\u00df Schwaben sparsam sind, ist gemeinhin bekannt. Mein Busfahrer ist Schwabe. Er ist so sparsam, da\u00df er morgens um 6:15 im Bus nur die funzelig-bla\u00dfgr\u00fcne Notbeleuchtung einschaltet, gegen die sogar ein wolkenverhangener Dreiviertelmond glei\u00dfend erscheint. Man k\u00f6nnte fabelhaft dabei schlafen, w\u00fcrde nicht aus dem MP3-Kopfh\u00f6rer des mir n\u00e4chst sitzenden, offenbar\u2026","rel":"","context":"In &quot;Allgemeines&quot;","block_context":{"text":"Allgemeines","link":"https:\/\/www.strickforum.de\/blog\/category\/1\/"},"img":{"alt_text":"","src":"","width":0,"height":0},"classes":[]},{"id":1081,"url":"https:\/\/www.strickforum.de\/blog\/wintergedanken\/","url_meta":{"origin":867,"position":2},"title":"Wintergedanken","author":"Admin","date":"22. Dezember 2010","format":false,"excerpt":"Ich verabscheue Schnee, vor allem den, der auf der Stra\u00dfe liegt und das Autofahren zur Tortur macht. Gleich danach kommt der Schnee, der auf Gehwegen liegt und mir als Fu\u00dfg\u00e4ngerin Schwierigkeiten bereitet. Der, der irgendwo auf der Wiese, im Gebirge oder auf dem gut frequentierten Rodelhang hinter dem Haus liegt,\u2026","rel":"","context":"In &quot;Allgemeines&quot;","block_context":{"text":"Allgemeines","link":"https:\/\/www.strickforum.de\/blog\/category\/1\/"},"img":{"alt_text":"Holunderbl\u00fctengelee","src":"https:\/\/i0.wp.com\/www.strickforum.de\/blog\/media\/1\/holunderbluetengelee.jpg?resize=350%2C200","width":350,"height":200},"classes":[]},{"id":1862,"url":"https:\/\/www.strickforum.de\/blog\/snowdrift-schneewehe\/","url_meta":{"origin":867,"position":3},"title":"Snowdrift &#8211; Schneewehe","author":"Admin","date":"27. Dezember 2014","format":false,"excerpt":"Im vergangenen Oktober erhielt ich von der Firma Coats ein Probierpaket mit Garnen von Red Heart. Schon wegen seiner schieren Gr\u00f6\u00dfe fiel mir sofort das dicke 200-g-Kn\u00e4uel \u201cLisa Big\u201d auf. F\u00fcr dieses Garn gab es auch fertige Anleitungen zum Download auf der Red-Heart-Website, jedoch gefielen mir die nicht so besonders.\u2026","rel":"","context":"In &quot;Stricken&quot;","block_context":{"text":"Stricken","link":"https:\/\/www.strickforum.de\/blog\/category\/3\/"},"img":{"alt_text":"","src":"","width":0,"height":0},"classes":[]},{"id":3324,"url":"https:\/\/www.strickforum.de\/blog\/stricken-fuers-auto\/","url_meta":{"origin":867,"position":4},"title":"Stricken f\u00fcrs Auto","author":"Admin","date":"8. Januar 2022","format":false,"excerpt":"Keine Sorge, ich bin noch nicht v\u00f6llig durchgeknallt. Weder stricke ich elegante Schonbez\u00fcge f\u00fcr den Wackeldackel noch feine Ajour-Wischt\u00fccher, um die Scheinwerfer zu s\u00e4ubern. A propos Scheinwerfer, ist euch schon mal aufgefallen, wie viele Autofahrer zwar die Frontscheibe von Schnee befreien, aber die Scheinwerfer vergessen? Mit etwas Gl\u00fcck taut der\u2026","rel":"","context":"In &quot;Stricken&quot;","block_context":{"text":"Stricken","link":"https:\/\/www.strickforum.de\/blog\/category\/3\/"},"img":{"alt_text":"fingerlose Handschuhe \"Te Ara\"","src":"https:\/\/i0.wp.com\/www.strickforum.de\/blog\/wp-content\/uploads\/2022\/01\/te-ara_leer.jpg?resize=350%2C200&ssl=1","width":350,"height":200,"srcset":"https:\/\/i0.wp.com\/www.strickforum.de\/blog\/wp-content\/uploads\/2022\/01\/te-ara_leer.jpg?resize=350%2C200&ssl=1 1x, https:\/\/i0.wp.com\/www.strickforum.de\/blog\/wp-content\/uploads\/2022\/01\/te-ara_leer.jpg?resize=525%2C300&ssl=1 1.5x, https:\/\/i0.wp.com\/www.strickforum.de\/blog\/wp-content\/uploads\/2022\/01\/te-ara_leer.jpg?resize=700%2C400&ssl=1 2x"},"classes":[]},{"id":3138,"url":"https:\/\/www.strickforum.de\/blog\/der-allerbeste-kartoffelsalat\/","url_meta":{"origin":867,"position":5},"title":"Der allerbeste Kartoffelsalat","author":"Admin","date":"13. Dezember 2020","format":false,"excerpt":"Bei vielen Familien geh\u00f6rt Kartoffelsalat (als Beilage) zu den traditionellen Gerichten f\u00fcr Heiligabend. Daf\u00fcr gibt es sicherlich Tausende von Varianten. Im Norden und Osten Deutschlands wird er gern mit Mayonnaise zubereitet; im S\u00fcden nimmt man lieber eine einfache Essig-\u00d6l-Sauce. Mir selbst ist, obwohl ich aus dem Norden stamme, die Mayonnaise-Variante\u2026","rel":"","context":"In &quot;Kulinarisches&quot;","block_context":{"text":"Kulinarisches","link":"https:\/\/www.strickforum.de\/blog\/category\/7\/"},"img":{"alt_text":"","src":"","width":0,"height":0},"classes":[]}],"_links":{"self":[{"href":"https:\/\/www.strickforum.de\/blog\/wp-json\/wp\/v2\/posts\/867","targetHints":{"allow":["GET"]}}],"collection":[{"href":"https:\/\/www.strickforum.de\/blog\/wp-json\/wp\/v2\/posts"}],"about":[{"href":"https:\/\/www.strickforum.de\/blog\/wp-json\/wp\/v2\/types\/post"}],"author":[{"embeddable":true,"href":"https:\/\/www.strickforum.de\/blog\/wp-json\/wp\/v2\/users\/3"}],"replies":[{"embeddable":true,"href":"https:\/\/www.strickforum.de\/blog\/wp-json\/wp\/v2\/comments?post=867"}],"version-history":[{"count":0,"href":"https:\/\/www.strickforum.de\/blog\/wp-json\/wp\/v2\/posts\/867\/revisions"}],"wp:attachment":[{"href":"https:\/\/www.strickforum.de\/blog\/wp-json\/wp\/v2\/media?parent=867"}],"wp:term":[{"taxonomy":"category","embeddable":true,"href":"https:\/\/www.strickforum.de\/blog\/wp-json\/wp\/v2\/categories?post=867"},{"taxonomy":"post_tag","embeddable":true,"href":"https:\/\/www.strickforum.de\/blog\/wp-json\/wp\/v2\/tags?post=867"}],"curies":[{"name":"wp","href":"https:\/\/api.w.org\/{rel}","templated":true}]}}