{"id":910,"date":"2010-03-20T18:47:06","date_gmt":"2010-03-20T17:47:06","guid":{"rendered":"http:\/\/www.strickforum.de\/blog\/?p=910"},"modified":"2010-03-20T18:47:06","modified_gmt":"2010-03-20T17:47:06","slug":"markgrafler-nusskuchen","status":"publish","type":"post","link":"https:\/\/www.strickforum.de\/blog\/markgrafler-nusskuchen\/","title":{"rendered":"Markgr\u00e4fler Nusskuchen"},"content":{"rendered":"<p>Nachdem die T\u00f6rtchen vom vergangenen Wochenende nicht besonders gut ankamen, landete ich heute mit dem Markgr\u00e4fler Nusskuchen aus dem Buch &#8220;Badisch Backen&#8221; einen Volltreffer. Deshalb m\u00f6chte ich Euch das Rezept nicht vorenthalten. Ich habe es ein ganz klein wenig modifiziert, um nicht drei Eigelbe \u00fcbrigzubehalten.<\/p>\n<p><img data-recalc-dims=\"1\" src=\"https:\/\/i0.wp.com\/www.strickforum.de\/blog\/media\/1\/20100320-markgraefler-nusskuchen.jpg?resize=400%2C282\" width=\"400\"  height=\"282\"  alt='Markgr\u00e4fler Nusskuchen'  \/><\/p>\n<p><b>Zutaten f\u00fcr den Schokoladenteig:<\/b><br \/>\n3 Eiwei\u00df<br \/>\n95 g Zucker<br \/>\n80 g gemahlene Haseln\u00fcsse<br \/>\n15 g schwach ent\u00f6ltes Kakaopulver <br \/>\n10 g Mehl<\/p>\n<p><b>Zutaten f\u00fcr den hellen Teig:<\/b><br \/>\n140 g weiche Butter<br \/>\n140 g Zucker<br \/>\n1 geh\u00e4ufter Teel\u00f6ffel Zimt<br \/>\n3 Eigelb, ein ganzes Ei<br \/>\n45 g Mehl<br \/>\n1 gestrichener Teel\u00f6ffel Backpulver<br \/>\n150 g gemahlene Haseln\u00fcsse<\/p>\n<p><b>F\u00fcr den Guss:<\/b><br \/>\n200 g Zartbitter-Kuvert\u00fcre<\/p>\n<p><b>Zubereitung:<\/b><br \/>\nEine Kastenform (ca. 26 cm lang) mit Pergament- oder Backpapier auslegen.<br \/>\nF\u00fcr den Schokoladenteig zun\u00e4chst Haseln\u00fcsse, Kakaopulver und Mehl mischen. Die Eiwei\u00dfe mit dem Zucker steif schlagen, die Nussmischung unterziehen und diese Kakaomasse so in die Kastenform f\u00fcllen, dass Boden und W\u00e4nde bedeckt sind und in der Mitte eine Vertiefung bleibt.<br \/>\nF\u00fcr den hellen Teig zun\u00e4chst Mehl, Backpulver und Haseln\u00fcsse mischen. Butter, Zucker und Zimt schaumig r\u00fchren, nacheinander die Eigelbe und das Ei drunterr\u00fchren. Dann die Nussmischung unterr\u00fchren und mit diesem Teig die Kastenform auff\u00fcllen. Glatt streichen und bei etwa 180\u00b0 Umluft 50-60 Minuten backen. Aus der Form nehmen und auf einem Kuchengitter abk\u00fchlen lassen. Papier entfernen.<br \/>\nDie Kuvert\u00fcre im Wasserbad schmelzen, wieder etwas abk\u00fchlen lassen und den Kuchen damit rundherum \u00fcberziehen.<\/p>\n","protected":false},"excerpt":{"rendered":"<p>Nachdem die T\u00f6rtchen vom vergangenen Wochenende nicht besonders gut ankamen, landete ich heute mit dem Markgr\u00e4fler Nusskuchen aus dem Buch &#8220;Badisch Backen&#8221; einen Volltreffer. Deshalb m\u00f6chte ich Euch das Rezept nicht vorenthalten. Ich habe es ein ganz klein wenig modifiziert, um nicht drei Eigelbe \u00fcbrigzubehalten. Zutaten f\u00fcr den Schokoladenteig: 3 Eiwei\u00df 95 g Zucker 80 &hellip; <a href=\"https:\/\/www.strickforum.de\/blog\/markgrafler-nusskuchen\/\" class=\"more-link\"><span class=\"screen-reader-text\">\u201eMarkgr\u00e4fler Nusskuchen\u201c <\/span>weiterlesen<\/a><\/p>\n","protected":false},"author":3,"featured_media":0,"comment_status":"open","ping_status":"open","sticky":false,"template":"","format":"standard","meta":{"_seopress_robots_primary_cat":"","_seopress_titles_title":"","_seopress_titles_desc":"","_seopress_robots_index":"","_crdt_document":"","jetpack_post_was_ever_published":false,"_jetpack_newsletter_access":"","_jetpack_dont_email_post_to_subs":false,"_jetpack_newsletter_tier_id":0,"_jetpack_memberships_contains_paywalled_content":false,"_jetpack_memberships_contains_paid_content":false,"footnotes":"","jetpack_publicize_message":"","jetpack_publicize_feature_enabled":true,"jetpack_social_post_already_shared":false,"jetpack_social_options":{"image_generator_settings":{"template":"highway","default_image_id":0,"font":"","enabled":false},"version":2}},"categories":[8],"tags":[],"class_list":["post-910","post","type-post","status-publish","format-standard","hentry","category-8"],"jetpack_publicize_connections":[],"jetpack_featured_media_url":"","jetpack_sharing_enabled":true,"jetpack_shortlink":"https:\/\/wp.me\/p7JbSI-eG","jetpack-related-posts":[{"id":892,"url":"https:\/\/www.strickforum.de\/blog\/apfelkuchen-mit-nussbaiser\/","url_meta":{"origin":910,"position":0},"title":"Apfelkuchen mit Nussbaiser","author":"Admin","date":"31. Januar 2010","format":false,"excerpt":"Dieses Rezept ist eine Eigenentwicklung, und ich schreibe es hier auf, damit ich es nicht wieder vergesse. Es schmeckt n\u00e4mlich sehr gut, und ich m\u00f6chte es bestimmt noch einmal backen, dann vielleicht mit kleinen Abwandlungen. Der Kuchen besteht aus drei Schichten, einem Boden aus M\u00fcrbteig, einer F\u00fcllung aus anged\u00fcnsteten \u00c4pfeln\u2026","rel":"","context":"In &quot;Kulinarisches&quot;","block_context":{"text":"Kulinarisches","link":"https:\/\/www.strickforum.de\/blog\/category\/7\/"},"img":{"alt_text":"Apfelkuchen mit Nussbaiser","src":"https:\/\/i0.wp.com\/www.strickforum.de\/blog\/media\/1\/20100131-apfelkuchen_nussbaiser.jpg?resize=350%2C200","width":350,"height":200},"classes":[]},{"id":82,"url":"https:\/\/www.strickforum.de\/blog\/backtag\/","url_meta":{"origin":910,"position":1},"title":"Backtag","author":"Admin","date":"6. November 2005","format":false,"excerpt":"Auf vielfachen Wunsch eines einzelnen Herrn, der mittels suggestiver olfaktorischer Halluzinationen (\u201cich rieche Nelken und Kirschwasser\u201d ) selbigem Wunsch noch Nachdruck zu verleihen wu\u00dfte, ging ich heute ans Werk, eine Linzertorte zu backen. Was die Teigzutaten betrifft, variiere ich gern. Sowohl mit Hasel- als auch mit Waln\u00fcssen (und nat\u00fcrlich kombiniert)\u2026","rel":"","context":"In &quot;Kulinarisches&quot;","block_context":{"text":"Kulinarisches","link":"https:\/\/www.strickforum.de\/blog\/category\/7\/"},"img":{"alt_text":"Linzertorte","src":"https:\/\/i0.wp.com\/www.strickforum.de\/blog\/media\/1\/20051106-linzertorte.jpg?resize=350%2C200","width":350,"height":200},"classes":[]},{"id":353,"url":"https:\/\/www.strickforum.de\/blog\/spontane-banane\/","url_meta":{"origin":910,"position":2},"title":"Spontane Banane","author":"Admin","date":"9. M\u00e4rz 2008","format":false,"excerpt":"Beim gestrigen Ausflug wurden zwei Bananen ein wenig l\u00e4diert. Sie sahen ziemlich braun und nicht mehr besonders appetitlich aus. Wegwerfen wollte ich sie aber auch nicht. Also buk ich heute einen spontanen Bananenkuchen: 100 g Butter (w\u00fcrde ich im Nachhinein wohl eher weglassen, der Kuchen war auch so fett genug)\u2026","rel":"","context":"In &quot;Kulinarisches&quot;","block_context":{"text":"Kulinarisches","link":"https:\/\/www.strickforum.de\/blog\/category\/7\/"},"img":{"alt_text":"Spontaner Bananenkuchen","src":"https:\/\/i0.wp.com\/www.strickforum.de\/blog\/media\/1\/20080309-banane-nuss-kuchen.jpg?resize=350%2C200","width":350,"height":200},"classes":[]},{"id":786,"url":"https:\/\/www.strickforum.de\/blog\/monsterkuchen\/","url_meta":{"origin":910,"position":3},"title":"Monsterkuchen","author":"Admin","date":"12. September 2009","format":false,"excerpt":"Zugegeben, von der Gr\u00f6\u00dfe her ist dieser Kuchen nicht sonderlich furchterregend. Seinen Namen hat er aus einem anderen Grund: Viele Strickerinnen bezeichnen Socken, die sie aus allerlei Resten zusammengestoppelt haben, als \u201cMonstersocken\u201d. Analog dazu enth\u00e4lt dieser Kuchen einige Reste aus meiner K\u00fcche, die einer sinnvollen Verwendung zugef\u00fchrt werden sollten. Genau\u2026","rel":"","context":"In &quot;Kulinarisches&quot;","block_context":{"text":"Kulinarisches","link":"https:\/\/www.strickforum.de\/blog\/category\/7\/"},"img":{"alt_text":"Bananen-Ingwer-Kuchen","src":"https:\/\/i0.wp.com\/www.strickforum.de\/blog\/media\/1\/20090912-bananen-ingwer-kuchen.jpg?resize=350%2C200","width":350,"height":200},"classes":[]},{"id":819,"url":"https:\/\/www.strickforum.de\/blog\/preiselbeer-apfel-tarte\/","url_meta":{"origin":910,"position":4},"title":"Preiselbeer-Apfel-Tarte","author":"Admin","date":"24. Oktober 2009","format":false,"excerpt":"Vor knapp 25 Jahren bekam ich ein Kochbuch namens \u201cFeinheiten der franz\u00f6sischen K\u00fcche\u201d geschenkt. Ich habe nie viel daraus gekocht, zwischendurch wollte ich es sogar schon mal weggeben. Neulich bl\u00e4tterte ich aber wieder mal darin und stie\u00df auf ein hochinteressantes Rezept, das ich Euch hier in leicht abgewandelter Form vorstelle.\u2026","rel":"","context":"In &quot;Kulinarisches&quot;","block_context":{"text":"Kulinarisches","link":"https:\/\/www.strickforum.de\/blog\/category\/7\/"},"img":{"alt_text":"Preiselbeer-Apfel-Tarte","src":"https:\/\/i0.wp.com\/www.strickforum.de\/blog\/media\/1\/20091024-preiselbeer-tarte.jpg?resize=350%2C200","width":350,"height":200},"classes":[]},{"id":1943,"url":"https:\/\/www.strickforum.de\/blog\/zwetschgenstrudel\/","url_meta":{"origin":910,"position":5},"title":"Zwetschgenstrudel","author":"Admin","date":"12. September 2015","format":false,"excerpt":"W\u00e4hrend der Zwetschgenzeit, also praktisch von September bis November, h\u00e4tte ich pers\u00f6nlich kein Problem damit, jede Woche Zwetschgendatschi mit Hefeboden zu backen und zu essen. Wenn allerdings manche Familienmitglieder bereits nach der dritten Woche deutliche Anzeichen von Missbilligung erkennen lassen, tut man gut daran, etwas Abwechslung ins Kuchenprogramm zu bringen.\u2026","rel":"","context":"In &quot;Kulinarisches&quot;","block_context":{"text":"Kulinarisches","link":"https:\/\/www.strickforum.de\/blog\/category\/7\/"},"img":{"alt_text":"","src":"","width":0,"height":0},"classes":[]}],"_links":{"self":[{"href":"https:\/\/www.strickforum.de\/blog\/wp-json\/wp\/v2\/posts\/910","targetHints":{"allow":["GET"]}}],"collection":[{"href":"https:\/\/www.strickforum.de\/blog\/wp-json\/wp\/v2\/posts"}],"about":[{"href":"https:\/\/www.strickforum.de\/blog\/wp-json\/wp\/v2\/types\/post"}],"author":[{"embeddable":true,"href":"https:\/\/www.strickforum.de\/blog\/wp-json\/wp\/v2\/users\/3"}],"replies":[{"embeddable":true,"href":"https:\/\/www.strickforum.de\/blog\/wp-json\/wp\/v2\/comments?post=910"}],"version-history":[{"count":0,"href":"https:\/\/www.strickforum.de\/blog\/wp-json\/wp\/v2\/posts\/910\/revisions"}],"wp:attachment":[{"href":"https:\/\/www.strickforum.de\/blog\/wp-json\/wp\/v2\/media?parent=910"}],"wp:term":[{"taxonomy":"category","embeddable":true,"href":"https:\/\/www.strickforum.de\/blog\/wp-json\/wp\/v2\/categories?post=910"},{"taxonomy":"post_tag","embeddable":true,"href":"https:\/\/www.strickforum.de\/blog\/wp-json\/wp\/v2\/tags?post=910"}],"curies":[{"name":"wp","href":"https:\/\/api.w.org\/{rel}","templated":true}]}}