{"id":911,"date":"2010-03-25T19:05:00","date_gmt":"2010-03-25T18:05:00","guid":{"rendered":"http:\/\/www.strickforum.de\/blog\/?p=911"},"modified":"2010-03-25T19:05:00","modified_gmt":"2010-03-25T18:05:00","slug":"sommerpulli-in-verkurzten-reihen-summer-top-with-short-rows","status":"publish","type":"post","link":"https:\/\/www.strickforum.de\/blog\/sommerpulli-in-verkurzten-reihen-summer-top-with-short-rows\/","title":{"rendered":"Sommerpulli in verk\u00fcrzten Reihen &#8211; Summer top with short rows"},"content":{"rendered":"<p>K\u00fcrzlich erstand ich zwei Str\u00e4nge \u00e0 150 g Wollmeise-Garn 100 % Merino in Farbe Campari-Orange. Das Garn ist d\u00fcnn und glatt und l\u00e4sst sich gut mit dem Feinstricker bei MW 7 verarbeiten, die Maschenprobe entspricht ungef\u00e4hr der von 4fach-Sockengarn. Dieser Pulli ist nach einer Anleitung aus einem alten Brother-Moden-Heft (Heft 4, Modell 4) in verk\u00fcrzten Reihen quer gestrickt. Eigentlich soll man eine Grund- und zwei Kontrastfarben verwenden, aber da das Garn ohnehin schon in sich gestreift ist, w\u00e4re das zuviel des Guten gewesen. <br \/>\nDiese Anleitung enth\u00e4lt weder genaue Ma\u00dfe noch ein Schnittschema, so dass man bis zum Ende nicht genau wei\u00df, was eigentlich dabei herauskommen und wie die Passform sein wird. Ich strickte die gr\u00f6\u00dfte von drei Gr\u00f6\u00dfen, aber die mittlere h\u00e4tte sicher auch gereicht. Was ich beim n\u00e4chsten Versuch anders machen w\u00fcrde: F\u00fcr die Halsblende weniger Maschen verwenden und die meisten \u00fcber den \u00c4rmeln einsparen, damit der Ausschnitt kleiner und der Sitz verbessert wird. Ansonsten bin ich mit dem Ergebnis zufrieden.<\/p>\n<p><img data-recalc-dims=\"1\" src=\"https:\/\/i0.wp.com\/www.strickforum.de\/blog\/media\/1\/20100322-campari-orange-kurzarmpulli.jpg?resize=400%2C587\" width=\"400\"  height=\"587\"  alt='Kurzarmpulli\/summer top, Wollmeise 100% Merino'  \/><\/p>\n<p>Recently I acquired two hanks at 150g each of Wollmeise yarn 100% Merino in colour Campari-Orange. The yarn is fine and smooth and can easily be used on a standard gauge knitting machine at about tension 7. The gauge is similar to 4ply yarn.<br \/>\nThe instructions for this top are from an old Brother Fashion magazine (number 4, pattern 4). It is knit sideways with short rows. Actually it should be done in a main and two contrast colours, but as the yarn is already self-striping, more colours would probably have been too much.<br \/>\nThe instructions contain no exact measurement or diagram. So you do not know what you will get and how it will fit until the very end. I made the largest size (of three), but the medium size would have been sufficient. What I would change the next time: Use less stitches for the neckband and omit most of them at the top of the sleeves to achieve a tighter neckline and a better fit. Apart from this, I&#8217;m pleased with the result.<\/p>\n","protected":false},"excerpt":{"rendered":"<p>K\u00fcrzlich erstand ich zwei Str\u00e4nge \u00e0 150 g Wollmeise-Garn 100 % Merino in Farbe Campari-Orange. Das Garn ist d\u00fcnn und glatt und l\u00e4sst sich gut mit dem Feinstricker bei MW 7 verarbeiten, die Maschenprobe entspricht ungef\u00e4hr der von 4fach-Sockengarn. Dieser Pulli ist nach einer Anleitung aus einem alten Brother-Moden-Heft (Heft 4, Modell 4) in verk\u00fcrzten &hellip; <a href=\"https:\/\/www.strickforum.de\/blog\/sommerpulli-in-verkurzten-reihen-summer-top-with-short-rows\/\" class=\"more-link\"><span class=\"screen-reader-text\">\u201eSommerpulli in verk\u00fcrzten Reihen &#8211; Summer top with short rows\u201c <\/span>weiterlesen<\/a><\/p>\n","protected":false},"author":3,"featured_media":0,"comment_status":"open","ping_status":"open","sticky":false,"template":"","format":"standard","meta":{"_seopress_robots_primary_cat":"","_seopress_titles_title":"","_seopress_titles_desc":"","_seopress_robots_index":"","_crdt_document":"","jetpack_post_was_ever_published":false,"_jetpack_newsletter_access":"","_jetpack_dont_email_post_to_subs":false,"_jetpack_newsletter_tier_id":0,"_jetpack_memberships_contains_paywalled_content":false,"_jetpack_memberships_contains_paid_content":false,"footnotes":"","jetpack_publicize_message":"","jetpack_publicize_feature_enabled":true,"jetpack_social_post_already_shared":false,"jetpack_social_options":{"image_generator_settings":{"template":"highway","default_image_id":0,"font":"","enabled":false},"version":2}},"categories":[6],"tags":[],"class_list":["post-911","post","type-post","status-publish","format-standard","hentry","category-6"],"jetpack_publicize_connections":[],"jetpack_featured_media_url":"","jetpack_sharing_enabled":true,"jetpack_shortlink":"https:\/\/wp.me\/p7JbSI-eH","jetpack-related-posts":[{"id":2583,"url":"https:\/\/www.strickforum.de\/blog\/kleiner-strick-urlaub\/","url_meta":{"origin":911,"position":0},"title":"Kleiner Strick-Urlaub","author":"Admin","date":"25. Oktober 2018","format":false,"excerpt":"K\u00fcrzlich g\u00f6nnte ich mir eine kleine Auszeit, bestehend aus einer Woche Strick-Kurs mit Ruth Kindla im freundlichen Hotel Alexa in Bad Mergentheim. Ruth veranstaltet n\u00e4mlich in jedem Herbst Kurse zum Stricken mit verk\u00fcrzten Reihen.\u00a0Nun kann ich durchaus verk\u00fcrzte Reihen ohne fremde Hilfe stricken, aber f\u00fcnf bis sechs Stunden Strickzeit pro\u2026","rel":"","context":"In &quot;Stricken&quot;","block_context":{"text":"Stricken","link":"https:\/\/www.strickforum.de\/blog\/category\/3\/"},"img":{"alt_text":"Leibteil des Modells \"Ren\"","src":"https:\/\/i0.wp.com\/www.strickforum.de\/blog\/wp-content\/uploads\/2018\/10\/ren_rt.jpg?resize=350%2C200","width":350,"height":200,"srcset":"https:\/\/i0.wp.com\/www.strickforum.de\/blog\/wp-content\/uploads\/2018\/10\/ren_rt.jpg?resize=350%2C200 1x, https:\/\/i0.wp.com\/www.strickforum.de\/blog\/wp-content\/uploads\/2018\/10\/ren_rt.jpg?resize=525%2C300 1.5x, https:\/\/i0.wp.com\/www.strickforum.de\/blog\/wp-content\/uploads\/2018\/10\/ren_rt.jpg?resize=700%2C400 2x"},"classes":[]},{"id":1547,"url":"https:\/\/www.strickforum.de\/blog\/maschinegestricktes-aus-der-sabrina\/","url_meta":{"origin":911,"position":1},"title":"Maschinegestricktes aus der &#8220;Sabrina&#8221;","author":"Admin","date":"12. April 2013","format":false,"excerpt":"Es wird ja vor allem in intellektuell angehauchten Strick-Kreisen gern \u00fcber die \u201cSabrina\u201d gel\u00e4stert. Manche finden sie trutschig, manche sagen dazu uninspiriert, manche meinen, langweilig sei der richtige Ausdruck. Ich finde sie eigentlich gar nicht so schlimm. Viele Modelle stehen den angeblich so genialen US-amerikanischen Sch\u00f6pfungen kaum nach, haben aber\u2026","rel":"","context":"In &quot;Stricken&quot;","block_context":{"text":"Stricken","link":"https:\/\/www.strickforum.de\/blog\/category\/3\/"},"img":{"alt_text":"","src":"","width":0,"height":0},"classes":[]},{"id":2281,"url":"https:\/\/www.strickforum.de\/blog\/dusk-into-twilight-ist-fertig\/","url_meta":{"origin":911,"position":2},"title":"Dusk into Twilight ist fertig","author":"Admin","date":"5. November 2016","format":false,"excerpt":"Nach gut zwei Monaten, mit diversen Pausen, weil andere Strickereien wichtiger schienen, ist es geschafft: Mein Tuch in Gothic-Farben ist fertig gestrickt, gewaschen, gespannt und getrocknet. Von den beiden in der Anleitung angegebenen Gr\u00f6\u00dfen habe ich die gr\u00f6\u00dfere gestrickt. Das Tuch wiegt 280 g, ist halbrund, etwa 80 cm hoch\u2026","rel":"","context":"In &quot;Stricken&quot;","block_context":{"text":"Stricken","link":"https:\/\/www.strickforum.de\/blog\/category\/3\/"},"img":{"alt_text":"gothic-dit_fertig","src":"https:\/\/i0.wp.com\/www.strickforum.de\/blog\/wp-content\/uploads\/2016\/11\/gothic-dit_fertig-457x600.jpg?resize=350%2C200","width":350,"height":200},"classes":[]},{"id":141,"url":"https:\/\/www.strickforum.de\/blog\/garngeiz-ist-ungeil\/","url_meta":{"origin":911,"position":3},"title":"Garngeiz ist ungeil","author":"Admin","date":"18. April 2006","format":false,"excerpt":"Heute durfte ich gleich zweimal erleben, wie bl\u00f6d es ist, wenn einem bei den letzten Maschen das Garn ausgeht. Bei der zweiten Schulter des Vorderteils fehlten mir noch etwa 30 cm Garn bis zum Ende. Mitten in den verk\u00fcrzten Reihen durfte ich ansetzen, denn ich hatte nat\u00fcrlich keine Lust, noch\u2026","rel":"","context":"In &quot;Stricken&quot;","block_context":{"text":"Stricken","link":"https:\/\/www.strickforum.de\/blog\/category\/3\/"},"img":{"alt_text":"Halsloch von Modell \u201cHope\u201d","src":"https:\/\/i0.wp.com\/www.strickforum.de\/blog\/media\/1\/20060418-hope_halsloch.jpg?resize=350%2C200","width":350,"height":200},"classes":[]},{"id":1993,"url":"https:\/\/www.strickforum.de\/blog\/nami-cowl\/","url_meta":{"origin":911,"position":4},"title":"Nami Cowl","author":"Admin","date":"25. Mai 2016","format":false,"excerpt":"Es muss im vergangenen Winter gewesen sein, als ich in einem amerikanischen Strickheft (vermutlich war's Interweave Knits) ein K\u00e4rtchen mit der Anleitung f\u00fcr den Nami Cowl zog. Als Material war ein spezieller Garn-Mix von Berroco vorgesehen, bestehend aus zw\u00f6lf Mini-Kn\u00e4ueln, insgesamt etwa 180 yards, den man sich f\u00fcr 25 US$\u2026","rel":"","context":"In &quot;Stricken&quot;","block_context":{"text":"Stricken","link":"https:\/\/www.strickforum.de\/blog\/category\/3\/"},"img":{"alt_text":"","src":"","width":0,"height":0},"classes":[]},{"id":3240,"url":"https:\/\/www.strickforum.de\/blog\/york-slouch\/","url_meta":{"origin":911,"position":5},"title":"York Slouch","author":"Admin","date":"25. April 2021","format":false,"excerpt":"Ja, genau, die achte M\u00fctze ist fertig. Und falls ihr euch fragt, weshalb es hier (fast) Schlag auf Schlag geht: Ich m\u00f6chte mindestens das angepeilte Dutzend abgearbeitet haben, bevor ich die Lust auf M\u00fctzen verliere. :-) Vor wenigen Tagen erhielt ich von Ruth Kindla ein Wollpaket mit Farbverlaufsgarnen. F\u00fcr mich\u2026","rel":"","context":"In &quot;Stricken&quot;","block_context":{"text":"Stricken","link":"https:\/\/www.strickforum.de\/blog\/category\/3\/"},"img":{"alt_text":"","src":"https:\/\/i0.wp.com\/www.strickforum.de\/blog\/wp-content\/uploads\/2021\/04\/york-slouch_seite.jpg?resize=350%2C200&ssl=1","width":350,"height":200,"srcset":"https:\/\/i0.wp.com\/www.strickforum.de\/blog\/wp-content\/uploads\/2021\/04\/york-slouch_seite.jpg?resize=350%2C200&ssl=1 1x, https:\/\/i0.wp.com\/www.strickforum.de\/blog\/wp-content\/uploads\/2021\/04\/york-slouch_seite.jpg?resize=525%2C300&ssl=1 1.5x, https:\/\/i0.wp.com\/www.strickforum.de\/blog\/wp-content\/uploads\/2021\/04\/york-slouch_seite.jpg?resize=700%2C400&ssl=1 2x"},"classes":[]}],"_links":{"self":[{"href":"https:\/\/www.strickforum.de\/blog\/wp-json\/wp\/v2\/posts\/911","targetHints":{"allow":["GET"]}}],"collection":[{"href":"https:\/\/www.strickforum.de\/blog\/wp-json\/wp\/v2\/posts"}],"about":[{"href":"https:\/\/www.strickforum.de\/blog\/wp-json\/wp\/v2\/types\/post"}],"author":[{"embeddable":true,"href":"https:\/\/www.strickforum.de\/blog\/wp-json\/wp\/v2\/users\/3"}],"replies":[{"embeddable":true,"href":"https:\/\/www.strickforum.de\/blog\/wp-json\/wp\/v2\/comments?post=911"}],"version-history":[{"count":0,"href":"https:\/\/www.strickforum.de\/blog\/wp-json\/wp\/v2\/posts\/911\/revisions"}],"wp:attachment":[{"href":"https:\/\/www.strickforum.de\/blog\/wp-json\/wp\/v2\/media?parent=911"}],"wp:term":[{"taxonomy":"category","embeddable":true,"href":"https:\/\/www.strickforum.de\/blog\/wp-json\/wp\/v2\/categories?post=911"},{"taxonomy":"post_tag","embeddable":true,"href":"https:\/\/www.strickforum.de\/blog\/wp-json\/wp\/v2\/tags?post=911"}],"curies":[{"name":"wp","href":"https:\/\/api.w.org\/{rel}","templated":true}]}}