{"id":912,"date":"2010-03-24T22:33:00","date_gmt":"2010-03-24T21:33:00","guid":{"rendered":"http:\/\/www.strickforum.de\/blog\/?p=912"},"modified":"2010-03-24T22:33:00","modified_gmt":"2010-03-24T21:33:00","slug":"kaputtgeliebt-loved-to-pieces","status":"publish","type":"post","link":"https:\/\/www.strickforum.de\/blog\/kaputtgeliebt-loved-to-pieces\/","title":{"rendered":"Kaputtgeliebt &#8211; Loved to pieces"},"content":{"rendered":"<p>M\u00e4nner sind h\u00e4ufig konservativ bei ihrer Kleidung. Das hei\u00dft im positiven Sinn, sie tragen ihre Lieblingsst\u00fccke, bis sie zerfallen. Hier ist ein Beispiel daf\u00fcr. Dieser Pullover ist mehr als zw\u00f6lf Jahre alt. Ich strickte ihn aus reiner Schurwolle (Stahlsche Wolle Limbo, LL 125 m auf 50 g) mit Strickmaschine und KG mit Maschenweite 11, und er hat all die Jahre praktisch ohne Pilling tapfer durchgehalten, bis k\u00fcrzlich am r\u00fcckw\u00e4rtigen und am \u00c4rmelb\u00fcndchen Verschlei\u00dferscheinungen auftraten. Da ich schon lange kein Wollreste mehr davon habe, wird dieses Modell nun nach einem langen und gl\u00fccklichen Pulloverleben entsorgt.<br \/>\nDer Besitzer fragte schon vorsichtig an, ob ich denn einen neuen, m\u00f6glichst \u00e4hnlichen Pullover stricken k\u00f6nnte. Zwar gibt es noch die Qualit\u00e4t Limbo (ob sie wohl immer noch so pilling-resistent ist wie die von damals?), aber nat\u00fcrlich nicht mehr diese Farbe. Mal schauen, was ich als Ersatz verwende. <\/p>\n<p><img data-recalc-dims=\"1\" src=\"https:\/\/i0.wp.com\/www.strickforum.de\/blog\/media\/1\/20100322-limbo-pullover.jpg?resize=400%2C376\" width=\"400\"  height=\"376\"  alt='M\u00e4nnerpullover, man's sweater, Stahlsche Wolle Limbo'  \/><\/p>\n<p>Regarding their clothing, men are often very conservative. In a positive way, this means they wear their favourite garments until they (the garments, not the men) come apart. Here is an example.<br \/>\nThis sweater is more than twelve years old. I made it of pure new wool (Stahlsche Wolle Limbo, 125m per 50g) with my knitting machine and garter carriage at tension 11, and it kept its shape beautifully, practically without any pilling, until recently the back welt and one cuff wore out. Of course after such a long time I don&#8217;t have any wool left from this project, so after a long and happy sweater life, the garment will be disposed of.<br \/>\nI was already asked by the owner if I could knit another sweater like this. The &#8220;Limbo&#8221; yarn is still available (I wonder if the current quality is as pilling-resistant as the old one), but this particular colour has long since gone. We&#8217;ll see what I could use as a substitute.<\/p>\n","protected":false},"excerpt":{"rendered":"<p>M\u00e4nner sind h\u00e4ufig konservativ bei ihrer Kleidung. Das hei\u00dft im positiven Sinn, sie tragen ihre Lieblingsst\u00fccke, bis sie zerfallen. Hier ist ein Beispiel daf\u00fcr. Dieser Pullover ist mehr als zw\u00f6lf Jahre alt. Ich strickte ihn aus reiner Schurwolle (Stahlsche Wolle Limbo, LL 125 m auf 50 g) mit Strickmaschine und KG mit Maschenweite 11, und &hellip; <a href=\"https:\/\/www.strickforum.de\/blog\/kaputtgeliebt-loved-to-pieces\/\" class=\"more-link\"><span class=\"screen-reader-text\">\u201eKaputtgeliebt &#8211; Loved to pieces\u201c <\/span>weiterlesen<\/a><\/p>\n","protected":false},"author":3,"featured_media":0,"comment_status":"open","ping_status":"open","sticky":false,"template":"","format":"standard","meta":{"_seopress_robots_primary_cat":"","_seopress_titles_title":"","_seopress_titles_desc":"","_seopress_robots_index":"","_crdt_document":"","jetpack_post_was_ever_published":false,"_jetpack_newsletter_access":"","_jetpack_dont_email_post_to_subs":false,"_jetpack_newsletter_tier_id":0,"_jetpack_memberships_contains_paywalled_content":false,"_jetpack_memberships_contains_paid_content":false,"footnotes":"","jetpack_publicize_message":"","jetpack_publicize_feature_enabled":true,"jetpack_social_post_already_shared":false,"jetpack_social_options":{"image_generator_settings":{"template":"highway","default_image_id":0,"font":"","enabled":false},"version":2}},"categories":[6],"tags":[],"class_list":["post-912","post","type-post","status-publish","format-standard","hentry","category-6"],"jetpack_publicize_connections":[],"jetpack_featured_media_url":"","jetpack_sharing_enabled":true,"jetpack_shortlink":"https:\/\/wp.me\/p7JbSI-eI","jetpack-related-posts":[{"id":1135,"url":"https:\/\/www.strickforum.de\/blog\/die-verstrickte-dienstagsfrage-92011\/","url_meta":{"origin":912,"position":0},"title":"Die verstrickte Dienstagsfrage 9\/2011","author":"Admin","date":"1. M\u00e4rz 2011","format":false,"excerpt":"Das Wollschaf fragt heute: Wie lange tragt ihr im Durchschnitt euer Selbstgestricktes? Oder anders gefragt: Was ist euer \u00e4ltestes Strickst\u00fcck? Und was macht ihr mit den Teilen, wenn ihr sie nicht mehr tragen m\u00f6gt? Verschenken, in die Altkleidersammlung geben oder aufribbeln und etwas Neues daraus stricken? Vielen Dank an Anke\u2026","rel":"","context":"In &quot;Stricken&quot;","block_context":{"text":"Stricken","link":"https:\/\/www.strickforum.de\/blog\/category\/3\/"},"img":{"alt_text":"","src":"","width":0,"height":0},"classes":[]},{"id":1856,"url":"https:\/\/www.strickforum.de\/blog\/webmuster-stricken\/","url_meta":{"origin":912,"position":1},"title":"Webmuster stricken","author":"Admin","date":"6. Dezember 2014","format":false,"excerpt":"Als ich Anfang Oktober die Musterst\u00fccke f\u00fcr die MeshCon strickte, ging mir durch den Kopf, wie sch\u00f6n doch ein simples maschinegestricktes Webmuster aussehen kann und dass es sich auch f\u00fcr Kleidungsst\u00fccke eignet. Planung, Stricken und Ausarbeitung nahmen dann aber mehr Zeit in Anspruch, als ich zun\u00e4chst gedacht hatte. Immerhin, jetzt\u2026","rel":"","context":"In &quot;Stricken&quot;","block_context":{"text":"Stricken","link":"https:\/\/www.strickforum.de\/blog\/category\/3\/"},"img":{"alt_text":"","src":"","width":0,"height":0},"classes":[]},{"id":1777,"url":"https:\/\/www.strickforum.de\/blog\/nicht-ganz-passend-zur-jahreszeit\/","url_meta":{"origin":912,"position":2},"title":"Nicht ganz passend zur Jahreszeit","author":"Admin","date":"25. Mai 2014","format":false,"excerpt":"Wenn man f\u00fcrs Anfertigen eines Pullovers mehrere Wochen oder sogar Monate ben\u00f6tigt, tut man gut daran, antizyklisch zu stricken. Die Sommersachen sollte man also im Sp\u00e4twinter beginnen und die Wintersachen sp\u00e4testens Anfang Dezember beenden. Mit meinem k\u00fcrzlich fertig gewordenen Pullover liege ich ziemlich daneben. Immerhin ist es ein Leichtgewicht. Drei\u2026","rel":"","context":"In &quot;Stricken&quot;","block_context":{"text":"Stricken","link":"https:\/\/www.strickforum.de\/blog\/category\/3\/"},"img":{"alt_text":"","src":"","width":0,"height":0},"classes":[]},{"id":370,"url":"https:\/\/www.strickforum.de\/blog\/die-verstrickte-dienstagsfrage-152008\/","url_meta":{"origin":912,"position":3},"title":"Die verstrickte Dienstagsfrage 15\/2008","author":"Admin","date":"8. April 2008","format":false,"excerpt":"Das Wollschaf fragt: Habt ihr t\u00e4glich etwas selbstgestricktes an? Wieviele selbstgestrickte Teile habt ihr schon gleichzeitig angehabt, also Schal, M\u00fctze, Handschuhe, Socken, Pulli usw. Vielen Dank an Martina f\u00fcr die heutige Frage! Meine Standardgarderobe sind lange Hosen und T-Shirt\/Top, dar\u00fcber ein der Jahreszeit angemessener Pullover oder eine Jacke und selbstgestrickte\u2026","rel":"","context":"In &quot;Stricken&quot;","block_context":{"text":"Stricken","link":"https:\/\/www.strickforum.de\/blog\/category\/3\/"},"img":{"alt_text":"","src":"","width":0,"height":0},"classes":[]},{"id":1917,"url":"https:\/\/www.strickforum.de\/blog\/antizyklisch-stricken\/","url_meta":{"origin":912,"position":4},"title":"Antizyklisch stricken","author":"Admin","date":"15. Mai 2015","format":false,"excerpt":"Zwar sind derzeit s\u00e4mtliche Strickhefte voll mit angeblich leichten, aber in Wirklichkeit nahezu kiloschweren \u201cSommerpullovern\u201d, die einen allein schon durch ihr Gewicht ins Schwitzen bringen. Und wo ich wohne, gibt es im Sommer regelm\u00e4\u00dfig l\u00e4ngere Hitzeperioden mit Temperaturen \u00fcber 30\u00b0. Den ersten hei\u00dfen Tag hatten wir dieses Jahr sogar schon.\u2026","rel":"","context":"In &quot;Stricken&quot;","block_context":{"text":"Stricken","link":"https:\/\/www.strickforum.de\/blog\/category\/3\/"},"img":{"alt_text":"","src":"","width":0,"height":0},"classes":[]},{"id":127,"url":"https:\/\/www.strickforum.de\/blog\/was-lange-wahrt\/","url_meta":{"origin":912,"position":5},"title":"Was lange w\u00e4hrt","author":"Admin","date":"4. M\u00e4rz 2006","format":false,"excerpt":"Heute wurde dieser Pullover nach einem Jahr Strickzeit endlich fertig. Das Leibteil, in Runden bis zu den \u00c4rmelabnahmen und dann in Reihen weitergestrickt, ist aus Jaeger \u201cWinterspun\u201d, einer l\u00e4ngst nicht mehr erh\u00e4ltlichen reinen Schurwolle. Das Garn ist superdick, es hat nur 66 m Laufl\u00e4nge auf 100 g. Der Grundfaden ist\u2026","rel":"","context":"In &quot;Stricken&quot;","block_context":{"text":"Stricken","link":"https:\/\/www.strickforum.de\/blog\/category\/3\/"},"img":{"alt_text":"Raglan-Rollkragenpullover","src":"https:\/\/i0.wp.com\/www.strickforum.de\/blog\/media\/1\/20060304-winterspun_rippenarm.jpg?resize=350%2C200","width":350,"height":200},"classes":[]}],"_links":{"self":[{"href":"https:\/\/www.strickforum.de\/blog\/wp-json\/wp\/v2\/posts\/912","targetHints":{"allow":["GET"]}}],"collection":[{"href":"https:\/\/www.strickforum.de\/blog\/wp-json\/wp\/v2\/posts"}],"about":[{"href":"https:\/\/www.strickforum.de\/blog\/wp-json\/wp\/v2\/types\/post"}],"author":[{"embeddable":true,"href":"https:\/\/www.strickforum.de\/blog\/wp-json\/wp\/v2\/users\/3"}],"replies":[{"embeddable":true,"href":"https:\/\/www.strickforum.de\/blog\/wp-json\/wp\/v2\/comments?post=912"}],"version-history":[{"count":0,"href":"https:\/\/www.strickforum.de\/blog\/wp-json\/wp\/v2\/posts\/912\/revisions"}],"wp:attachment":[{"href":"https:\/\/www.strickforum.de\/blog\/wp-json\/wp\/v2\/media?parent=912"}],"wp:term":[{"taxonomy":"category","embeddable":true,"href":"https:\/\/www.strickforum.de\/blog\/wp-json\/wp\/v2\/categories?post=912"},{"taxonomy":"post_tag","embeddable":true,"href":"https:\/\/www.strickforum.de\/blog\/wp-json\/wp\/v2\/tags?post=912"}],"curies":[{"name":"wp","href":"https:\/\/api.w.org\/{rel}","templated":true}]}}