{"id":914,"date":"2010-03-22T19:25:00","date_gmt":"2010-03-22T18:25:00","guid":{"rendered":"http:\/\/www.strickforum.de\/blog\/?p=914"},"modified":"2010-03-22T19:25:00","modified_gmt":"2010-03-22T18:25:00","slug":"die-neue-knitty-the-new-knitty","status":"publish","type":"post","link":"https:\/\/www.strickforum.de\/blog\/die-neue-knitty-the-new-knitty\/","title":{"rendered":"Die neue Knitty &#8211; The new Knitty"},"content":{"rendered":"<p>Die neue Fr\u00fchling-Sommer-Ausgabe finde ich nicht schlecht. Es ist nichts dabei, was ich unbedingt sofort stricken wollen w\u00fcrde, aber durchaus einiges Inspirierende. Interessant finde ich das geh\u00e4ufte Auftreten von Pullis im Empire-Stil. <a href=\"http:\/\/www.knitty.com\/ISSUEss10\/PATTemmaline.php\">&#8220;Emmaline&#8221;<\/a> k\u00f6nnte mir gefallen, wenn das Strickbild nicht so grob w\u00e4re. <a href=\"http:\/\/www.knitty.com\/ISSUEss10\/PATTlagitana.php\">&#8220;La Gitana&#8221;<\/a> hat f\u00fcr meinen Geschmack einen zu hohen Halsausschnitt, ist aber ansonsten recht h\u00fcbsch. <a href=\"http:\/\/www.knitty.com\/ISSUEss10\/PATTquesera.php\">&#8220;Que Sera&#8221;<\/a> und <a href=\"http:\/\/www.knitty.com\/ISSUEss10\/KSPATTtappanzee.php\">&#8220;Tappan Zee&#8221;<\/a> sind nett, <a href=\"http:\/\/www.knitty.com\/ISSUEss10\/PATTinamorata.php\">&#8220;Inamorata&#8221;<\/a> gef\u00e4llt mir auch, allerdings w\u00fcrde ich etwas drunter tragen. An &#8220;Petrie&#8221; mag ich die schlichten Linien. Der Halsausschnitt sieht allerdings aus, als w\u00fcrde er \u00fcberhaupt nicht gut sitzen. <a href=\"http:\/\/www.knitty.com\/ISSUEss10\/PATTsummit.php\">&#8220;Summit&#8221;<\/a> ist ein Muster, das u.a. in John Allens <a href=\"http:\/\/strickforum.de\/weblog\/index.php?itemid=361\">&#8220;Treasury of Machine Knitting Stitches&#8221;<\/a> beschrieben ist. <br \/>\n\u00dcber die restlichen Modelle erlaube ich mir kein Urteil, weil ich dergleichen eher nicht stricke. \ud83d\ude09<\/p>\n<p>I think the new spring-summer issue is quite nice. There is nothing in it which I immediately feel the urge to knit, but there are definitely some inspiring ideas. The increased occurrence of empire waistlines is interesting. I would like <a href=\"http:\/\/www.knitty.com\/ISSUEss10\/PATTemmaline.php\">&#8220;Emmaline&#8221;<\/a> if the knitting were not that coarse. <a href=\"http:\/\/www.knitty.com\/ISSUEss10\/PATTlagitana.php\">&#8220;La Gitana&#8221;<\/a> has too tight a neckline for my taste, but otherwise is quite pretty. <a href=\"http:\/\/www.knitty.com\/ISSUEss10\/PATTquesera.php\">&#8220;Que Sera&#8221;<\/a> and <a href=\"http:\/\/www.knitty.com\/ISSUEss10\/KSPATTtappanzee.php\">&#8220;Tappan Zee&#8221;<\/a> are nice, I also like <a href=\"http:\/\/www.knitty.com\/ISSUEss10\/PATTinamorata.php\">&#8220;Inamorata&#8221;<\/a>, but would wear it over a plain shirt or blouse. With &#8220;Petrie&#8221; I like the simple lines. The neckline, however, looks as if it does not fit at all. <a href=\"http:\/\/www.knitty.com\/ISSUEss10\/PATTsummit.php\">&#8220;Summit&#8221;<\/a> shows a pattern that, amongst others, is explained in John Allen&#8217;s <a href=\"http:\/\/strickforum.de\/weblog\/index.php?itemid=361\">&#8220;Treasury of Machine Knitting Stitches&#8221;<\/a>. <br \/>\nI won&#8217;t judge the remaining items because I do not knit such things. \ud83d\ude09<\/p>\n","protected":false},"excerpt":{"rendered":"<p>Die neue Fr\u00fchling-Sommer-Ausgabe finde ich nicht schlecht. Es ist nichts dabei, was ich unbedingt sofort stricken wollen w\u00fcrde, aber durchaus einiges Inspirierende. Interessant finde ich das geh\u00e4ufte Auftreten von Pullis im Empire-Stil. &#8220;Emmaline&#8221; k\u00f6nnte mir gefallen, wenn das Strickbild nicht so grob w\u00e4re. &#8220;La Gitana&#8221; hat f\u00fcr meinen Geschmack einen zu hohen Halsausschnitt, ist aber &hellip; <a href=\"https:\/\/www.strickforum.de\/blog\/die-neue-knitty-the-new-knitty\/\" class=\"more-link\"><span class=\"screen-reader-text\">\u201eDie neue Knitty &#8211; The new Knitty\u201c <\/span>weiterlesen<\/a><\/p>\n","protected":false},"author":3,"featured_media":0,"comment_status":"open","ping_status":"open","sticky":false,"template":"","format":"standard","meta":{"_seopress_robots_primary_cat":"","_seopress_titles_title":"","_seopress_titles_desc":"","_seopress_robots_index":"","_crdt_document":"","jetpack_post_was_ever_published":false,"_jetpack_newsletter_access":"","_jetpack_dont_email_post_to_subs":false,"_jetpack_newsletter_tier_id":0,"_jetpack_memberships_contains_paywalled_content":false,"_jetpack_memberships_contains_paid_content":false,"footnotes":"","jetpack_publicize_message":"","jetpack_publicize_feature_enabled":true,"jetpack_social_post_already_shared":false,"jetpack_social_options":{"image_generator_settings":{"template":"highway","default_image_id":0,"font":"","enabled":false},"version":2}},"categories":[6],"tags":[],"class_list":["post-914","post","type-post","status-publish","format-standard","hentry","category-6"],"jetpack_publicize_connections":[],"jetpack_featured_media_url":"","jetpack_sharing_enabled":true,"jetpack_shortlink":"https:\/\/wp.me\/p7JbSI-eK","jetpack-related-posts":[{"id":2977,"url":"https:\/\/www.strickforum.de\/blog\/designer-knitting-03-2020\/","url_meta":{"origin":914,"position":0},"title":"Designer Knitting 03\/2020","author":"Admin","date":"21. April 2020","format":false,"excerpt":"Zwar ist das neue Heft offiziell erst ab dem 24.04. im Handel, aber ich konnte es bereits jetzt aus dem Briefkasten ziehen. Es enth\u00e4lt unter anderem 18 sch\u00f6ne Designs, die gro\u00dfenteils sehr farbenfroh daherkommen - genau das Richtige, um die Stimmung aufzuheitern, die eventuell durch den Lockdown getr\u00fcbt ist. Als\u2026","rel":"","context":"In &quot;Stricken&quot;","block_context":{"text":"Stricken","link":"https:\/\/www.strickforum.de\/blog\/category\/3\/"},"img":{"alt_text":"Designer Knitting 03\/2020","src":"https:\/\/i0.wp.com\/www.strickforum.de\/blog\/wp-content\/uploads\/2020\/04\/Designer-Knitting-0320.jpg?resize=350%2C200&ssl=1","width":350,"height":200},"classes":[]},{"id":754,"url":"https:\/\/www.strickforum.de\/blog\/fast-wie-neu-almost-like-new\/","url_meta":{"origin":914,"position":1},"title":"Fast wie neu &#8211; Almost like new","author":"Admin","date":"16. Juli 2009","format":false,"excerpt":"Vor mehreren Jahren, genauer gesagt im Juni 2003, strickte ich mir einen Pullover aus einer Mischung aus Viskoseb\u00e4ndchen und Flamm\u00e9garn. Nicht nur wegen des Garns, sondern auch wegen des gro\u00dfz\u00fcgigen Halsausschnitts war das Modell ausgesprochen sommerlich. Und gerade der Halsausschnitt verdarb mir im Laufe der Zeit die Freude am Pullover,\u2026","rel":"","context":"In &quot;Stricken&quot;","block_context":{"text":"Stricken","link":"https:\/\/www.strickforum.de\/blog\/category\/3\/"},"img":{"alt_text":"Halsausschnitt, neu abgekettet - neckline, newly cast-off","src":"https:\/\/i0.wp.com\/www.strickforum.de\/blog\/media\/1\/20090716-viskose_flamme_renew.jpg?resize=350%2C200","width":350,"height":200},"classes":[]},{"id":139,"url":"https:\/\/www.strickforum.de\/blog\/halsausschnitt-planen\/","url_meta":{"origin":914,"position":2},"title":"Halsausschnitt planen","author":"Admin","date":"12. April 2006","format":false,"excerpt":"Vergangenes Wochenende hatte ich ja dar\u00fcber gebr\u00fctet, wie man f\u00fcr \u201cHope\u201d den Halsausschnitt und die Schulterschr\u00e4gung etwas eleganter gestalten k\u00f6nnte. Dies ist das Ergebnis meiner \u00dcberlegungen. Die linke H\u00e4lfte der Zeichnung zeigt die linke Schulter und die linke H\u00e4lfte des r\u00fcckw\u00e4rtigen Halsausschnittes, alles sch\u00f6n in verk\u00fcrzten Reihen. Man kann das\u2026","rel":"","context":"In &quot;Stricken&quot;","block_context":{"text":"Stricken","link":"https:\/\/www.strickforum.de\/blog\/category\/3\/"},"img":{"alt_text":"Halsausschnitt auf Millimeterpapier","src":"https:\/\/i0.wp.com\/www.strickforum.de\/blog\/media\/1\/20060412-hope_hals.gif?resize=350%2C200","width":350,"height":200},"classes":[]},{"id":3559,"url":"https:\/\/www.strickforum.de\/blog\/fibonacci-in-paris\/","url_meta":{"origin":914,"position":3},"title":"Fibonacci in Paris","author":"Admin","date":"23. Februar 2023","format":false,"excerpt":"Endlich, endlich ist das Teil fertig. Das Stricken an sich war mit 14 Farben (Reste bzw. angebrochene Str\u00e4nge) schon eine Herausforderung. Hinzu kam, dass ich bei jedem Farbwechsel von neuem absch\u00e4tzen musste, wie viele Reihen sich damit noch stricken lie\u00dfen, und nat\u00fcrlich mussten die Garnenden gleich eingewebt werden. Was mit\u2026","rel":"","context":"In &quot;Stricken&quot;","block_context":{"text":"Stricken","link":"https:\/\/www.strickforum.de\/blog\/category\/3\/"},"img":{"alt_text":"","src":"https:\/\/i0.wp.com\/www.strickforum.de\/blog\/wp-content\/uploads\/2023\/02\/fibonacci-paris.jpg?resize=350%2C200&ssl=1","width":350,"height":200,"srcset":"https:\/\/i0.wp.com\/www.strickforum.de\/blog\/wp-content\/uploads\/2023\/02\/fibonacci-paris.jpg?resize=350%2C200&ssl=1 1x, https:\/\/i0.wp.com\/www.strickforum.de\/blog\/wp-content\/uploads\/2023\/02\/fibonacci-paris.jpg?resize=525%2C300&ssl=1 1.5x, https:\/\/i0.wp.com\/www.strickforum.de\/blog\/wp-content\/uploads\/2023\/02\/fibonacci-paris.jpg?resize=700%2C400&ssl=1 2x, https:\/\/i0.wp.com\/www.strickforum.de\/blog\/wp-content\/uploads\/2023\/02\/fibonacci-paris.jpg?resize=1050%2C600&ssl=1 3x, https:\/\/i0.wp.com\/www.strickforum.de\/blog\/wp-content\/uploads\/2023\/02\/fibonacci-paris.jpg?resize=1400%2C800&ssl=1 4x"},"classes":[]},{"id":1663,"url":"https:\/\/www.strickforum.de\/blog\/die-verstrickte-dienstagsfrage-452013\/","url_meta":{"origin":914,"position":4},"title":"Die verstrickte Dienstagsfrage 45\/2013","author":"Admin","date":"5. November 2013","format":false,"excerpt":"Diesmal stellt das Wollschaf eine Frage von mir: Hast Du Lieblingsdesigner? Wenn ja, welche, und was fasziniert Dich an ihren Entw\u00fcrfen? Strickst Du die Designs auch nach, oder bewunderst Du sie nur aus der Ferne? Richtige Lieblingsdesigner habe ich nicht. Stattdessen finde ich in jeder Designersuppe ein Haar. :-) Ich\u2026","rel":"","context":"In &quot;Stricken&quot;","block_context":{"text":"Stricken","link":"https:\/\/www.strickforum.de\/blog\/category\/3\/"},"img":{"alt_text":"","src":"","width":0,"height":0},"classes":[]},{"id":1547,"url":"https:\/\/www.strickforum.de\/blog\/maschinegestricktes-aus-der-sabrina\/","url_meta":{"origin":914,"position":5},"title":"Maschinegestricktes aus der &#8220;Sabrina&#8221;","author":"Admin","date":"12. April 2013","format":false,"excerpt":"Es wird ja vor allem in intellektuell angehauchten Strick-Kreisen gern \u00fcber die \u201cSabrina\u201d gel\u00e4stert. Manche finden sie trutschig, manche sagen dazu uninspiriert, manche meinen, langweilig sei der richtige Ausdruck. Ich finde sie eigentlich gar nicht so schlimm. Viele Modelle stehen den angeblich so genialen US-amerikanischen Sch\u00f6pfungen kaum nach, haben aber\u2026","rel":"","context":"In &quot;Stricken&quot;","block_context":{"text":"Stricken","link":"https:\/\/www.strickforum.de\/blog\/category\/3\/"},"img":{"alt_text":"","src":"","width":0,"height":0},"classes":[]}],"_links":{"self":[{"href":"https:\/\/www.strickforum.de\/blog\/wp-json\/wp\/v2\/posts\/914","targetHints":{"allow":["GET"]}}],"collection":[{"href":"https:\/\/www.strickforum.de\/blog\/wp-json\/wp\/v2\/posts"}],"about":[{"href":"https:\/\/www.strickforum.de\/blog\/wp-json\/wp\/v2\/types\/post"}],"author":[{"embeddable":true,"href":"https:\/\/www.strickforum.de\/blog\/wp-json\/wp\/v2\/users\/3"}],"replies":[{"embeddable":true,"href":"https:\/\/www.strickforum.de\/blog\/wp-json\/wp\/v2\/comments?post=914"}],"version-history":[{"count":0,"href":"https:\/\/www.strickforum.de\/blog\/wp-json\/wp\/v2\/posts\/914\/revisions"}],"wp:attachment":[{"href":"https:\/\/www.strickforum.de\/blog\/wp-json\/wp\/v2\/media?parent=914"}],"wp:term":[{"taxonomy":"category","embeddable":true,"href":"https:\/\/www.strickforum.de\/blog\/wp-json\/wp\/v2\/categories?post=914"},{"taxonomy":"post_tag","embeddable":true,"href":"https:\/\/www.strickforum.de\/blog\/wp-json\/wp\/v2\/tags?post=914"}],"curies":[{"name":"wp","href":"https:\/\/api.w.org\/{rel}","templated":true}]}}