{"id":916,"date":"2010-03-23T19:03:09","date_gmt":"2010-03-23T18:03:09","guid":{"rendered":"http:\/\/www.strickforum.de\/blog\/?p=916"},"modified":"2017-07-29T12:42:32","modified_gmt":"2017-07-29T10:42:32","slug":"die-verstrickte-dienstagsfrage-122010","status":"publish","type":"post","link":"https:\/\/www.strickforum.de\/blog\/die-verstrickte-dienstagsfrage-122010\/","title":{"rendered":"Die verstrickte Dienstagsfrage 12\/2010"},"content":{"rendered":"<p><b>Das <a href=\"http:\/\/board.stricknetz.net\/blog\/35\/entry-6725-die-verstrickte-dienstagsfrage-122010\/\" target=\"_blank\" rel=\"noopener\">Wollschaf<\/a> fragt:<br \/>\nTrotz recht gediegener Strickpraxis passieren immer wieder Pannen, dass man total falsch zunimmt, sich im Muster grandios verl\u00e4uft, obwohl es klar zu erkennen w\u00e4re, ein Teil \u00fcberhaupt nicht passt etc. Da kann man schon mal an seinem Verstand zweifeln.<br \/>\nWelches ist Euer allerd\u00e4mlichster Strickfehler?<br \/>\nHerzlichen Dank an Jinx f\u00fcr die heutige Frage! <\/b><\/p>\n<p>Das ist mal eine nette Frage. Ich habe schon so entsetzlich viele Strickfehler gemacht, dass ich sie mir gar nicht alle merken konnte. Vor allem mit der Strickmaschine kann man innerhalb von Sekunden Murks produzieren, dessen Behebung bzw. Beseitigung durchaus mehrere Stunden in Anspruch nimmt. Ein falsch eingestellter Knopf oder Hebel, und gnadenlos saust einem ein fast fertiges Strickteil von den Nadeln zu Boden und ribbelt sich dabei bis zur Unkenntlichkeit auf.<br \/>\nUnd der Anschaulichkeit halber hier noch mein eklatantestes Beispiel f\u00fcr Strickd\u00e4mlichkeit: Die <a href=\"https:\/\/www.strickforum.de\/blog\/das-darf-doch-nicht-wahr-sein\/\">Schulternaht mit einfacher lockerer Schraube<\/a>. \ud83d\ude42<\/p>\n","protected":false},"excerpt":{"rendered":"<p>Das Wollschaf fragt: Trotz recht gediegener Strickpraxis passieren immer wieder Pannen, dass man total falsch zunimmt, sich im Muster grandios verl\u00e4uft, obwohl es klar zu erkennen w\u00e4re, ein Teil \u00fcberhaupt nicht passt etc. Da kann man schon mal an seinem Verstand zweifeln. Welches ist Euer allerd\u00e4mlichster Strickfehler? Herzlichen Dank an Jinx f\u00fcr die heutige Frage! &hellip; <a href=\"https:\/\/www.strickforum.de\/blog\/die-verstrickte-dienstagsfrage-122010\/\" class=\"more-link\"><span class=\"screen-reader-text\">\u201eDie verstrickte Dienstagsfrage 12\/2010\u201c <\/span>weiterlesen<\/a><\/p>\n","protected":false},"author":3,"featured_media":0,"comment_status":"open","ping_status":"open","sticky":false,"template":"","format":"standard","meta":{"_seopress_robots_primary_cat":"","_seopress_titles_title":"","_seopress_titles_desc":"","_seopress_robots_index":"","_crdt_document":"","jetpack_post_was_ever_published":false,"_jetpack_newsletter_access":"","_jetpack_dont_email_post_to_subs":false,"_jetpack_newsletter_tier_id":0,"_jetpack_memberships_contains_paywalled_content":false,"_jetpack_memberships_contains_paid_content":false,"footnotes":"","jetpack_publicize_message":"","jetpack_publicize_feature_enabled":true,"jetpack_social_post_already_shared":false,"jetpack_social_options":{"image_generator_settings":{"template":"highway","default_image_id":0,"font":"","enabled":false},"version":2}},"categories":[6],"tags":[],"class_list":["post-916","post","type-post","status-publish","format-standard","hentry","category-6"],"jetpack_publicize_connections":[],"jetpack_featured_media_url":"","jetpack_sharing_enabled":true,"jetpack_shortlink":"https:\/\/wp.me\/p7JbSI-eM","jetpack-related-posts":[{"id":1607,"url":"https:\/\/www.strickforum.de\/blog\/strickfehler\/","url_meta":{"origin":916,"position":0},"title":"Strickfehler","author":"Admin","date":"24. August 2013","format":false,"excerpt":"Wer seit so langer Zeit strickt wie ich (mehr als 30 Jahre von Hand, mehr als 25 Jahre mit der Maschine), hat schon so ziemlich alle erdenklichen Fehler gemacht. Zu den immer wieder beliebten Evergreens geh\u00f6rt beispielsweise das Vergessen eines Umschlags im Lochmuster oder seines Gegenteils, des Zusammenstrickens zweier Maschen.\u2026","rel":"","context":"In &quot;Stricken&quot;","block_context":{"text":"Stricken","link":"https:\/\/www.strickforum.de\/blog\/category\/3\/"},"img":{"alt_text":"","src":"","width":0,"height":0},"classes":[]},{"id":349,"url":"https:\/\/www.strickforum.de\/blog\/das-wollschaf-am-dienstag-the-wool-sheep-on-tuesday-92008\/","url_meta":{"origin":916,"position":1},"title":"Das Wollschaf am Dienstag &#8211; the Wool Sheep on Tuesday 9\/2008","author":"Admin","date":"26. Februar 2008","format":false,"excerpt":"Beim Stricken heute ist mir folgende Frage gekommen: Was machen eigentlich Wollstrickerinnen, wenn sie feststellen, da\u00df sie versehentlich von der Strickvorlage\/-anleitung abgewichen sind oder sogar einen \u201cStrickfehler\u201d begangen haben? Trennt ihr das Gestrickte auf und korrigiert es? oder legt ihr das Strickzeug erst mal auf unbestimmte Zeit zur Seite (und\u2026","rel":"","context":"In &quot;Stricken&quot;","block_context":{"text":"Stricken","link":"https:\/\/www.strickforum.de\/blog\/category\/3\/"},"img":{"alt_text":"","src":"","width":0,"height":0},"classes":[]},{"id":3568,"url":"https:\/\/www.strickforum.de\/blog\/falsch-verbunden\/","url_meta":{"origin":916,"position":2},"title":"Falsch verbunden","author":"Admin","date":"3. M\u00e4rz 2023","format":false,"excerpt":"Die Designerin MaryAnn Lammers hat sich spezialisiert auf Schals, Loops und rechteckige T\u00fccher. Zwei ihrer Entw\u00fcrfe habe ich bereits im Januar gestrickt. Einen dritten nahm ich vergangenen Monat in Angriff: Das Modell Ooh-La-La, einen Loop, der aus drei zusammenh\u00e4ngenden Kettengliedern besteht, gestrickt aus relativ dicker Wolle. Da ich geeignetes Material\u2026","rel":"","context":"In &quot;Stricken&quot;","block_context":{"text":"Stricken","link":"https:\/\/www.strickforum.de\/blog\/category\/3\/"},"img":{"alt_text":"Ooh-La-La als dreifacher Loop","src":"https:\/\/i0.wp.com\/www.strickforum.de\/blog\/wp-content\/uploads\/2023\/03\/img_0165.jpg?resize=350%2C200&ssl=1","width":350,"height":200,"srcset":"https:\/\/i0.wp.com\/www.strickforum.de\/blog\/wp-content\/uploads\/2023\/03\/img_0165.jpg?resize=350%2C200&ssl=1 1x, https:\/\/i0.wp.com\/www.strickforum.de\/blog\/wp-content\/uploads\/2023\/03\/img_0165.jpg?resize=525%2C300&ssl=1 1.5x, https:\/\/i0.wp.com\/www.strickforum.de\/blog\/wp-content\/uploads\/2023\/03\/img_0165.jpg?resize=700%2C400&ssl=1 2x, https:\/\/i0.wp.com\/www.strickforum.de\/blog\/wp-content\/uploads\/2023\/03\/img_0165.jpg?resize=1050%2C600&ssl=1 3x, https:\/\/i0.wp.com\/www.strickforum.de\/blog\/wp-content\/uploads\/2023\/03\/img_0165.jpg?resize=1400%2C800&ssl=1 4x"},"classes":[]},{"id":1886,"url":"https:\/\/www.strickforum.de\/blog\/blos-nicht-ribbeln\/","url_meta":{"origin":916,"position":3},"title":"Blo\u00df nicht ribbeln!","author":"Admin","date":"19. Februar 2015","format":false,"excerpt":"Der rechte \u201cVionette\u201d-Handschuh war fast fertig, und ich probierte ihn an. Das h\u00e4tte ich schon fr\u00fcher tun sollen, denn dann w\u00e4re mir eher aufgefallen, dass ich etwa 15 Runden tiefer einen Fehler eingestrickt hatte: Deutliche erkennbar hatte ich dort statt kraus mehrere Maschen glatt rechts gestrickt. Als Strickerin hat man\u2026","rel":"","context":"In &quot;Stricken&quot;","block_context":{"text":"Stricken","link":"https:\/\/www.strickforum.de\/blog\/category\/3\/"},"img":{"alt_text":"","src":"","width":0,"height":0},"classes":[]},{"id":1392,"url":"https:\/\/www.strickforum.de\/blog\/die-verstrickte-dienstagsfrage-242012\/","url_meta":{"origin":916,"position":4},"title":"Die verstrickte Dienstagsfrage 24\/2012","author":"Admin","date":"12. Juni 2012","format":false,"excerpt":"Diese Woche fragt das Wollschaf: Was macht ihr, wenn ihr Fehler in eurem Gestrick findet? Ribbeln, zurueckstricken, Maschen fallen lassen, mogeln oder ignorieren? Und was macht ihr, wenn euch kurz vor dem Fertigstellen auffaellt, das sich in dem Strickstueck ein Fehler befindet? Tendiert ihr zum Perfektionismus und behebt ihr den\u2026","rel":"","context":"In &quot;Stricken&quot;","block_context":{"text":"Stricken","link":"https:\/\/www.strickforum.de\/blog\/category\/3\/"},"img":{"alt_text":"","src":"","width":0,"height":0},"classes":[]},{"id":1779,"url":"https:\/\/www.strickforum.de\/blog\/die-verstrickte-dienstagsfrage-222014\/","url_meta":{"origin":916,"position":5},"title":"Die verstrickte Dienstagsfrage 22\/2014","author":"Admin","date":"27. Mai 2014","format":false,"excerpt":"Diese Woche kommt vom Wollschaf folgende spannende Frage: Ich habe die Idee, ein \u201cStrick-Wiki\u201d ins Netz zu stellen, kostenfrei und jeder kann mitmachen, analog zu dem \u201cnormalen\u201d Wikipedia. Es k\u00f6nnen dort alle Bereiche, die mit Handarbeiten zu tun haben, angesprochen und mit einem Beitrag versehen werden. Beispielsweise k\u00f6nnte man Strickmuster\u2026","rel":"","context":"In &quot;Stricken&quot;","block_context":{"text":"Stricken","link":"https:\/\/www.strickforum.de\/blog\/category\/3\/"},"img":{"alt_text":"","src":"","width":0,"height":0},"classes":[]}],"_links":{"self":[{"href":"https:\/\/www.strickforum.de\/blog\/wp-json\/wp\/v2\/posts\/916","targetHints":{"allow":["GET"]}}],"collection":[{"href":"https:\/\/www.strickforum.de\/blog\/wp-json\/wp\/v2\/posts"}],"about":[{"href":"https:\/\/www.strickforum.de\/blog\/wp-json\/wp\/v2\/types\/post"}],"author":[{"embeddable":true,"href":"https:\/\/www.strickforum.de\/blog\/wp-json\/wp\/v2\/users\/3"}],"replies":[{"embeddable":true,"href":"https:\/\/www.strickforum.de\/blog\/wp-json\/wp\/v2\/comments?post=916"}],"version-history":[{"count":1,"href":"https:\/\/www.strickforum.de\/blog\/wp-json\/wp\/v2\/posts\/916\/revisions"}],"predecessor-version":[{"id":2344,"href":"https:\/\/www.strickforum.de\/blog\/wp-json\/wp\/v2\/posts\/916\/revisions\/2344"}],"wp:attachment":[{"href":"https:\/\/www.strickforum.de\/blog\/wp-json\/wp\/v2\/media?parent=916"}],"wp:term":[{"taxonomy":"category","embeddable":true,"href":"https:\/\/www.strickforum.de\/blog\/wp-json\/wp\/v2\/categories?post=916"},{"taxonomy":"post_tag","embeddable":true,"href":"https:\/\/www.strickforum.de\/blog\/wp-json\/wp\/v2\/tags?post=916"}],"curies":[{"name":"wp","href":"https:\/\/api.w.org\/{rel}","templated":true}]}}