{"id":940,"date":"2010-05-11T11:13:21","date_gmt":"2010-05-11T09:13:21","guid":{"rendered":"http:\/\/www.strickforum.de\/blog\/?p=940"},"modified":"2010-05-11T11:13:21","modified_gmt":"2010-05-11T09:13:21","slug":"die-verstrickte-dienstagsfrage-192010","status":"publish","type":"post","link":"https:\/\/www.strickforum.de\/blog\/die-verstrickte-dienstagsfrage-192010\/","title":{"rendered":"Die verstrickte Dienstagsfrage 19\/2010"},"content":{"rendered":"<p><b>Das <a href=\"http:\/\/board.stricknetz.net\/blog\/35\/entry-7008-die-verstrickte-dienstagsfrage-192010\/\" target=\"_blank\">Wollschaf<\/a> fragt:<br \/>\nMit welchen Nadeln strickt ihr am liebsten? Welche Marke, welches Material, welches System (Rundstricknadeln, Nadelspiele\u2026)<br \/>\nHerzlichen Dank an Tabemi f\u00fcr die heutige Frage!<\/b><\/p>\n<p>Da verweise ich mal auf eine \u00e4hnlich gelagerte Frage vom 20. Oktober 2009 und meine <a href=\"http:\/\/strickforum.de\/weblog\/index.php?itemid=814\">damalige Antwort<\/a>. <br \/>\nF\u00fcr variable Nadelbauk\u00e4sten kann ich mich nicht mehr begeistern, seit drei Knitpicks-Seile (direkt aus den USA bezogen und damals gut zwei Jahre in Gebrauch) sich mitten beim Stricken von ihrem Gewinde gel\u00f6st haben. Das hat nichts zu tun mit nicht fest genug angeschraubter Nadel. Ich bin durchaus in der Lage, ein Schraubgewinde sachgem\u00e4\u00df zu bet\u00e4tigen. \ud83d\ude09 Hier war es definitiv und wiederholt die Verbindung zwischen Seil und Gewinde, die nicht gen\u00fcgend belastbar war, vor allem wenn es sich um schweres Gestrick (z.B. Aranjacken) handelt und\/oder wenn man fest strickt und die Maschen gelegentlich \u00fcber die Seile zerren muss. Ein Nadelset, das nur f\u00fcr leichte Belastung und zartes Lochmustergestrick geeignet ist, finde ich so praktisch wie einen Designer-Bikini im Schneesturm. <br \/>\nIch habe mir ersatzweise mittlerweile ein ziemlich umf\u00e4ngliches Sortiment an Addi Lace- und Feinstricknadeln beschafft und komme damit am besten zurecht.<\/p>\n","protected":false},"excerpt":{"rendered":"<p>Das Wollschaf fragt: Mit welchen Nadeln strickt ihr am liebsten? Welche Marke, welches Material, welches System (Rundstricknadeln, Nadelspiele\u2026) Herzlichen Dank an Tabemi f\u00fcr die heutige Frage! Da verweise ich mal auf eine \u00e4hnlich gelagerte Frage vom 20. Oktober 2009 und meine damalige Antwort. F\u00fcr variable Nadelbauk\u00e4sten kann ich mich nicht mehr begeistern, seit drei Knitpicks-Seile &hellip; <a href=\"https:\/\/www.strickforum.de\/blog\/die-verstrickte-dienstagsfrage-192010\/\" class=\"more-link\"><span class=\"screen-reader-text\">\u201eDie verstrickte Dienstagsfrage 19\/2010\u201c <\/span>weiterlesen<\/a><\/p>\n","protected":false},"author":3,"featured_media":0,"comment_status":"open","ping_status":"open","sticky":false,"template":"","format":"standard","meta":{"_seopress_robots_primary_cat":"","_seopress_titles_title":"","_seopress_titles_desc":"","_seopress_robots_index":"","_crdt_document":"","jetpack_post_was_ever_published":false,"_jetpack_newsletter_access":"","_jetpack_dont_email_post_to_subs":false,"_jetpack_newsletter_tier_id":0,"_jetpack_memberships_contains_paywalled_content":false,"_jetpack_memberships_contains_paid_content":false,"footnotes":"","jetpack_publicize_message":"","jetpack_publicize_feature_enabled":true,"jetpack_social_post_already_shared":false,"jetpack_social_options":{"image_generator_settings":{"template":"highway","default_image_id":0,"font":"","enabled":false},"version":2}},"categories":[6],"tags":[],"class_list":["post-940","post","type-post","status-publish","format-standard","hentry","category-6"],"jetpack_publicize_connections":[],"jetpack_featured_media_url":"","jetpack_sharing_enabled":true,"jetpack_shortlink":"https:\/\/wp.me\/p7JbSI-fa","jetpack-related-posts":[{"id":1026,"url":"https:\/\/www.strickforum.de\/blog\/knitpicks-seil-knitpicks-cable\/","url_meta":{"origin":940,"position":0},"title":"Knitpicks Seil &#8211; Knitpicks cable","author":"Admin","date":"24. September 2010","format":false,"excerpt":"Ich glaube, auf diesem Bild kann man sehr sch\u00f6n erkennen, weshalb ich Knitpicks Options Nadeln nicht mehr benutzen mag. Als ich vorgestern abend (vergeblich) eine Stricknadel der St\u00e4rke 4,5 mm suchte, griff ich in meiner Verzweiflung wieder einmal zum Knitpicks-Etui. Beim Versuch, die Nadelspitzen anzuschrauben, l\u00f6sten sich die Gewinde spontan\u2026","rel":"","context":"In &quot;Stricken&quot;","block_context":{"text":"Stricken","link":"https:\/\/www.strickforum.de\/blog\/category\/3\/"},"img":{"alt_text":"Knitpicks Options Seil, Knitpicks Options cable","src":"https:\/\/i0.wp.com\/www.strickforum.de\/blog\/media\/1\/20100923-knitpicks_options.jpg?resize=350%2C200","width":350,"height":200},"classes":[]},{"id":1129,"url":"https:\/\/www.strickforum.de\/blog\/die-verstrickte-dienstagsfrage-82011\/","url_meta":{"origin":940,"position":1},"title":"Die verstrickte Dienstagsfrage 8\/2011","author":"Admin","date":"22. Februar 2011","format":false,"excerpt":"Das Wollschaf will diesmal wissen: Besitzt du auch ein variables Nadelset mit auswechselbaren Nadelspitzen und verschieden langen Seilen? Hast du sogar mehrere? Was sind die Vorteile dieser Sets? Gibt's auch Nachteile? Wenn du keines hast \u2013 warum nicht? Vielen Dank an Monika f\u00fcr die heutige Frage! Tats\u00e4chlich besitze ich nicht\u2026","rel":"","context":"In &quot;Stricken&quot;","block_context":{"text":"Stricken","link":"https:\/\/www.strickforum.de\/blog\/category\/3\/"},"img":{"alt_text":"","src":"","width":0,"height":0},"classes":[]},{"id":814,"url":"https:\/\/www.strickforum.de\/blog\/die-verstrickte-dienstagsfrage-432009\/","url_meta":{"origin":940,"position":2},"title":"Die verstrickte Dienstagsfrage 43\/2009","author":"Admin","date":"20. Oktober 2009","format":false,"excerpt":"Das Wollschaf fragt: Inzwischen gibt es ja Stricknadeln aus allen m\u00f6glichen Materialien: aus Kunststoff, Bambus, Edelh\u00f6lzern oder Metall. Wie m\u00fcssen die Nadeln beschaffen sein, die Ihr bevorzugt und welche Erfahrungen habt Ihr mit den verschiedenen Materialien gemacht? Herzlichen Dank an Anke die f\u00fcr die heutige Frage, die auch von der\u2026","rel":"","context":"In &quot;Stricken&quot;","block_context":{"text":"Stricken","link":"https:\/\/www.strickforum.de\/blog\/category\/3\/"},"img":{"alt_text":"","src":"","width":0,"height":0},"classes":[]},{"id":833,"url":"https:\/\/www.strickforum.de\/blog\/mir-reichts-fed-up\/","url_meta":{"origin":940,"position":3},"title":"Mir reichts &#8211; Fed up","author":"Admin","date":"12. November 2009","format":false,"excerpt":"Innerhalb weniger Tage ist mir nun das zweite Knitpicks-Kabel vom Gewinde abgerissen. Als es heute passierte, sa\u00df ich gerade in der Stra\u00dfenbahn. Ein tolles Erlebnis, wenn man in wenigen Sekunden vor dem Aussteigen zwei Dutzend verstreute Maschen irgendwie aufzusammeln versucht. Ich vermute, es liegt am Garn. Zur Zeit verstricke ich\u2026","rel":"","context":"In &quot;Stricken&quot;","block_context":{"text":"Stricken","link":"https:\/\/www.strickforum.de\/blog\/category\/3\/"},"img":{"alt_text":"Rowan Magpie Aran Tweed","src":"https:\/\/i0.wp.com\/www.strickforum.de\/blog\/media\/1\/20091112-magpie-aran-tweed.jpg?resize=350%2C200","width":350,"height":200},"classes":[]},{"id":1429,"url":"https:\/\/www.strickforum.de\/blog\/die-verstrickte-dienstagsfrage-382012\/","url_meta":{"origin":940,"position":4},"title":"Die verstrickte Dienstagsfrage 38\/2012","author":"Admin","date":"18. September 2012","format":false,"excerpt":"Das Wollschaf fragt diesmal: Welche Erfahrungen habt Ihr mit verschiedenen Strick- und H\u00e4kelnadel-Materialien gemacht? Also Alu, Plastik, Bambus, Holz (KnitPro), Edelholz (wie Rosenholz, Veilchenholz oder Ebenholz), Bein (antik nat\u00fcrlich). Welche w\u00fcrdet Ihr empfehlen, welche nicht und warum? Ich selbst kann Alu\/Metall nicht vertragen. KnitPro sind z.T. m\u00f6rderisch spitz und sie\u2026","rel":"","context":"In &quot;Stricken&quot;","block_context":{"text":"Stricken","link":"https:\/\/www.strickforum.de\/blog\/category\/3\/"},"img":{"alt_text":"","src":"","width":0,"height":0},"classes":[]},{"id":1337,"url":"https:\/\/www.strickforum.de\/blog\/die-verstrickte-dienstagsfrage-112012\/","url_meta":{"origin":940,"position":5},"title":"Die verstrickte Dienstagsfrage 11\/2012","author":"Admin","date":"13. M\u00e4rz 2012","format":false,"excerpt":"Diese Woche fragt das Wollschaf: 1. Kauft ihr Nadeln im Set, Habe ich mal probiert (Denise und Knitpicks), sie haben sich f\u00fcr mich aber nicht bew\u00e4hrt. Mit nicht-variablen Rundstricknadeln komme ich wesentlich besser zurecht. Ach, ein 15-cm-Nadelspiel-Set von Knitpro in verschiedenen St\u00e4rken habe ich noch, das ist ganz h\u00fcbsch. Es\u2026","rel":"","context":"In &quot;Stricken&quot;","block_context":{"text":"Stricken","link":"https:\/\/www.strickforum.de\/blog\/category\/3\/"},"img":{"alt_text":"","src":"","width":0,"height":0},"classes":[]}],"_links":{"self":[{"href":"https:\/\/www.strickforum.de\/blog\/wp-json\/wp\/v2\/posts\/940","targetHints":{"allow":["GET"]}}],"collection":[{"href":"https:\/\/www.strickforum.de\/blog\/wp-json\/wp\/v2\/posts"}],"about":[{"href":"https:\/\/www.strickforum.de\/blog\/wp-json\/wp\/v2\/types\/post"}],"author":[{"embeddable":true,"href":"https:\/\/www.strickforum.de\/blog\/wp-json\/wp\/v2\/users\/3"}],"replies":[{"embeddable":true,"href":"https:\/\/www.strickforum.de\/blog\/wp-json\/wp\/v2\/comments?post=940"}],"version-history":[{"count":0,"href":"https:\/\/www.strickforum.de\/blog\/wp-json\/wp\/v2\/posts\/940\/revisions"}],"wp:attachment":[{"href":"https:\/\/www.strickforum.de\/blog\/wp-json\/wp\/v2\/media?parent=940"}],"wp:term":[{"taxonomy":"category","embeddable":true,"href":"https:\/\/www.strickforum.de\/blog\/wp-json\/wp\/v2\/categories?post=940"},{"taxonomy":"post_tag","embeddable":true,"href":"https:\/\/www.strickforum.de\/blog\/wp-json\/wp\/v2\/tags?post=940"}],"curies":[{"name":"wp","href":"https:\/\/api.w.org\/{rel}","templated":true}]}}