{"id":942,"date":"2010-05-14T12:05:52","date_gmt":"2010-05-14T10:05:52","guid":{"rendered":"http:\/\/www.strickforum.de\/blog\/?p=942"},"modified":"2010-05-14T12:05:52","modified_gmt":"2010-05-14T10:05:52","slug":"farbe-bekennen","status":"publish","type":"post","link":"https:\/\/www.strickforum.de\/blog\/farbe-bekennen\/","title":{"rendered":"Farbe bekennen"},"content":{"rendered":"<p>Eigentlich bin ich nicht der Typ, der sich an allen m\u00f6glichen Aktionen beteiligt. Aber diese klingt sehr spannend, deshalb will ich mitmachen. Zwar ist mir der damit verbundene Aufwand noch nicht ganz klar und auch nicht ganz geheuer &#8211; immerhin l\u00e4uft die Aktion \u00fcber 30 Wochen, und was wei\u00df ich, wie mein Leben sich in den n\u00e4chsten 30 Wochen entwickelt. Aber probieren kann man es ja mal. Und als Syn\u00e4sthetikerin habe ich ohnehin eine spezielle Beziehung zu Farben. Manche Farbgruppen kommen in meinen pers\u00f6nlichen Assoziationen in diversen feinsten Abstufungen vor, manche sind dagegen fast gar nicht vertreten. Es wird sicher interessant, wenn ich mich wieder einmal genauer damit auseinandersetze.<br \/>\n<img data-recalc-dims=\"1\" src=\"https:\/\/i0.wp.com\/www.strickforum.de\/blog\/media\/1\/20100514-farbebekennen2010_213.jpg?resize=213%2C213\" width=\"213\"  height=\"213\"  alt='Farbe bekennen'  \/><br \/>\nWer ebenfalls Interesse hat, mitzumachen, findet alle <a href=\"http:\/\/himbeermarmelade.de\/farbe.php\" target=\"_blank\">Details hier<\/a>. <br \/>\nUnd auf die Aktion wurde ich aufmerksam durch einen <a href=\"http:\/\/pippilottas.blogspot.com\/2010\/05\/nachdem-laura-mich-dazu-eingeladen-hat.html\" target=\"_blank\">Eintrag bei Pippilotta<\/a>. <\/p>\n","protected":false},"excerpt":{"rendered":"<p>Eigentlich bin ich nicht der Typ, der sich an allen m\u00f6glichen Aktionen beteiligt. Aber diese klingt sehr spannend, deshalb will ich mitmachen. Zwar ist mir der damit verbundene Aufwand noch nicht ganz klar und auch nicht ganz geheuer &#8211; immerhin l\u00e4uft die Aktion \u00fcber 30 Wochen, und was wei\u00df ich, wie mein Leben sich in &hellip; <a href=\"https:\/\/www.strickforum.de\/blog\/farbe-bekennen\/\" class=\"more-link\"><span class=\"screen-reader-text\">\u201eFarbe bekennen\u201c <\/span>weiterlesen<\/a><\/p>\n","protected":false},"author":3,"featured_media":0,"comment_status":"open","ping_status":"open","sticky":false,"template":"","format":"standard","meta":{"_seopress_robots_primary_cat":"","_seopress_titles_title":"","_seopress_titles_desc":"","_seopress_robots_index":"","_crdt_document":"","jetpack_post_was_ever_published":false,"_jetpack_newsletter_access":"","_jetpack_dont_email_post_to_subs":false,"_jetpack_newsletter_tier_id":0,"_jetpack_memberships_contains_paywalled_content":false,"_jetpack_memberships_contains_paid_content":false,"footnotes":"","jetpack_publicize_message":"","jetpack_publicize_feature_enabled":true,"jetpack_social_post_already_shared":false,"jetpack_social_options":{"image_generator_settings":{"template":"highway","default_image_id":0,"font":"","enabled":false},"version":2}},"categories":[10],"tags":[],"class_list":["post-942","post","type-post","status-publish","format-standard","hentry","category-10"],"jetpack_publicize_connections":[],"jetpack_featured_media_url":"","jetpack_sharing_enabled":true,"jetpack_shortlink":"https:\/\/wp.me\/p7JbSI-fc","jetpack-related-posts":[{"id":945,"url":"https:\/\/www.strickforum.de\/blog\/farbe-bekennen-blau\/","url_meta":{"origin":942,"position":0},"title":"Farbe bekennen &#8211; Blau","author":"Admin","date":"17. Mai 2010","format":false,"excerpt":"Blau! Blaue Stunde, blaue Nacht, Himmel, Meer, Ferne, Unerreichbarkeit, Sehnsucht, Treue, Best\u00e4ndigkeit, Zuverl\u00e4ssigkeit, Ruhe, Passivit\u00e4t. Eigentlich wollte ich eine richtig schicke Abhandlung dar\u00fcber schreiben. Als ich dann auf der Suche nach einem blauen Motiv war, stie\u00df ich praktisch gleich vor dem Haus auf etwas Passendes. Und dann machte ich dieses\u2026","rel":"","context":"In &quot;Farbe bekennen&quot;","block_context":{"text":"Farbe bekennen","link":"https:\/\/www.strickforum.de\/blog\/category\/10\/"},"img":{"alt_text":"Altpapiertonnen","src":"https:\/\/i0.wp.com\/www.strickforum.de\/blog\/media\/1\/20100517-altpapier_450.jpg?resize=350%2C200","width":350,"height":200},"classes":[]},{"id":965,"url":"https:\/\/www.strickforum.de\/blog\/farbe-bekennen-orange\/","url_meta":{"origin":942,"position":1},"title":"Farbe bekennen &#8211; Orange","author":"Admin","date":"14. Juni 2010","format":false,"excerpt":"Neulich hatte ich diesen Beutel dabei, um an einem regnerischen Tag mein Strickzeug, das sonst in einer Stofftasche mit mir unterwegs ist, vor N\u00e4sse zu sch\u00fctzen. Ein Bekannter sah Beutel und Schriftzug und meinte, in so einer Tasche finde man bestimmt alles besonders gut wieder. :-) Orange ist nicht so\u2026","rel":"","context":"In &quot;Farbe bekennen&quot;","block_context":{"text":"Farbe bekennen","link":"https:\/\/www.strickforum.de\/blog\/category\/10\/"},"img":{"alt_text":"Farbe bekennen: Orange","src":"https:\/\/i0.wp.com\/www.strickforum.de\/blog\/media\/1\/20100614-farbebekennen_orange.jpg?resize=350%2C200","width":350,"height":200},"classes":[]},{"id":1062,"url":"https:\/\/www.strickforum.de\/blog\/farbe-bekennen-bronze\/","url_meta":{"origin":942,"position":2},"title":"Farbe bekennen: Bronze","author":"Admin","date":"22. November 2010","format":false,"excerpt":"Eigentlich war dies das Thema der vergangenen Woche. Ich bin sp\u00e4t dran. Das Bild zeigt Metallkn\u00f6pfe in verschiedenen Gr\u00f6\u00dfen, die ich in meiner Knopfsammlung gefunden habe. Vielleicht finde ich irgendwann auch einmal ein Strickprojekt daf\u00fcr.","rel":"","context":"In &quot;Farbe bekennen&quot;","block_context":{"text":"Farbe bekennen","link":"https:\/\/www.strickforum.de\/blog\/category\/10\/"},"img":{"alt_text":"Farbe bekennen: Bronze","src":"https:\/\/i0.wp.com\/www.strickforum.de\/blog\/media\/1\/20101122-farbebekennen_bronze.jpg?resize=350%2C200","width":350,"height":200},"classes":[]},{"id":974,"url":"https:\/\/www.strickforum.de\/blog\/farbe-bekennen-schwarz\/","url_meta":{"origin":942,"position":3},"title":"Farbe bekennen &#8211; Schwarz","author":"Admin","date":"1. Juli 2010","format":false,"excerpt":"Es gibt kaum eine Farbe, die ich so wenig mag wie Schwarz. Die Ursachen f\u00fcr diese Ablehnung sind vielf\u00e4ltig und nicht ganz einfach zu erkl\u00e4ren. Nat\u00fcrlich hatte ich, wie wohl jeder, in jungen Jahren meine Schwarz-Phase. Noch knapp bevor ich drei\u00dfig wurde, lief ich gelegentlich von Kopf bis Fu\u00df in\u2026","rel":"","context":"In &quot;Farbe bekennen&quot;","block_context":{"text":"Farbe bekennen","link":"https:\/\/www.strickforum.de\/blog\/category\/10\/"},"img":{"alt_text":"Farbe bekennen: Schwarz","src":"https:\/\/i0.wp.com\/www.strickforum.de\/blog\/media\/1\/20100701-farbebekennen_schwarz.jpg?resize=350%2C200","width":350,"height":200},"classes":[]},{"id":1030,"url":"https:\/\/www.strickforum.de\/blog\/farbe-bekennen-hellviolett\/","url_meta":{"origin":942,"position":4},"title":"Farbe bekennen: Hellviolett","author":"Admin","date":"4. Oktober 2010","format":false,"excerpt":"Nachdem ich vergangene Woche erhebliche Computerprobleme hatte (man sollte einen Compi gelegentlich komplett vom Stromnetz trennen), komme ich heute zum Gl\u00fcck wieder an alle Daten und Programme und kann somit die Farbe der letzten Woche nachreichen. Hellviolett geh\u00f6rt f\u00fcr mich zu den \u201ckosmetischen\u201d Farben, etwas bl\u00e4sslich, zart, melancholisch angehaucht. In\u2026","rel":"","context":"In &quot;Farbe bekennen&quot;","block_context":{"text":"Farbe bekennen","link":"https:\/\/www.strickforum.de\/blog\/category\/10\/"},"img":{"alt_text":"farbe bekennen: Hellviolett.jpg","src":"https:\/\/i0.wp.com\/www.strickforum.de\/blog\/media\/1\/20101004-farbebekennen_hellviolett.jpg?resize=350%2C200","width":350,"height":200},"classes":[]},{"id":1039,"url":"https:\/\/www.strickforum.de\/blog\/farbe-bekennen-limette\/","url_meta":{"origin":942,"position":5},"title":"Farbe bekennen: Limette","author":"Admin","date":"14. Oktober 2010","format":false,"excerpt":"Dies sind nat\u00fcrlich keine Limetten. Die Limetten, die ich kenne, haben sowieso eine dunkelgr\u00fcne Schale und blassgr\u00fcnes Fruchtfleisch und entsprechen eher nicht dem etwas schrillen Farbton dieser Woche. Zun\u00e4chst bef\u00fcrchtete ich, dass ich f\u00fcr diese Woche \u00fcberhaupt kein passendes Bild finden oder machen k\u00f6nnte. Aber dann bekam ich von einer\u2026","rel":"","context":"In &quot;Farbe bekennen&quot;","block_context":{"text":"Farbe bekennen","link":"https:\/\/www.strickforum.de\/blog\/category\/10\/"},"img":{"alt_text":"Farbe bekennen: Limette","src":"https:\/\/i0.wp.com\/www.strickforum.de\/blog\/media\/1\/20101014-farbebekennen_limette.jpg?resize=350%2C200","width":350,"height":200},"classes":[]}],"_links":{"self":[{"href":"https:\/\/www.strickforum.de\/blog\/wp-json\/wp\/v2\/posts\/942","targetHints":{"allow":["GET"]}}],"collection":[{"href":"https:\/\/www.strickforum.de\/blog\/wp-json\/wp\/v2\/posts"}],"about":[{"href":"https:\/\/www.strickforum.de\/blog\/wp-json\/wp\/v2\/types\/post"}],"author":[{"embeddable":true,"href":"https:\/\/www.strickforum.de\/blog\/wp-json\/wp\/v2\/users\/3"}],"replies":[{"embeddable":true,"href":"https:\/\/www.strickforum.de\/blog\/wp-json\/wp\/v2\/comments?post=942"}],"version-history":[{"count":0,"href":"https:\/\/www.strickforum.de\/blog\/wp-json\/wp\/v2\/posts\/942\/revisions"}],"wp:attachment":[{"href":"https:\/\/www.strickforum.de\/blog\/wp-json\/wp\/v2\/media?parent=942"}],"wp:term":[{"taxonomy":"category","embeddable":true,"href":"https:\/\/www.strickforum.de\/blog\/wp-json\/wp\/v2\/categories?post=942"},{"taxonomy":"post_tag","embeddable":true,"href":"https:\/\/www.strickforum.de\/blog\/wp-json\/wp\/v2\/tags?post=942"}],"curies":[{"name":"wp","href":"https:\/\/api.w.org\/{rel}","templated":true}]}}