{"id":947,"date":"2010-05-18T18:58:00","date_gmt":"2010-05-18T16:58:00","guid":{"rendered":"http:\/\/www.strickforum.de\/blog\/?p=947"},"modified":"2010-05-18T18:58:00","modified_gmt":"2010-05-18T16:58:00","slug":"die-verstrickte-dienstagsfrage-202010","status":"publish","type":"post","link":"https:\/\/www.strickforum.de\/blog\/die-verstrickte-dienstagsfrage-202010\/","title":{"rendered":"Die verstrickte Dienstagsfrage 20\/2010"},"content":{"rendered":"<p><b>Das <a href=\"http:\/\/board.stricknetz.net\/blog\/35\/entry-7009-die-verstrickte-dienstagsfrage-202010\/\" target=\"_blank\">Wollschaf<\/a> fragt:<br \/>\neventuell gabs diese Frage schon mal, vielleicht aber auch nicht: Ich w\u00fcrde einfach gerne mal wissen, wie das bei den Leuten so ist. Also:<br \/>\nWieviele der Pullover und Jacken, die ihr f\u00fcr euch selbst gestrickt habt, tragt ihr auch tats\u00e4chlich? Wobei &#8220;tats\u00e4chlich tragen&#8221; &#8220;mindestens einmal im Monat&#8221; und &#8220;in der \u00d6ffentlichkeit&#8221; bedeutet.<br \/>\nVielen Dank an Nina f\u00fcr die heutige Frage!<\/b><\/p>\n<p>Wenn ich davon ausgehe, dass ein durchschnittlicher Monat 30 Tage hat und dass ich pro Tag einen Pullover oder eine Jacke trage (ab und an auch mal ein Twinset), dann k\u00f6nnte ich nicht alle meine Pullover und Jacken einmal im Monat ausf\u00fchren, weil es zu viele sind. Aber generell trage ich das, was sich in meinem Schrank befindet, mindestens einmal im Jahr. Nein, bitte keine falschen Hochrechnungen; ich besitze nicht 365 Stricksachen. \ud83d\ude09 Manches eignet sich jedoch nur f\u00fcr sehr niedrige Temperaturen und erblickt deshalb nur an kalten Wintertagen das Tageslicht, sofern dann \u00fcberhaupt welches vorhanden ist. <br \/>\nEs kommt leider trotz aller Vorsichtsma\u00dfnahmen gelegentlich vor, dass ich mir etwas stricke, das mir dann nicht gef\u00e4llt oder nicht zu mir passt. Was sich als unpraktisch, unbequem oder unkleidsam erweist, verl\u00e4sst den Schrank ziemlich schnell, es wandert zu Menschen, bei denen es besser aufgehoben ist oder kommt in die Kleidersammlung. <\/p>\n","protected":false},"excerpt":{"rendered":"<p>Das Wollschaf fragt: eventuell gabs diese Frage schon mal, vielleicht aber auch nicht: Ich w\u00fcrde einfach gerne mal wissen, wie das bei den Leuten so ist. Also: Wieviele der Pullover und Jacken, die ihr f\u00fcr euch selbst gestrickt habt, tragt ihr auch tats\u00e4chlich? Wobei &#8220;tats\u00e4chlich tragen&#8221; &#8220;mindestens einmal im Monat&#8221; und &#8220;in der \u00d6ffentlichkeit&#8221; bedeutet. &hellip; <a href=\"https:\/\/www.strickforum.de\/blog\/die-verstrickte-dienstagsfrage-202010\/\" class=\"more-link\"><span class=\"screen-reader-text\">\u201eDie verstrickte Dienstagsfrage 20\/2010\u201c <\/span>weiterlesen<\/a><\/p>\n","protected":false},"author":3,"featured_media":0,"comment_status":"open","ping_status":"open","sticky":false,"template":"","format":"standard","meta":{"_seopress_robots_primary_cat":"","_seopress_titles_title":"","_seopress_titles_desc":"","_seopress_robots_index":"","_crdt_document":"","jetpack_post_was_ever_published":false,"_jetpack_newsletter_access":"","_jetpack_dont_email_post_to_subs":false,"_jetpack_newsletter_tier_id":0,"_jetpack_memberships_contains_paywalled_content":false,"_jetpack_memberships_contains_paid_content":false,"footnotes":"","jetpack_publicize_message":"","jetpack_publicize_feature_enabled":true,"jetpack_social_post_already_shared":false,"jetpack_social_options":{"image_generator_settings":{"template":"highway","default_image_id":0,"font":"","enabled":false},"version":2}},"categories":[6],"tags":[],"class_list":["post-947","post","type-post","status-publish","format-standard","hentry","category-6"],"jetpack_publicize_connections":[],"jetpack_featured_media_url":"","jetpack_sharing_enabled":true,"jetpack_shortlink":"https:\/\/wp.me\/p7JbSI-fh","jetpack-related-posts":[{"id":1632,"url":"https:\/\/www.strickforum.de\/blog\/die-verstrickte-dienstagsfrage-402013\/","url_meta":{"origin":947,"position":0},"title":"Die verstrickte Dienstagsfrage 40\/2013","author":"Admin","date":"1. Oktober 2013","format":false,"excerpt":"Diese Woche m\u00f6chte das Wollschaf wissen: Wo sind eure fertigen Strickst\u00fccke zu Hause? D\u00fcrfen sie sich mit ihresgleichen in einem speziell daf\u00fcr vorgesehenen Schrank oder sogar Zimmer tummeln, oder m\u00fcssen sie ihr Dasein im ganz normalen Kleiderschrank unter all den \u201cnormalen\u201d Kleidungsst\u00fccken fristen? Und lagert ihr mal um? z.B. einen\u2026","rel":"","context":"In &quot;Stricken&quot;","block_context":{"text":"Stricken","link":"https:\/\/www.strickforum.de\/blog\/category\/3\/"},"img":{"alt_text":"","src":"","width":0,"height":0},"classes":[]},{"id":1135,"url":"https:\/\/www.strickforum.de\/blog\/die-verstrickte-dienstagsfrage-92011\/","url_meta":{"origin":947,"position":1},"title":"Die verstrickte Dienstagsfrage 9\/2011","author":"Admin","date":"1. M\u00e4rz 2011","format":false,"excerpt":"Das Wollschaf fragt heute: Wie lange tragt ihr im Durchschnitt euer Selbstgestricktes? Oder anders gefragt: Was ist euer \u00e4ltestes Strickst\u00fcck? Und was macht ihr mit den Teilen, wenn ihr sie nicht mehr tragen m\u00f6gt? Verschenken, in die Altkleidersammlung geben oder aufribbeln und etwas Neues daraus stricken? Vielen Dank an Anke\u2026","rel":"","context":"In &quot;Stricken&quot;","block_context":{"text":"Stricken","link":"https:\/\/www.strickforum.de\/blog\/category\/3\/"},"img":{"alt_text":"","src":"","width":0,"height":0},"classes":[]},{"id":1359,"url":"https:\/\/www.strickforum.de\/blog\/die-verstrickte-dienstagsfrage-152012\/","url_meta":{"origin":947,"position":2},"title":"Die verstrickte Dienstagsfrage 15\/2012","author":"Admin","date":"10. April 2012","format":false,"excerpt":"Das Wollschaf holt eine Frage aus dem Archiv vom 08.03.2005: Besitzt Du eigentlich \u00fcberhaupt noch gekaufte Stricksachen? Oder strickst Du inzwischen alles selbst? Oder tr\u00e4gst Du Deine gestrickten Sachen gar \u00fcberhaupt nicht? Ich habe einen schwarzen Pullover, den ich mir aufgrund eines Todesfalls in der Familie gekauft habe. Da reichte\u2026","rel":"","context":"In &quot;Stricken&quot;","block_context":{"text":"Stricken","link":"https:\/\/www.strickforum.de\/blog\/category\/3\/"},"img":{"alt_text":"","src":"","width":0,"height":0},"classes":[]},{"id":1585,"url":"https:\/\/www.strickforum.de\/blog\/die-verstrickte-dienstagsfrage-272013\/","url_meta":{"origin":947,"position":3},"title":"Die verstrickte Dienstagsfrage 27\/2013","author":"Admin","date":"2. Juli 2013","format":false,"excerpt":"Diese Woche stellt das Wollschaf eine Frage aus dem Archiv vom 19.06.2007: Wie diszipliniert bist du? Strickst du immer erst ein Projekt fertig bevor du das n\u00e4chste beginnst oder hast du einige Dinge gleichzeitig in Arbeit? Wenn ja, dann z\u00e4hle doch mal auf ! Magst du auch Bilder von den\u2026","rel":"","context":"In &quot;Stricken&quot;","block_context":{"text":"Stricken","link":"https:\/\/www.strickforum.de\/blog\/category\/3\/"},"img":{"alt_text":"","src":"","width":0,"height":0},"classes":[]},{"id":2510,"url":"https:\/\/www.strickforum.de\/blog\/ein-neues-strickbuch\/","url_meta":{"origin":947,"position":4},"title":"Ein neues Strickbuch","author":"Admin","date":"20. Mai 2018","format":false,"excerpt":"Obwohl meine Strick-Bibliothek schon sehr umfangreich ist, sto\u00dfe ich immer mal wieder auf das eine oder andere Buch, das vielversprechend erscheint und gekauft werden will. K\u00fcrzlich ging es mir so mit \"Unheimlich. Sch\u00f6n. Gestrickt.\" von der d\u00e4nischen Designerin Annette Danielsen.\u00a0 Annette Danielsen z\u00e4hlt nicht gerade zu meinen Lieblings-Designern. Ihre Entw\u00fcrfe\u2026","rel":"","context":"In &quot;Buchkritiken&quot;","block_context":{"text":"Buchkritiken","link":"https:\/\/www.strickforum.de\/blog\/category\/8\/"},"img":{"alt_text":"","src":"https:\/\/i0.wp.com\/www.strickforum.de\/blog\/wp-content\/uploads\/2018\/05\/usg-gruenschmuck-design.jpg?resize=350%2C200","width":350,"height":200},"classes":[]},{"id":370,"url":"https:\/\/www.strickforum.de\/blog\/die-verstrickte-dienstagsfrage-152008\/","url_meta":{"origin":947,"position":5},"title":"Die verstrickte Dienstagsfrage 15\/2008","author":"Admin","date":"8. April 2008","format":false,"excerpt":"Das Wollschaf fragt: Habt ihr t\u00e4glich etwas selbstgestricktes an? Wieviele selbstgestrickte Teile habt ihr schon gleichzeitig angehabt, also Schal, M\u00fctze, Handschuhe, Socken, Pulli usw. Vielen Dank an Martina f\u00fcr die heutige Frage! Meine Standardgarderobe sind lange Hosen und T-Shirt\/Top, dar\u00fcber ein der Jahreszeit angemessener Pullover oder eine Jacke und selbstgestrickte\u2026","rel":"","context":"In &quot;Stricken&quot;","block_context":{"text":"Stricken","link":"https:\/\/www.strickforum.de\/blog\/category\/3\/"},"img":{"alt_text":"","src":"","width":0,"height":0},"classes":[]}],"_links":{"self":[{"href":"https:\/\/www.strickforum.de\/blog\/wp-json\/wp\/v2\/posts\/947","targetHints":{"allow":["GET"]}}],"collection":[{"href":"https:\/\/www.strickforum.de\/blog\/wp-json\/wp\/v2\/posts"}],"about":[{"href":"https:\/\/www.strickforum.de\/blog\/wp-json\/wp\/v2\/types\/post"}],"author":[{"embeddable":true,"href":"https:\/\/www.strickforum.de\/blog\/wp-json\/wp\/v2\/users\/3"}],"replies":[{"embeddable":true,"href":"https:\/\/www.strickforum.de\/blog\/wp-json\/wp\/v2\/comments?post=947"}],"version-history":[{"count":0,"href":"https:\/\/www.strickforum.de\/blog\/wp-json\/wp\/v2\/posts\/947\/revisions"}],"wp:attachment":[{"href":"https:\/\/www.strickforum.de\/blog\/wp-json\/wp\/v2\/media?parent=947"}],"wp:term":[{"taxonomy":"category","embeddable":true,"href":"https:\/\/www.strickforum.de\/blog\/wp-json\/wp\/v2\/categories?post=947"},{"taxonomy":"post_tag","embeddable":true,"href":"https:\/\/www.strickforum.de\/blog\/wp-json\/wp\/v2\/tags?post=947"}],"curies":[{"name":"wp","href":"https:\/\/api.w.org\/{rel}","templated":true}]}}