{"id":952,"date":"2010-05-25T19:30:00","date_gmt":"2010-05-25T17:30:00","guid":{"rendered":"http:\/\/www.strickforum.de\/blog\/?p=952"},"modified":"2010-05-25T19:30:00","modified_gmt":"2010-05-25T17:30:00","slug":"die-verstrickte-dienstagsfrage-212010","status":"publish","type":"post","link":"https:\/\/www.strickforum.de\/blog\/die-verstrickte-dienstagsfrage-212010\/","title":{"rendered":"Die verstrickte Dienstagsfrage 21\/2010"},"content":{"rendered":"<p><b>Das <a href=\"http:\/\/board.stricknetz.net\/blog\/35\/entry-7010-die-verstrickte-dienstagsfrage-212010\/\" target=\"_blank\">Wollschaf<\/a>  fragt:<br \/>\nWelche B\u00fccher sind Musthaves (f\u00fcr Handstricker und Maschinenstricker), welche kann man sich schenken?<br \/>\nHerzlichen Dank an Tanja f\u00fcr die heutige Frage!<\/b><\/p>\n<p>Diese oder \u00e4hnliche Fragen wurden schon \u00f6fter gestellt, deshalb recycle ich heute \u00e4ltere Eintr\u00e4ge.<br \/>\nZu <a href=\"http:\/\/strickforum.de\/weblog\/index.php?itemid=100\" target=\"_blank\">Strickbuch-Empfehlungen<\/a> <br \/>\nZum <a href=\"http:\/\/strickforum.de\/weblog\/index.php?itemid=391\" target=\"_blank\">Lieblingsstrickbuch<\/a><\/p>\n","protected":false},"excerpt":{"rendered":"<p>Das Wollschaf fragt: Welche B\u00fccher sind Musthaves (f\u00fcr Handstricker und Maschinenstricker), welche kann man sich schenken? Herzlichen Dank an Tanja f\u00fcr die heutige Frage! Diese oder \u00e4hnliche Fragen wurden schon \u00f6fter gestellt, deshalb recycle ich heute \u00e4ltere Eintr\u00e4ge. Zu Strickbuch-Empfehlungen Zum Lieblingsstrickbuch<\/p>\n","protected":false},"author":3,"featured_media":0,"comment_status":"open","ping_status":"open","sticky":false,"template":"","format":"standard","meta":{"_seopress_robots_primary_cat":"","_seopress_titles_title":"","_seopress_titles_desc":"","_seopress_robots_index":"","_crdt_document":"","jetpack_post_was_ever_published":false,"_jetpack_newsletter_access":"","_jetpack_dont_email_post_to_subs":false,"_jetpack_newsletter_tier_id":0,"_jetpack_memberships_contains_paywalled_content":false,"_jetpack_memberships_contains_paid_content":false,"footnotes":"","jetpack_publicize_message":"","jetpack_publicize_feature_enabled":true,"jetpack_social_post_already_shared":false,"jetpack_social_options":{"image_generator_settings":{"template":"highway","default_image_id":0,"font":"","enabled":false},"version":2}},"categories":[6],"tags":[],"class_list":["post-952","post","type-post","status-publish","format-standard","hentry","category-6"],"jetpack_publicize_connections":[],"jetpack_featured_media_url":"","jetpack_sharing_enabled":true,"jetpack_shortlink":"https:\/\/wp.me\/p7JbSI-fm","jetpack-related-posts":[{"id":962,"url":"https:\/\/www.strickforum.de\/blog\/die-verstrickte-dienstagsfrage-232010\/","url_meta":{"origin":952,"position":0},"title":"Die verstrickte Dienstagsfrage 23\/2010","author":"Admin","date":"8. Juni 2010","format":false,"excerpt":"Das Wollschaf fragt diesmal: Lest ihr englische Strickb\u00fccher? Welche? Herzlichen Dank an Tabemi f\u00fcr die heutige Frage! Ja, ich lese tats\u00e4chlich englische Strickb\u00fccher, haupts\u00e4chlich weil es zu den speziellen Themen, die mich interessieren, nichts auf Deutsch gibt (bzw. gab, denn meine Sammlung nahm ihren Anfang vor mehr als zwanzig Jahren).\u2026","rel":"","context":"In &quot;Stricken&quot;","block_context":{"text":"Stricken","link":"https:\/\/www.strickforum.de\/blog\/category\/3\/"},"img":{"alt_text":"Regal 1","src":"https:\/\/i0.wp.com\/www.strickforum.de\/blog\/media\/1\/20100608-regal1.jpg?resize=350%2C200","width":350,"height":200},"classes":[]},{"id":1054,"url":"https:\/\/www.strickforum.de\/blog\/die-verstrickte-dienstagsfrage-452010\/","url_meta":{"origin":952,"position":1},"title":"Die verstrickte Dienstagsfrage 45\/2010","author":"Admin","date":"9. November 2010","format":false,"excerpt":"Das Wollschaf fragt heute: Welche Strickb\u00fccher stehen \u00fcberwiegend in eurem Schrank? Hier eine Entscheidungshilfe, evtl. f\u00fcr eine Rangfolge: a) Musterb\u00fccher f\u00fcr die eigenen Designs b) Technik- und Grundlagenb\u00fccher wie von Katharina Buss, Hanna Jaacks, Nicky Epstein, etc.. c) Sockenanleitungen d) Designerb\u00fccher wie Starmore, Fassett, Schulz, etc. e) Magazine und Hefte\u2026","rel":"","context":"In &quot;Stricken&quot;","block_context":{"text":"Stricken","link":"https:\/\/www.strickforum.de\/blog\/category\/3\/"},"img":{"alt_text":"","src":"","width":0,"height":0},"classes":[]},{"id":747,"url":"https:\/\/www.strickforum.de\/blog\/die-verstrickte-dienstagsfrage-282009\/","url_meta":{"origin":952,"position":2},"title":"Die verstrickte Dienstagsfrage 28\/2009","author":"Admin","date":"7. Juli 2009","format":false,"excerpt":"Das Wollschaf fragt: Wie stellst Du Dir das ideale Strickbuch vor? Mal abgesehen davon, da\u00df einem m\u00f6glichst viele Modelle gefallen sollten: Was ist Dir noch wichtig? W\u00e4rst Du bereit, f\u00fcr eine h\u00f6here Qualit\u00e4t (Einband, Papier, Format etc.) auch einen h\u00f6heren Preis zu bezahlen? Herzlichen Dank an Tina f\u00fcr die heutige\u2026","rel":"","context":"In &quot;Allgemeines&quot;","block_context":{"text":"Allgemeines","link":"https:\/\/www.strickforum.de\/blog\/category\/1\/"},"img":{"alt_text":"","src":"","width":0,"height":0},"classes":[]},{"id":814,"url":"https:\/\/www.strickforum.de\/blog\/die-verstrickte-dienstagsfrage-432009\/","url_meta":{"origin":952,"position":3},"title":"Die verstrickte Dienstagsfrage 43\/2009","author":"Admin","date":"20. Oktober 2009","format":false,"excerpt":"Das Wollschaf fragt: Inzwischen gibt es ja Stricknadeln aus allen m\u00f6glichen Materialien: aus Kunststoff, Bambus, Edelh\u00f6lzern oder Metall. Wie m\u00fcssen die Nadeln beschaffen sein, die Ihr bevorzugt und welche Erfahrungen habt Ihr mit den verschiedenen Materialien gemacht? Herzlichen Dank an Anke die f\u00fcr die heutige Frage, die auch von der\u2026","rel":"","context":"In &quot;Stricken&quot;","block_context":{"text":"Stricken","link":"https:\/\/www.strickforum.de\/blog\/category\/3\/"},"img":{"alt_text":"","src":"","width":0,"height":0},"classes":[]},{"id":1803,"url":"https:\/\/www.strickforum.de\/blog\/die-verstrickte-dienstagsfrage-302014\/","url_meta":{"origin":952,"position":4},"title":"Die verstrickte Dienstagsfrage 30\/2014","author":"Admin","date":"22. Juli 2014","format":false,"excerpt":"Diese Woche lautet die Wollschaf-Frage: Habt Ihr ein oder mehrere Lieblings-Strickb\u00fccher? Wenn ja, welche(s)? Aus welchem Buch habt Ihr bisher die meisten Modelle nachgestrickt? Welches Buch in Eurer Strickbibliothek hat Euch bisher den meisten Nutzen gebracht und warum? Leider habe ich kein richtiges Lieblings-Strickbuch, was m\u00f6glicherweise daran liegt, dass ich\u2026","rel":"","context":"In &quot;Stricken&quot;","block_context":{"text":"Stricken","link":"https:\/\/www.strickforum.de\/blog\/category\/3\/"},"img":{"alt_text":"","src":"","width":0,"height":0},"classes":[]},{"id":1204,"url":"https:\/\/www.strickforum.de\/blog\/die-verstrickte-dienstagsfrage-282011\/","url_meta":{"origin":952,"position":5},"title":"Die verstrickte Dienstagsfrage 28\/2011","author":"Admin","date":"13. Juli 2011","format":false,"excerpt":"Das Wollschaf fragt diese Woche: Ich sortiere gerade meine Strickbuchsammlung neu und finde kein wirklich logisches Ordnungssystem. Daher w\u00fcrde mich mal interessieren, wie andere ihre Strick-Fachliteratur organisieren. Nach Autor? Nach Sachgebiet (Modellb\u00fccher, Mustersammlungen, Techniken)? Falls letzteres, was macht Ihr mit B\u00fcchern, die in mehrere Kategorien passen? Oder habt Ihr vielleicht\u2026","rel":"","context":"In &quot;Stricken&quot;","block_context":{"text":"Stricken","link":"https:\/\/www.strickforum.de\/blog\/category\/3\/"},"img":{"alt_text":"","src":"","width":0,"height":0},"classes":[]}],"_links":{"self":[{"href":"https:\/\/www.strickforum.de\/blog\/wp-json\/wp\/v2\/posts\/952","targetHints":{"allow":["GET"]}}],"collection":[{"href":"https:\/\/www.strickforum.de\/blog\/wp-json\/wp\/v2\/posts"}],"about":[{"href":"https:\/\/www.strickforum.de\/blog\/wp-json\/wp\/v2\/types\/post"}],"author":[{"embeddable":true,"href":"https:\/\/www.strickforum.de\/blog\/wp-json\/wp\/v2\/users\/3"}],"replies":[{"embeddable":true,"href":"https:\/\/www.strickforum.de\/blog\/wp-json\/wp\/v2\/comments?post=952"}],"version-history":[{"count":0,"href":"https:\/\/www.strickforum.de\/blog\/wp-json\/wp\/v2\/posts\/952\/revisions"}],"wp:attachment":[{"href":"https:\/\/www.strickforum.de\/blog\/wp-json\/wp\/v2\/media?parent=952"}],"wp:term":[{"taxonomy":"category","embeddable":true,"href":"https:\/\/www.strickforum.de\/blog\/wp-json\/wp\/v2\/categories?post=952"},{"taxonomy":"post_tag","embeddable":true,"href":"https:\/\/www.strickforum.de\/blog\/wp-json\/wp\/v2\/tags?post=952"}],"curies":[{"name":"wp","href":"https:\/\/api.w.org\/{rel}","templated":true}]}}