{"id":969,"date":"2010-06-22T19:53:00","date_gmt":"2010-06-22T17:53:00","guid":{"rendered":"http:\/\/www.strickforum.de\/blog\/?p=969"},"modified":"2010-06-22T19:53:00","modified_gmt":"2010-06-22T17:53:00","slug":"die-verstrickte-dienstagsfrage-252010","status":"publish","type":"post","link":"https:\/\/www.strickforum.de\/blog\/die-verstrickte-dienstagsfrage-252010\/","title":{"rendered":"Die verstrickte Dienstagsfrage 25\/2010"},"content":{"rendered":"<p><b>Das <a href=\"http:\/\/board.stricknetz.net\/blog\/35\/entry-7014-die-verstrickte-dienstagsfrage-252010\/\" target=\"_blank\">Wollschaf<\/a> fragt diesmal:<br \/>\nMir f\u00e4llt auf, dass es immer mehr Vorlagen zum Stricken von Haushaltsgegenst\u00e4nden gibt und ich sehe auch in den Blogs interessante Strickst\u00fccke. Ich m\u00f6chte keine Abgrenzung zwischen Gebrauchsgegenst\u00e4nden und Dekorativem machen, weil die Grenzen teilweise flie\u00dfend sind. Hier ein paar Beispiele: Topflappen, Gl\u00e4seruntersetzer, Sp\u00fcl-\/Wischlappen, Schutzh\u00fcllen f\u00fcr hei\u00dfe Gl\u00e4ser oder Tassen, Kunststrickdeckchen, Eierw\u00e4rmer, Blumen\u00fcbert\u00f6pfe, Teekannenw\u00e4rmer, Toilettenrollen-St\u00f6lpchen, Tischsets\/Tellerunterlagen, Topfuntersetzer, Lesezeichen, Einkaufstaschen, Halterungen f\u00fcr die Fernbedienung, Bade&#8220;schw\u00e4mme&#8221;, um eine kleine Auswahl zur Anregung zu nennen.<\/p>\n<p>&#8211; Hast du schon einmal Haushaltsgegenst\u00e4nde gestrickt? Welche?<br \/>\n&#8211; Wenn du noch keine gestrickt hast: warum nicht?<br \/>\n&#8211; Hast du f\u00fcr den eigenen Haushalt oder zum Verschenken gestrickt?<br \/>\n&#8211; Strickst du diese regelm\u00e4\u00dfig oder l\u00e4sst du dich anstecken, wenn sie gerade als Hype durch die Blogs wandern?<br \/>\n&#8211; Entwirfst du selbst oder verwendest du Vorlagen?<br \/>\n&#8211; Strickst du sie aus Bedarf oder &#8220;f\u00fcr Spa\u00df&#8221;?<\/p>\n<p>Herzlichen Dank an <a href=\"http:\/\/www.stricktagebuch.de\/stb.php?stbid=141&amp;datstart=0\">Michaela<\/a> f\u00fcr die heutige Frage!<\/b><\/p>\n<p>Zu meinen allerersten brauchbaren Strickst\u00fccken z\u00e4hlte ein (EIN!) baumwollener Topflappen im Handarbeitsunterricht. Er war in verk\u00fcrzten Reihen gestrickt, abwechselnd ein roter und ein gr\u00fcner Sektor, und dann mit wei\u00dfem Garn umh\u00e4kelt. Meine Mutter hat ihn jahrelang verwendet. Schade, dass ich nicht mehr wei\u00df, wie ich ihn damals gestrickt habe, sonst w\u00fcrde ich glatt noch einmal solche Topflappen stricken.<br \/>\nWas ich au\u00dferdem schon gestrickt habe: Untersetzer, die dann gefilzt wurden. Das war mal ein Verlegenheitsgeschenk f\u00fcr eine Familie, deren wertvolle Wohnzimmertischplatte m\u00f6glichst keine Kratzer oder Flecken bekommen sollte. <br \/>\nIch bin <a href=\"http:\/\/strickforum.de\/weblog\/index.php?itemid=325\" target=\"_blank\">bekennende<\/a> Sp\u00fcllappennichtstrickerin. Mir fehlt schon die Strickzeit f\u00fcr Sachen, die ich dringend brauche, da vertue ich ganz gewiss keine Minute f\u00fcr etwas, das ich als unn\u00fctz empfinde. Wer mehr Zeit und vor allem Stil hat als ich, setzt nat\u00fcrlich seine Priorit\u00e4ten anders. Eine Kollektion edler Sp\u00fclt\u00fccher aus handgef\u00e4rbtem Kaschmir-Seiden-Gemisch in exquisitem Lochmuster ist zweifellos ein must-have f\u00fcr den ambitionierten Strickerinnenhaushalt und wertet jeden Abwasch auf.<br \/>\nSchutzh\u00fcllen f\u00fcr hei\u00dfe Trinkgef\u00e4\u00dfe brauche ich nicht, ich trinke seit mehr als drei\u00dfig Jahren Kaffee und Tee aus <a href=\"http:\/\/www.rosenthal.de\/rosenthal-studio-line\/service-de\/suomi-de\/\">ordentlichen Tassen<\/a>, an denen man sich nicht die Finger verbrennt.<br \/>\nUm zu testen, ob ich Spitzenmuster stricken kann, habe ich mal aus einem Baumwollrest ein <a href=\"http:\/\/strickforum.de\/weblog\/index.php?itemid=448\" target=\"_blank\">ovales Deckchen<\/a> aus einem alten Burda-Stricklehrbuch nachgearbeitet. Fazit: Ich kann&#8217;s. Das reicht mir. Weitere Deckchen sind nicht geplant. \u00dcbrigens auch keine gro\u00dfen Tischdecken. Auch keine wundersch\u00f6nen T\u00fccher, die bei genauerer Betrachtung aussehen wie gro\u00dfe Tischdecken. Wer in unserer Familie friert, greift sowieso nicht zum Tischtuch, sondern zieht sich einfach eine Jacke oder einen Pullover an. Das ist vielleicht stillos, aber effizient. <br \/>\nEierw\u00e4rmer wiederum finde ich niedlich. Da sich hier aber niemand etwas aus gekochten Eiern macht (au\u00dfer in einem Salat oder einer warmen Mahlzeit), werden auch keine Eierw\u00e4rmer gebraucht. Ich <a href=\"http:\/\/strickforum.de\/weblog\/index.php?itemid=359\" target=\"_blank\">verschenke<\/a> h\u00f6chstens mal welche.<br \/>\nEin St\u00f6lpchen habe ich zwar schon mal im Rahmen eines <a href=\"http:\/\/www.maus-kreativ-handarbeiten.net\/stoelpchen.html\" target=\"_blank\">Wettbewerbs<\/a> angefertigt, w\u00fcrde aber einen ernsthaften Gebrauch nicht in Erw\u00e4gung ziehen. Schon gar nicht d\u00fcrfte so ein Teil die Hutablage meines Autos zieren. Klopapier im Auto ist f\u00fcr Notf\u00e4lle sicher keine schlechte Idee, aber dann bitte diskret im Kofferraum, und dort bedarf es auch keiner besonders kunstfertigen Umh\u00fcllung.<br \/>\nIch stricke also praktisch nie Haushaltsgegenst\u00e4nde. Auch dann nicht, wenn sie superniedlich und megasch\u00f6n aussehen. Und wenn gerade alle Welt hingebungsvoll und um die Wette am Fernbedienungsschoner einer angesagten Designerin nadelt, w\u00e4re das f\u00fcr mich ein Anlass, mich entschlossen an die n\u00e4chste Strickjacke zu machen.<\/p>\n","protected":false},"excerpt":{"rendered":"<p>Das Wollschaf fragt diesmal: Mir f\u00e4llt auf, dass es immer mehr Vorlagen zum Stricken von Haushaltsgegenst\u00e4nden gibt und ich sehe auch in den Blogs interessante Strickst\u00fccke. Ich m\u00f6chte keine Abgrenzung zwischen Gebrauchsgegenst\u00e4nden und Dekorativem machen, weil die Grenzen teilweise flie\u00dfend sind. Hier ein paar Beispiele: Topflappen, Gl\u00e4seruntersetzer, Sp\u00fcl-\/Wischlappen, Schutzh\u00fcllen f\u00fcr hei\u00dfe Gl\u00e4ser oder Tassen, Kunststrickdeckchen, &hellip; <a href=\"https:\/\/www.strickforum.de\/blog\/die-verstrickte-dienstagsfrage-252010\/\" class=\"more-link\"><span class=\"screen-reader-text\">\u201eDie verstrickte Dienstagsfrage 25\/2010\u201c <\/span>weiterlesen<\/a><\/p>\n","protected":false},"author":3,"featured_media":0,"comment_status":"open","ping_status":"open","sticky":false,"template":"","format":"standard","meta":{"_seopress_robots_primary_cat":"","_seopress_titles_title":"","_seopress_titles_desc":"","_seopress_robots_index":"","_crdt_document":"","jetpack_post_was_ever_published":false,"_jetpack_newsletter_access":"","_jetpack_dont_email_post_to_subs":false,"_jetpack_newsletter_tier_id":0,"_jetpack_memberships_contains_paywalled_content":false,"_jetpack_memberships_contains_paid_content":false,"footnotes":"","jetpack_publicize_message":"","jetpack_publicize_feature_enabled":true,"jetpack_social_post_already_shared":false,"jetpack_social_options":{"image_generator_settings":{"template":"highway","default_image_id":0,"font":"","enabled":false},"version":2}},"categories":[6],"tags":[],"class_list":["post-969","post","type-post","status-publish","format-standard","hentry","category-6"],"jetpack_publicize_connections":[],"jetpack_featured_media_url":"","jetpack_sharing_enabled":true,"jetpack_shortlink":"https:\/\/wp.me\/p7JbSI-fD","jetpack-related-posts":[{"id":1699,"url":"https:\/\/www.strickforum.de\/blog\/die-verstrickte-dienstagsfrage-12014\/","url_meta":{"origin":969,"position":0},"title":"Die verstrickte Dienstagsfrage 1\/2014","author":"Admin","date":"31. Dezember 2013","format":false,"excerpt":"Diese Woche fragt das Wollschaf: Mir ist aufgefallen, dass viele Strickerinnen (und H\u00e4klerinnen) Haustiere haben. Hast Du auch eines? Was f\u00fcr eines? Hast Du es schon bestrickt oder beh\u00e4kelt? Mit was? Vielen Dank an Lavendelmaschen f\u00fcr die heutige Frage! \u201cGoldfische k\u00f6nnen wir uns nicht leisten, wir haben nur Silberfischchen\u201d. Derzeit\u2026","rel":"","context":"In &quot;Allgemeines&quot;","block_context":{"text":"Allgemeines","link":"https:\/\/www.strickforum.de\/blog\/category\/1\/"},"img":{"alt_text":"","src":"","width":0,"height":0},"classes":[]},{"id":1450,"url":"https:\/\/www.strickforum.de\/blog\/die-verstrickte-dienstagsfrage-432012\/","url_meta":{"origin":969,"position":1},"title":"Die verstrickte Dienstagsfrage 43\/2012","author":"Admin","date":"23. Oktober 2012","format":false,"excerpt":"Diese Woche interessiert sich das Wollschaf f\u00fcr das Stricken von Weihnachtsdeko: Habt ihr euch f\u00fcr dieses Jahr etwas vorgenommen? Da muss man fr\u00fch genug dran denken, damit das Projekt bis zum Advent auch p\u00fcnktlich fertig wird\u2026 Vielen Dank an Tiffany f\u00fcr die heutige Frage! Ich steh nicht besonders auf Weihnachtsdeko,\u2026","rel":"","context":"In &quot;Stricken&quot;","block_context":{"text":"Stricken","link":"https:\/\/www.strickforum.de\/blog\/category\/3\/"},"img":{"alt_text":"","src":"","width":0,"height":0},"classes":[]},{"id":3692,"url":"https:\/\/www.strickforum.de\/blog\/kuehler-kopf-und-warme-muetze\/","url_meta":{"origin":969,"position":2},"title":"K\u00fchler Kopf und warme M\u00fctze","author":"Admin","date":"5. Dezember 2023","format":false,"excerpt":"Hurry Up Hat ist, wie der Name schon andeutet, eine der schnellsten M\u00fctzen, die ich je gestrickt habe. W\u00e4ren zwischendurch nicht diverse Aufgaben im Haushalt zu erledigen gewesen, dann h\u00e4tte ich es vermutlich auch in einem Tag geschafft; so waren es zwei Tage. Der Schneemann vor dem Haus bot sich\u2026","rel":"","context":"In &quot;Stricken&quot;","block_context":{"text":"Stricken","link":"https:\/\/www.strickforum.de\/blog\/category\/3\/"},"img":{"alt_text":"","src":"https:\/\/i0.wp.com\/www.strickforum.de\/blog\/wp-content\/uploads\/2023\/12\/schneemann-muetze.jpg?resize=350%2C200&ssl=1","width":350,"height":200,"srcset":"https:\/\/i0.wp.com\/www.strickforum.de\/blog\/wp-content\/uploads\/2023\/12\/schneemann-muetze.jpg?resize=350%2C200&ssl=1 1x, https:\/\/i0.wp.com\/www.strickforum.de\/blog\/wp-content\/uploads\/2023\/12\/schneemann-muetze.jpg?resize=525%2C300&ssl=1 1.5x, https:\/\/i0.wp.com\/www.strickforum.de\/blog\/wp-content\/uploads\/2023\/12\/schneemann-muetze.jpg?resize=700%2C400&ssl=1 2x, https:\/\/i0.wp.com\/www.strickforum.de\/blog\/wp-content\/uploads\/2023\/12\/schneemann-muetze.jpg?resize=1050%2C600&ssl=1 3x, https:\/\/i0.wp.com\/www.strickforum.de\/blog\/wp-content\/uploads\/2023\/12\/schneemann-muetze.jpg?resize=1400%2C800&ssl=1 4x"},"classes":[]},{"id":1659,"url":"https:\/\/www.strickforum.de\/blog\/neue-socken\/","url_meta":{"origin":969,"position":3},"title":"Neue Socken","author":"Admin","date":"3. November 2013","format":false,"excerpt":"Socken stricke ich mit der Strickmaschine in Schlichtausf\u00fchrung, und zwar entweder wenn welche gebraucht werden oder als kleines Geschenk f\u00fcr liebe Nichtstricker. F\u00fcr diese Zwecke habe ich immer eine gewisse Menge an Sockengarn in gedeckten Farben (bzw. passend zu den Hosenbeinen der Haushaltsmitglieder) vorr\u00e4tig sowie ein kleines Kontingent in Bunt\u2026","rel":"","context":"In &quot;Stricken&quot;","block_context":{"text":"Stricken","link":"https:\/\/www.strickforum.de\/blog\/category\/3\/"},"img":{"alt_text":"","src":"","width":0,"height":0},"classes":[]},{"id":249,"url":"https:\/\/www.strickforum.de\/blog\/socken-stricken\/","url_meta":{"origin":969,"position":4},"title":"Socken stricken","author":"Admin","date":"12. Juli 2007","format":false,"excerpt":"Socken sind das t\u00e4gliche Gestrick vieler Strickerinnen, die mit teils kunstvollen Exemplaren ihre ganze Familie versorgen. Selbstverst\u00e4ndlich werden auch in diesem Haushalt nahezu ausschlie\u00dflich selbstgestrickte Socken getragen. Ihre Produktion ist f\u00fcr mich in etwa so n\u00fctzlich und so spannend wie Kartoffelnkochen. Deshalb dokumentiere ich beides mit derselben Akribie und wundere\u2026","rel":"","context":"In &quot;Stricken&quot;","block_context":{"text":"Stricken","link":"https:\/\/www.strickforum.de\/blog\/category\/3\/"},"img":{"alt_text":"","src":"","width":0,"height":0},"classes":[]},{"id":3600,"url":"https:\/\/www.strickforum.de\/blog\/gestrickte-spueltuecher\/","url_meta":{"origin":969,"position":5},"title":"Gestrickte Sp\u00fclt\u00fccher","author":"Admin","date":"21. April 2023","format":false,"excerpt":"Niemals h\u00e4tte ich vermutet, dass ich je in meinem Leben Sp\u00fclt\u00fccher stricken w\u00fcrde. Aber nun ist es tats\u00e4chlich passiert. Immerhin, sie sind nicht f\u00fcr mich gedacht. Eine meiner Strickfreundinnen hat eine heftige Baumwoll-Antipathie, was dazu f\u00fchrt, dass sie das Zeug nur sehr ungern verarbeitet. In ihrem Haushalt wurden aber dringend\u2026","rel":"","context":"In &quot;Stricken&quot;","block_context":{"text":"Stricken","link":"https:\/\/www.strickforum.de\/blog\/category\/3\/"},"img":{"alt_text":"","src":"https:\/\/i0.wp.com\/www.strickforum.de\/blog\/wp-content\/uploads\/2023\/04\/spueltuecher-1-2.jpg?resize=350%2C200&ssl=1","width":350,"height":200,"srcset":"https:\/\/i0.wp.com\/www.strickforum.de\/blog\/wp-content\/uploads\/2023\/04\/spueltuecher-1-2.jpg?resize=350%2C200&ssl=1 1x, https:\/\/i0.wp.com\/www.strickforum.de\/blog\/wp-content\/uploads\/2023\/04\/spueltuecher-1-2.jpg?resize=525%2C300&ssl=1 1.5x, https:\/\/i0.wp.com\/www.strickforum.de\/blog\/wp-content\/uploads\/2023\/04\/spueltuecher-1-2.jpg?resize=700%2C400&ssl=1 2x, https:\/\/i0.wp.com\/www.strickforum.de\/blog\/wp-content\/uploads\/2023\/04\/spueltuecher-1-2.jpg?resize=1050%2C600&ssl=1 3x, https:\/\/i0.wp.com\/www.strickforum.de\/blog\/wp-content\/uploads\/2023\/04\/spueltuecher-1-2.jpg?resize=1400%2C800&ssl=1 4x"},"classes":[]}],"_links":{"self":[{"href":"https:\/\/www.strickforum.de\/blog\/wp-json\/wp\/v2\/posts\/969","targetHints":{"allow":["GET"]}}],"collection":[{"href":"https:\/\/www.strickforum.de\/blog\/wp-json\/wp\/v2\/posts"}],"about":[{"href":"https:\/\/www.strickforum.de\/blog\/wp-json\/wp\/v2\/types\/post"}],"author":[{"embeddable":true,"href":"https:\/\/www.strickforum.de\/blog\/wp-json\/wp\/v2\/users\/3"}],"replies":[{"embeddable":true,"href":"https:\/\/www.strickforum.de\/blog\/wp-json\/wp\/v2\/comments?post=969"}],"version-history":[{"count":0,"href":"https:\/\/www.strickforum.de\/blog\/wp-json\/wp\/v2\/posts\/969\/revisions"}],"wp:attachment":[{"href":"https:\/\/www.strickforum.de\/blog\/wp-json\/wp\/v2\/media?parent=969"}],"wp:term":[{"taxonomy":"category","embeddable":true,"href":"https:\/\/www.strickforum.de\/blog\/wp-json\/wp\/v2\/categories?post=969"},{"taxonomy":"post_tag","embeddable":true,"href":"https:\/\/www.strickforum.de\/blog\/wp-json\/wp\/v2\/tags?post=969"}],"curies":[{"name":"wp","href":"https:\/\/api.w.org\/{rel}","templated":true}]}}