{"id":974,"date":"2010-07-01T21:23:09","date_gmt":"2010-07-01T19:23:09","guid":{"rendered":"http:\/\/www.strickforum.de\/blog\/?p=974"},"modified":"2010-07-01T21:23:09","modified_gmt":"2010-07-01T19:23:09","slug":"farbe-bekennen-schwarz","status":"publish","type":"post","link":"https:\/\/www.strickforum.de\/blog\/farbe-bekennen-schwarz\/","title":{"rendered":"Farbe bekennen &#8211; Schwarz"},"content":{"rendered":"<p>Es gibt kaum eine Farbe, die ich so wenig mag wie Schwarz. Die Ursachen f\u00fcr diese Ablehnung sind vielf\u00e4ltig und nicht ganz einfach zu erkl\u00e4ren. <br \/>\nNat\u00fcrlich hatte ich, wie wohl jeder, in jungen Jahren meine Schwarz-Phase.  Noch knapp bevor ich drei\u00dfig wurde, lief ich gelegentlich von Kopf bis Fu\u00df in Schwarz gekleidet herum und fand das toll. Klar, Schwarz gibt Sicherheit, weil alle es tragen. Man kann scheinbar damit nichts falsch machen. Es ist eine enorm praktische Uniform und dazu noch relativ schmutzunempfindlich.<\/p>\n<p>Schwarz ist absolut. Es sagt &#8220;ich habe sowieso recht&#8221;. Es erstickt jede Diskussion. Nicht umsonst ist es die Farbe von Richtern, Henkern, Beratern aller Art (fast h\u00e4tte ich geschrieben &#8220;jeglicher Couleur&#8221; ), Juristen und Topmanagern. Und ich glaube, das ist der Grund, weshalb ich es nicht mag. Schwarz will gern manipulieren und etwas vort\u00e4uschen (Schlankheit, Selbstsicherheit, Sachverstand), was in Wirklichkeit beim Tr\u00e4ger nicht unbedingt vorhanden ist. Das merke ich, und es st\u00f6rt mich, wenn man mich solcherart f\u00fcr dumm verkaufen will. Schwarz macht mich vor allem misstrauisch: Soll da etwas verborgen werden?<\/p>\n<p>Ich trage auch deshalb kein Schwarz, weil ich es unn\u00f6tig finde, meine K\u00f6rperf\u00fclle, meine Sch\u00fcchternheit oder meine Dummheit zu verstecken. Fr\u00fcher oder sp\u00e4ter werden sie sowieso offenbar. Wer es n\u00f6tig zu haben meint, nun ja. Sorry, aber ich nehme chronische Schwarztr\u00e4ger nicht f\u00fcr voll. Sp\u00e4testens ab drei\u00dfig sollte eine Pers\u00f6nlichkeit so weit gereift sein, dass sie sich nicht st\u00e4ndig in der Dunkelheit verstecken will und das Leben auch mal eine Weile ohne das Exoskelett dieser Nicht-Farbe aush\u00e4lt.<\/p>\n<p>Schwarz ist ambivalent. Es ist sowohl die Farbe der Konservativen wie auch die der Revoluzzer. Das beinhaltet f\u00fcr mich eine gewisse Undurchschaubarkeit, ja Unehrlichkeit. Unehrlichkeit und T\u00e4uschung mag ich nicht. Bitte nicht falsch verstehen: Ich will gar nicht alle Eure Geheimnisse wissen, behaltet sie ruhig f\u00fcr Euch. Aber erz\u00e4hlt mir keine Unwahrheiten.<\/p>\n<p>Dass Schwarz schlank macht, halte ich f\u00fcr Aberglauben. Ich sehe t\u00e4glich viele schwarz gekleidete Menschen, sowohl schlank wie auch rundlich, aber die Farbe allein macht sie keinen Zentimeter d\u00fcnner, es sei denn, sie sind schon klapperd\u00fcrr, dann sehen sie in Schwarz aus wie Gevatter Tod. Schwarz verst\u00e4rkt die Schatten und l\u00e4sst die Falten in ihren Gesichtern noch tiefer erscheinen. <\/p>\n<p>A propos Tod: Es gibt f\u00fcr mich einen Grund, mich schwarz zu kleiden: Wenn ich in Trauer bin. Und ich habe Verst\u00e4ndnis f\u00fcr alle, die ebenfalls aus diesem Grund Schwarz tragen. Es symbolisiert in diesem Fall die Abwesenheit von Licht und Freude. Es spiegelt die D\u00fcsternis im Inneren der Seele. Und es gew\u00e4hrt dem, der es tr\u00e4gt, Schutz und Halt, damit man trotz Trauer und Schmerz doch noch Haltung bewahren kann.<\/p>\n<p>Mein Bild f\u00fcr heute hat mit meinem Text nicht viel zu tun. Es zeigt ein ziemlich neues Mitglied des Haushalts, das eigentlich gar nicht f\u00fcr mich gedacht war, das ich nun aber gewisserma\u00dfen adoptiert habe, weil es in mancher Hinsicht au\u00dferordentlich praktisch ist. Schwarz ist es \u00fcbrigens nur \u00e4u\u00dferlich. Innen ist es so bunt, wie man m\u00f6chte.<\/p>\n<p><img data-recalc-dims=\"1\" src=\"https:\/\/i0.wp.com\/www.strickforum.de\/blog\/media\/1\/20100701-farbebekennen_schwarz.jpg?resize=450%2C391\" width=\"450\"  height=\"391\"  alt='Farbe bekennen: Schwarz'  \/><\/p>\n","protected":false},"excerpt":{"rendered":"<p>Es gibt kaum eine Farbe, die ich so wenig mag wie Schwarz. Die Ursachen f\u00fcr diese Ablehnung sind vielf\u00e4ltig und nicht ganz einfach zu erkl\u00e4ren. Nat\u00fcrlich hatte ich, wie wohl jeder, in jungen Jahren meine Schwarz-Phase. Noch knapp bevor ich drei\u00dfig wurde, lief ich gelegentlich von Kopf bis Fu\u00df in Schwarz gekleidet herum und fand &hellip; <a href=\"https:\/\/www.strickforum.de\/blog\/farbe-bekennen-schwarz\/\" class=\"more-link\"><span class=\"screen-reader-text\">\u201eFarbe bekennen &#8211; Schwarz\u201c <\/span>weiterlesen<\/a><\/p>\n","protected":false},"author":3,"featured_media":0,"comment_status":"open","ping_status":"open","sticky":false,"template":"","format":"standard","meta":{"_seopress_robots_primary_cat":"","_seopress_titles_title":"","_seopress_titles_desc":"","_seopress_robots_index":"","_crdt_document":"","jetpack_post_was_ever_published":false,"_jetpack_newsletter_access":"","_jetpack_dont_email_post_to_subs":false,"_jetpack_newsletter_tier_id":0,"_jetpack_memberships_contains_paywalled_content":false,"_jetpack_memberships_contains_paid_content":false,"footnotes":"","jetpack_publicize_message":"","jetpack_publicize_feature_enabled":true,"jetpack_social_post_already_shared":false,"jetpack_social_options":{"image_generator_settings":{"template":"highway","default_image_id":0,"font":"","enabled":false},"version":2}},"categories":[10],"tags":[],"class_list":["post-974","post","type-post","status-publish","format-standard","hentry","category-10"],"jetpack_publicize_connections":[],"jetpack_featured_media_url":"","jetpack_sharing_enabled":true,"jetpack_shortlink":"https:\/\/wp.me\/p7JbSI-fI","jetpack-related-posts":[{"id":1008,"url":"https:\/\/www.strickforum.de\/blog\/farbe-bekennen-schwarz-weis\/","url_meta":{"origin":974,"position":0},"title":"Farbe bekennen: Schwarz-Wei\u00df","author":"Admin","date":"5. September 2010","format":false,"excerpt":"Dieses Buch w\u00fcnschte ich mir vor vielen Jahren, als ich ein Teenie war, zu Weihnachten. Vermutlich fanden meine Eltern meinen Geschmack etwas morbid, aber das ist ja normal bei Teenies. Nicht nur der Einband, auch die Zeichnungen im Buch sind schwarz-wei\u00df, und damit passt es perfekt zum Thema der abgelaufenen\u2026","rel":"","context":"In &quot;Farbe bekennen&quot;","block_context":{"text":"Farbe bekennen","link":"https:\/\/www.strickforum.de\/blog\/category\/10\/"},"img":{"alt_text":"Aubrey Beardsley, Zeichnungen","src":"https:\/\/i0.wp.com\/www.strickforum.de\/blog\/media\/1\/20100905-farbebekennen_schwarzweiss.jpg?resize=350%2C200","width":350,"height":200},"classes":[]},{"id":978,"url":"https:\/\/www.strickforum.de\/blog\/farbe-bekennen-helllila\/","url_meta":{"origin":974,"position":1},"title":"Farbe bekennen: Helllila","author":"Admin","date":"7. Juli 2010","format":false,"excerpt":"Lila ist f\u00fcr mich ein r\u00f6tliches Violett. Hell-Lila ist demzufolge ein pastellfarbener r\u00f6tlicher Mischton, fast ins Rosa gehend. Auf mich wirkt dieser Farbton zart, wenig ausdrucksstark und \u201ckosmetisch\u201d. Es gibt in meinem Haushalt kaum etwas in dieser Farbe. Ich mag Flieder sehr gern, vor allem wegen seines bet\u00f6renden Duftes. Deshalb\u2026","rel":"","context":"In &quot;Farbe bekennen&quot;","block_context":{"text":"Farbe bekennen","link":"https:\/\/www.strickforum.de\/blog\/category\/10\/"},"img":{"alt_text":"Flieder","src":"https:\/\/i0.wp.com\/www.strickforum.de\/blog\/media\/1\/20100707-farbebekennen_helllila.jpg?resize=350%2C200","width":350,"height":200},"classes":[]},{"id":965,"url":"https:\/\/www.strickforum.de\/blog\/farbe-bekennen-orange\/","url_meta":{"origin":974,"position":2},"title":"Farbe bekennen &#8211; Orange","author":"Admin","date":"14. Juni 2010","format":false,"excerpt":"Neulich hatte ich diesen Beutel dabei, um an einem regnerischen Tag mein Strickzeug, das sonst in einer Stofftasche mit mir unterwegs ist, vor N\u00e4sse zu sch\u00fctzen. Ein Bekannter sah Beutel und Schriftzug und meinte, in so einer Tasche finde man bestimmt alles besonders gut wieder. :-) Orange ist nicht so\u2026","rel":"","context":"In &quot;Farbe bekennen&quot;","block_context":{"text":"Farbe bekennen","link":"https:\/\/www.strickforum.de\/blog\/category\/10\/"},"img":{"alt_text":"Farbe bekennen: Orange","src":"https:\/\/i0.wp.com\/www.strickforum.de\/blog\/media\/1\/20100614-farbebekennen_orange.jpg?resize=350%2C200","width":350,"height":200},"classes":[]},{"id":1016,"url":"https:\/\/www.strickforum.de\/blog\/farbe-bekennen-pink\/","url_meta":{"origin":974,"position":3},"title":"Farbe bekennen: Pink","author":"Admin","date":"17. September 2010","format":false,"excerpt":"Pink mag ich nicht. Ich finde diese Farbe aufdringlich, geradezu vulg\u00e4r. Bei kleinen M\u00e4dchen ist sie beliebt, aber nicht mal als kleines M\u00e4dchen konnte ich mich daf\u00fcr begeistern. So musste ich diesmal auch etwas suchen, bis ich ein passendes Bildmotiv gefunden hatte. Es kommt aus dem Putzmittelschrank.","rel":"","context":"In &quot;Farbe bekennen&quot;","block_context":{"text":"Farbe bekennen","link":"https:\/\/www.strickforum.de\/blog\/category\/10\/"},"img":{"alt_text":"Farbe bekennen: Pink","src":"https:\/\/i0.wp.com\/www.strickforum.de\/blog\/media\/1\/20100917-farbebekennen_pink.jpg?resize=350%2C200","width":350,"height":200},"classes":[]},{"id":242,"url":"https:\/\/www.strickforum.de\/blog\/noch-was-zu-schwarz\/","url_meta":{"origin":974,"position":4},"title":"Noch was zu Schwarz","author":"Admin","date":"17. Juni 2007","format":false,"excerpt":"Danke f\u00fcr Eure Kommentare zu meinen Farb-Gedanken. :-) Ich finde es immer wieder faszinierend zu lesen, wie verschiedenartig die Farbvorlieben sind und wie unterschiedlich man damit umgeht. Dass Schwarz vorteilhaft ist und seine Tr\u00e4gerinnen schlanker und wom\u00f6glich auch noch elegant erscheinen l\u00e4sst, kann ich allerdings nicht best\u00e4tigen. Sonst s\u00e4he man\u2026","rel":"","context":"In &quot;Allgemeines&quot;","block_context":{"text":"Allgemeines","link":"https:\/\/www.strickforum.de\/blog\/category\/1\/"},"img":{"alt_text":"","src":"","width":0,"height":0},"classes":[]},{"id":1044,"url":"https:\/\/www.strickforum.de\/blog\/farbe-bekennen-blaugrun\/","url_meta":{"origin":974,"position":5},"title":"Farbe bekennen: Blaugr\u00fcn","author":"Admin","date":"24. Oktober 2010","format":false,"excerpt":"Ich mag alle Gr\u00fcnt\u00f6ne, aber ich bevorzuge f\u00fcr Kleidung die w\u00e4rmeren Nuancen, weil mir warme Farben besser stehen. Dies ist allerdings kein Kleidungsst\u00fcck, sondern meine Fototasche. Ich verwende sie, wenn ich mit der Digicam unterwegs bin.","rel":"","context":"In &quot;Farbe bekennen&quot;","block_context":{"text":"Farbe bekennen","link":"https:\/\/www.strickforum.de\/blog\/category\/10\/"},"img":{"alt_text":"Farbe bekennen: Blaugr\u00fcn","src":"https:\/\/i0.wp.com\/www.strickforum.de\/blog\/media\/1\/20101024-farbebekennen_blaugruen.jpg?resize=350%2C200","width":350,"height":200},"classes":[]}],"_links":{"self":[{"href":"https:\/\/www.strickforum.de\/blog\/wp-json\/wp\/v2\/posts\/974","targetHints":{"allow":["GET"]}}],"collection":[{"href":"https:\/\/www.strickforum.de\/blog\/wp-json\/wp\/v2\/posts"}],"about":[{"href":"https:\/\/www.strickforum.de\/blog\/wp-json\/wp\/v2\/types\/post"}],"author":[{"embeddable":true,"href":"https:\/\/www.strickforum.de\/blog\/wp-json\/wp\/v2\/users\/3"}],"replies":[{"embeddable":true,"href":"https:\/\/www.strickforum.de\/blog\/wp-json\/wp\/v2\/comments?post=974"}],"version-history":[{"count":0,"href":"https:\/\/www.strickforum.de\/blog\/wp-json\/wp\/v2\/posts\/974\/revisions"}],"wp:attachment":[{"href":"https:\/\/www.strickforum.de\/blog\/wp-json\/wp\/v2\/media?parent=974"}],"wp:term":[{"taxonomy":"category","embeddable":true,"href":"https:\/\/www.strickforum.de\/blog\/wp-json\/wp\/v2\/categories?post=974"},{"taxonomy":"post_tag","embeddable":true,"href":"https:\/\/www.strickforum.de\/blog\/wp-json\/wp\/v2\/tags?post=974"}],"curies":[{"name":"wp","href":"https:\/\/api.w.org\/{rel}","templated":true}]}}