{"id":975,"date":"2010-07-03T11:23:11","date_gmt":"2010-07-03T09:23:11","guid":{"rendered":"http:\/\/www.strickforum.de\/blog\/?p=975"},"modified":"2010-07-03T11:23:11","modified_gmt":"2010-07-03T09:23:11","slug":"liebe-firefox-benutzer","status":"publish","type":"post","link":"https:\/\/www.strickforum.de\/blog\/liebe-firefox-benutzer\/","title":{"rendered":"Liebe Firefox-Benutzer!"},"content":{"rendered":"<p>Es tut mir leid, f\u00fcr Euch sieht dieses Blog derzeit kaputt aus, aber das ist, soweit ich es feststellen kann, firefoxspezifisch, und anscheinend auch erst seit dem letzten Update. <br \/>\nIn Opera, im Internet Explorer, in meinem Feedreader und auch im Safari, den ich auf dem IPad habe, sieht alles so aus, wie es sich geh\u00f6rt.<\/p>\n<p><img data-recalc-dims=\"1\" src=\"https:\/\/i0.wp.com\/www.strickforum.de\/blog\/media\/1\/20100703-weblog-auf-ipad.jpg?resize=450%2C504\" width=\"450\"  height=\"504\"  alt='Dieses Weblog auf dem IPad'  \/><\/p>\n<p>Ich hoffe, ich finde eine L\u00f6sung f\u00fcr eine korrekte Darstellung im FF. <\/p>\n","protected":false},"excerpt":{"rendered":"<p>Es tut mir leid, f\u00fcr Euch sieht dieses Blog derzeit kaputt aus, aber das ist, soweit ich es feststellen kann, firefoxspezifisch, und anscheinend auch erst seit dem letzten Update. In Opera, im Internet Explorer, in meinem Feedreader und auch im Safari, den ich auf dem IPad habe, sieht alles so aus, wie es sich geh\u00f6rt. &hellip; <a href=\"https:\/\/www.strickforum.de\/blog\/liebe-firefox-benutzer\/\" class=\"more-link\"><span class=\"screen-reader-text\">\u201eLiebe Firefox-Benutzer!\u201c <\/span>weiterlesen<\/a><\/p>\n","protected":false},"author":3,"featured_media":0,"comment_status":"open","ping_status":"open","sticky":false,"template":"","format":"standard","meta":{"_seopress_robots_primary_cat":"","_seopress_titles_title":"","_seopress_titles_desc":"","_seopress_robots_index":"","_crdt_document":"","jetpack_post_was_ever_published":false,"_jetpack_newsletter_access":"","_jetpack_dont_email_post_to_subs":false,"_jetpack_newsletter_tier_id":0,"_jetpack_memberships_contains_paywalled_content":false,"_jetpack_memberships_contains_paid_content":false,"footnotes":"","jetpack_publicize_message":"","jetpack_publicize_feature_enabled":true,"jetpack_social_post_already_shared":false,"jetpack_social_options":{"image_generator_settings":{"template":"highway","default_image_id":0,"font":"","enabled":false},"version":2}},"categories":[5],"tags":[],"class_list":["post-975","post","type-post","status-publish","format-standard","hentry","category-5"],"jetpack_publicize_connections":[],"jetpack_featured_media_url":"","jetpack_sharing_enabled":true,"jetpack_shortlink":"https:\/\/wp.me\/p7JbSI-fJ","jetpack-related-posts":[{"id":617,"url":"https:\/\/www.strickforum.de\/blog\/firefox-problem-gelost\/","url_meta":{"origin":975,"position":0},"title":"Firefox-Problem gel\u00f6st","author":"Admin","date":"11. Januar 2009","format":false,"excerpt":"Weil ich selbst in vielerlei Hinsicht zu diversen Minderheiten geh\u00f6re, habe ich eine Schw\u00e4che f\u00fcr Minderheiten. Nicht nur deshalb bin ich \u00fcberzeugte Opera-Benutzerin, seit es diesen Browser gibt, also seit ungef\u00e4hr 1997. Aber gelegentlich braucht man eine Alternative zum Lieblings-Browser, vor allem, weil manche Webseiten mit Opera leider immer noch\u2026","rel":"","context":"In &quot;Allgemeines&quot;","block_context":{"text":"Allgemeines","link":"https:\/\/www.strickforum.de\/blog\/category\/1\/"},"img":{"alt_text":"","src":"","width":0,"height":0},"classes":[]},{"id":230,"url":"https:\/\/www.strickforum.de\/blog\/fruhjahrsputz\/","url_meta":{"origin":975,"position":1},"title":"Fr\u00fchjahrsputz","author":"Admin","date":"31. M\u00e4rz 2007","format":false,"excerpt":"Zugegeben, ich bin eine altmodische Blogleserin. Ich verwende keine der aktuellen Feedreader-Software, sondern klicke mich von Hand per Browser (ich bin Opera-Fan) von einem Blog zum anderen durch, wenn die Links mir interessant erscheinen. Gerade dabei stelle ich oft frustriert fest, dass viele der Links, die in den Strickblogs angeboten\u2026","rel":"","context":"In &quot;Allgemeines&quot;","block_context":{"text":"Allgemeines","link":"https:\/\/www.strickforum.de\/blog\/category\/1\/"},"img":{"alt_text":"","src":"","width":0,"height":0},"classes":[]},{"id":1490,"url":"https:\/\/www.strickforum.de\/blog\/die-verstrickte-dienstagsfrage-522012\/","url_meta":{"origin":975,"position":2},"title":"Die verstrickte Dienstagsfrage 52\/2012","author":"Admin","date":"26. Dezember 2012","format":false,"excerpt":"Diesmal mit etwas Versp\u00e4tung meine Antwort auf die Wollschaf-Frage dieser Woche: Ich habe mir immer wieder Anleitungen aus dem Internet (z.B. von garnstudio.com) als PDF abgespeichert und dann ausgedruckt. Die vielen Bl\u00e4tter nerven... und da ist mir die Idee gekommen: Ich transferierte die PDF-Dateien auf ein 7\u201c-Tablett und lese dann\u2026","rel":"","context":"In &quot;Stricken&quot;","block_context":{"text":"Stricken","link":"https:\/\/www.strickforum.de\/blog\/category\/3\/"},"img":{"alt_text":"","src":"","width":0,"height":0},"classes":[]},{"id":957,"url":"https:\/\/www.strickforum.de\/blog\/die-verstrickte-dienstagsfrage-222010\/","url_meta":{"origin":975,"position":3},"title":"Die verstrickte Dienstagsfrage 22\/2010","author":"Admin","date":"1. Juni 2010","format":false,"excerpt":"Das Wollschaf fragt diese Woche: Nach meiner Beobachtung gibt es unterschiedliche Arten von Strickerinnen, grob konnte ich folgende Kategorien feststellen: - die Forscherin: erschlie\u00dft sich gern neue Techniken, ist an neuen Methoden sehr interessiert, eignet sie sich an und integriert sich gern in ihre Strickpraxis, - die Best\u00e4ndige: hat ein\u2026","rel":"","context":"In &quot;Stricken&quot;","block_context":{"text":"Stricken","link":"https:\/\/www.strickforum.de\/blog\/category\/3\/"},"img":{"alt_text":"","src":"","width":0,"height":0},"classes":[]},{"id":1843,"url":"https:\/\/www.strickforum.de\/blog\/die-verstrickte-dienstagsfrage-442014\/","url_meta":{"origin":975,"position":4},"title":"Die verstrickte Dienstagsfrage 44\/2014","author":"Admin","date":"28. Oktober 2014","format":false,"excerpt":"Diese Woche fragt das Wollschaf: Nutzt Du auf Deinem Smartphone oder Tablet Strick-Apps? Wenn ja, welche und warum, welchen Nutzen haben sie f\u00fcr Dich? Ein Smartphone habe ich nicht (und sehe momentan auch nicht die Notwendigkeit, eines anzuschaffen). Ich habe allerdings ein altes iPad, mit dem ich sowohl z.B. bei\u2026","rel":"","context":"In &quot;Stricken&quot;","block_context":{"text":"Stricken","link":"https:\/\/www.strickforum.de\/blog\/category\/3\/"},"img":{"alt_text":"","src":"","width":0,"height":0},"classes":[]},{"id":1902,"url":"https:\/\/www.strickforum.de\/blog\/die-verstrickte-dienstagsfrage-woche-152015\/","url_meta":{"origin":975,"position":5},"title":"Die verstrickte Dienstagsfrage Woche 15\/2015","author":"Admin","date":"7. April 2015","format":false,"excerpt":"Diese Woche fragt das Wollschaf: Nutzt Du Software f\u00fcr Dein Hobby, z.B. um Strickschriften zu erstellen oder um Anleitungen umzurechnen bzw. zu berechnen? Wenn ja, welche Programme benutzt Du und wof\u00fcr verwendest Du sie? Gibt es Dinge, f\u00fcr die Du Dir eine Software w\u00fcnschen w\u00fcrdest? Ich verwende seit 1993 das\u2026","rel":"","context":"In &quot;Allgemeines&quot;","block_context":{"text":"Allgemeines","link":"https:\/\/www.strickforum.de\/blog\/category\/1\/"},"img":{"alt_text":"","src":"","width":0,"height":0},"classes":[]}],"_links":{"self":[{"href":"https:\/\/www.strickforum.de\/blog\/wp-json\/wp\/v2\/posts\/975","targetHints":{"allow":["GET"]}}],"collection":[{"href":"https:\/\/www.strickforum.de\/blog\/wp-json\/wp\/v2\/posts"}],"about":[{"href":"https:\/\/www.strickforum.de\/blog\/wp-json\/wp\/v2\/types\/post"}],"author":[{"embeddable":true,"href":"https:\/\/www.strickforum.de\/blog\/wp-json\/wp\/v2\/users\/3"}],"replies":[{"embeddable":true,"href":"https:\/\/www.strickforum.de\/blog\/wp-json\/wp\/v2\/comments?post=975"}],"version-history":[{"count":0,"href":"https:\/\/www.strickforum.de\/blog\/wp-json\/wp\/v2\/posts\/975\/revisions"}],"wp:attachment":[{"href":"https:\/\/www.strickforum.de\/blog\/wp-json\/wp\/v2\/media?parent=975"}],"wp:term":[{"taxonomy":"category","embeddable":true,"href":"https:\/\/www.strickforum.de\/blog\/wp-json\/wp\/v2\/categories?post=975"},{"taxonomy":"post_tag","embeddable":true,"href":"https:\/\/www.strickforum.de\/blog\/wp-json\/wp\/v2\/tags?post=975"}],"curies":[{"name":"wp","href":"https:\/\/api.w.org\/{rel}","templated":true}]}}