{"id":977,"date":"2010-07-06T08:02:15","date_gmt":"2010-07-06T06:02:15","guid":{"rendered":"http:\/\/www.strickforum.de\/blog\/?p=977"},"modified":"2010-07-06T08:02:15","modified_gmt":"2010-07-06T06:02:15","slug":"die-verstrickte-dienstagsfrage-272010","status":"publish","type":"post","link":"https:\/\/www.strickforum.de\/blog\/die-verstrickte-dienstagsfrage-272010\/","title":{"rendered":"Die verstrickte Dienstagsfrage 27\/2010"},"content":{"rendered":"<p><b>Das <a href=\"http:\/\/board.stricknetz.net\/blog\/35\/entry-7312-die-verstrickte-dienstagsfrage-272010\/\">Wollschaf<\/a> fragt:<br \/>\nWas ist f\u00fcr dich das perfekte Urlaubsgestrickt? Etwas Gro\u00dfes, Kompliziertes? Lieber etwas Kleines? Nach welchen Kriterien entscheidest du, was eingepackt wird?<\/b><\/p>\n<p>Darauf kann ich wieder einmal mit einem klaren &#8220;es kommt darauf an&#8221; antworten.<br \/>\nWas f\u00fcr ein Urlaub soll&#8217;s denn sein? Wohin soll die Reise gehen, welches Verkehrsmittel wird verwendet, wieviel Gep\u00e4ck ist somit m\u00f6glich und sinnvoll, was f\u00fcr Wetter und welche Aktivit\u00e4ten sind am Zielort zu erwarten? <br \/>\nWer mit dem (nicht zu kleinen) Auto f\u00e4hrt, kann problemlos Material f\u00fcr ein gr\u00f6\u00dferes Teil einpacken. Bei begrenztem Platz im Gep\u00e4ck, z.B. mit dem Rucksack auf dem Westweg im Schwarzwald oder \u00fcber den Rennsteig im Th\u00fcringer Wald, wird jeder halbwegs vern\u00fcnftige Mensch nat\u00fcrlich nur etwas Kleines und Leichtes mitnehmen. Wer mit dem Flugzeug reist, unterliegt ebenfalls gewissen Einschr\u00e4nkungen beim Gewicht des Gep\u00e4cks. F\u00fcr eine Bus-Rundfahrt w\u00fcrde ich eher einfache Muster vorsehen; wer ruhige Abende in der Ferienwohnung verbringt, wird sicher komplexere Anleitungen bevorzugen. Und wer den Tag \u00fcber nur am Strand und abends in der Bar ist, braucht wahrscheinlich gar kein Strickzeug.<br \/>\nMeine pers\u00f6nliche Empfehlung w\u00e4re, d\u00fcnnes Garn und ebensolche Nadeln zu verwenden, weil man daran l\u00e4nger stricken kann. Und unbedingt die Anleitung oder den Aufschrieb mit einpacken, sonst wird es sehr frustrierend! Was au\u00dferdem nicht fehlen sollte: Ein T\u00e4schchen mit allem ben\u00f6tigten Strickzubeh\u00f6r wie Schere, Stopfnadeln, H\u00e4kelhaken (f\u00fcr gefallene Maschen), Reihenz\u00e4hler, Maschenmarkierer, Maschenraffer, Ma\u00dfband und so weiter und nat\u00fcrlich gen\u00fcgend Garn f\u00fcrs Projekt. <br \/>\nIch w\u00fcnsche allen Urlaubmachenden gute Erholung.<\/p>\n","protected":false},"excerpt":{"rendered":"<p>Das Wollschaf fragt: Was ist f\u00fcr dich das perfekte Urlaubsgestrickt? Etwas Gro\u00dfes, Kompliziertes? Lieber etwas Kleines? Nach welchen Kriterien entscheidest du, was eingepackt wird? Darauf kann ich wieder einmal mit einem klaren &#8220;es kommt darauf an&#8221; antworten. Was f\u00fcr ein Urlaub soll&#8217;s denn sein? Wohin soll die Reise gehen, welches Verkehrsmittel wird verwendet, wieviel Gep\u00e4ck &hellip; <a href=\"https:\/\/www.strickforum.de\/blog\/die-verstrickte-dienstagsfrage-272010\/\" class=\"more-link\"><span class=\"screen-reader-text\">\u201eDie verstrickte Dienstagsfrage 27\/2010\u201c <\/span>weiterlesen<\/a><\/p>\n","protected":false},"author":3,"featured_media":0,"comment_status":"open","ping_status":"open","sticky":false,"template":"","format":"standard","meta":{"_seopress_robots_primary_cat":"","_seopress_titles_title":"","_seopress_titles_desc":"","_seopress_robots_index":"","_crdt_document":"","jetpack_post_was_ever_published":false,"_jetpack_newsletter_access":"","_jetpack_dont_email_post_to_subs":false,"_jetpack_newsletter_tier_id":0,"_jetpack_memberships_contains_paywalled_content":false,"_jetpack_memberships_contains_paid_content":false,"footnotes":"","jetpack_publicize_message":"","jetpack_publicize_feature_enabled":true,"jetpack_social_post_already_shared":false,"jetpack_social_options":{"image_generator_settings":{"template":"highway","default_image_id":0,"font":"","enabled":false},"version":2}},"categories":[6],"tags":[],"class_list":["post-977","post","type-post","status-publish","format-standard","hentry","category-6"],"jetpack_publicize_connections":[],"jetpack_featured_media_url":"","jetpack_sharing_enabled":true,"jetpack_shortlink":"https:\/\/wp.me\/p7JbSI-fL","jetpack-related-posts":[{"id":342,"url":"https:\/\/www.strickforum.de\/blog\/wollschafs-dienstagsfrage-wool-sheeps-tuesday-question-62008\/","url_meta":{"origin":977,"position":0},"title":"Wollschafs Dienstagsfrage &#8211; Wool Sheep&#8217;s Tuesday Question 6\/2008","author":"Admin","date":"5. Februar 2008","format":false,"excerpt":"Welches Strickbuch packst Du in Deinen Urlaubskoffer? Vielen Dank an Heidi f\u00fcr die heutige Frage. Da eine Urlaubslekt\u00fcre in erster Linie unterhaltsam sein soll, w\u00fcrde ich wahrscheinlich zu Maggie Righetti (Sweater Design in Plain English) oder Elizabeth Zimmermann (The Opinionated Knitter) greifen. Beide bieten auf der einen Seite viel Lesespa\u00df\u2026","rel":"","context":"In &quot;Stricken&quot;","block_context":{"text":"Stricken","link":"https:\/\/www.strickforum.de\/blog\/category\/3\/"},"img":{"alt_text":"","src":"","width":0,"height":0},"classes":[]},{"id":173,"url":"https:\/\/www.strickforum.de\/blog\/bahnfahren\/","url_meta":{"origin":977,"position":1},"title":"Bahnfahren","author":"Admin","date":"23. Juli 2006","format":false,"excerpt":"In den vergangenen Tagen hatte ich Gelegenheit, wieder mal einige hundert Kilometer auf der Schiene zu verbringen. Und wieder habe ich eine Menge \u00fcber Menschen gelernt. Weshalb veranstaltet die Bahn nicht mal Kurse f\u00fcr Reisende? Man k\u00f6nnte sie aufsplitten in Anf\u00e4nger, Fortgeschrittene und Profis oder vielleicht auch Regionalz\u00fcge und Fernz\u00fcge.\u2026","rel":"","context":"In &quot;Allgemeines&quot;","block_context":{"text":"Allgemeines","link":"https:\/\/www.strickforum.de\/blog\/category\/1\/"},"img":{"alt_text":"","src":"","width":0,"height":0},"classes":[]},{"id":1070,"url":"https:\/\/www.strickforum.de\/blog\/die-verstrickte-dienstagsfrage-482010\/","url_meta":{"origin":977,"position":2},"title":"Die verstrickte Dienstagsfrage 48\/2010","author":"Admin","date":"1. Dezember 2010","format":false,"excerpt":"Das Wollschaf fragt diesmal: Es gibt ja so einiges an Zubeh\u00f6r f\u00fcr StrickerInnen. Taschen, Maschenmarkierer, Magnetboarde. Was sollte eurer Meinung nach in keinem Haushalt fehlen (und wo habt ihr es her?) und was ist das total \u00fcberfl\u00fcssigste Strickgimmik? Vielen Dank an Tanja f\u00fcr die heutige Frage! Ich w\u00fcrde sagen, das\u2026","rel":"","context":"In &quot;Stricken&quot;","block_context":{"text":"Stricken","link":"https:\/\/www.strickforum.de\/blog\/category\/3\/"},"img":{"alt_text":"","src":"","width":0,"height":0},"classes":[]},{"id":1329,"url":"https:\/\/www.strickforum.de\/blog\/wieder-ein-neues-projekt-a-new-project-again\/","url_meta":{"origin":977,"position":3},"title":"Wieder ein neues Projekt &#8211; A new project, again","author":"Admin","date":"3. M\u00e4rz 2012","format":false,"excerpt":"Derzeit habe ich zwar recht viele WIPs auf den Nadeln, darunter auch mindestens eines, das nur sehr schleppend vorankommt. Aber das ist ja kein Grund, nicht mit etwas Neuem anzufangen. Wenn also insgesamt acht Stunden Bahnfahrt anstehen und man m\u00f6glichst leichtes Gep\u00e4ck mitnehmen will, dann ist ein Lace-Projekt mit einem\u2026","rel":"","context":"In &quot;Stricken&quot;","block_context":{"text":"Stricken","link":"https:\/\/www.strickforum.de\/blog\/category\/3\/"},"img":{"alt_text":"","src":"","width":0,"height":0},"classes":[]},{"id":197,"url":"https:\/\/www.strickforum.de\/blog\/verschollen\/","url_meta":{"origin":977,"position":4},"title":"Verschollen","author":"Admin","date":"19. Oktober 2006","format":false,"excerpt":"Das Unangenehme an Umz\u00fcgen ist, da\u00df man seine Sachen nicht wiederfindet. Zumindest nicht dann, wenn man sie sucht und dort, wo man sie sucht. Immerhin habe ich heute eher zuf\u00e4llig die ganz kleinen Filtert\u00fcten f\u00fcr die Mini-Kaffeemaschine wiedergefunden. Die gro\u00dfe Kaffeemaschine ist in einem Karton unter den K\u00fcchenm\u00f6beln begraben, und\u2026","rel":"","context":"In &quot;Allgemeines&quot;","block_context":{"text":"Allgemeines","link":"https:\/\/www.strickforum.de\/blog\/category\/1\/"},"img":{"alt_text":"","src":"","width":0,"height":0},"classes":[]},{"id":2346,"url":"https:\/\/www.strickforum.de\/blog\/von-autos-und-strickmaschinen\/","url_meta":{"origin":977,"position":5},"title":"Von Autos und Strickmaschinen","author":"Admin","date":"10. August 2017","format":false,"excerpt":"Selbst der passionierteste Wanderer wird, wenn er sich ans Steuer eines Autos setzt, statt eines schmalen Wanderwegs oder J\u00e4gerpfads lieber eine richtige Stra\u00dfe benutzen. Die \u00fcblichen Autos sind n\u00e4mlich f\u00fcr kleine, ungepflasterte Wege quer durchs Gel\u00e4nde nicht gedacht. \u00c4hnlich verh\u00e4lt es sich mit Strickmaschinen. Das Stricken von Hand ist vergleichbar\u2026","rel":"","context":"In &quot;Stricken&quot;","block_context":{"text":"Stricken","link":"https:\/\/www.strickforum.de\/blog\/category\/3\/"},"img":{"alt_text":"","src":"","width":0,"height":0},"classes":[]}],"_links":{"self":[{"href":"https:\/\/www.strickforum.de\/blog\/wp-json\/wp\/v2\/posts\/977","targetHints":{"allow":["GET"]}}],"collection":[{"href":"https:\/\/www.strickforum.de\/blog\/wp-json\/wp\/v2\/posts"}],"about":[{"href":"https:\/\/www.strickforum.de\/blog\/wp-json\/wp\/v2\/types\/post"}],"author":[{"embeddable":true,"href":"https:\/\/www.strickforum.de\/blog\/wp-json\/wp\/v2\/users\/3"}],"replies":[{"embeddable":true,"href":"https:\/\/www.strickforum.de\/blog\/wp-json\/wp\/v2\/comments?post=977"}],"version-history":[{"count":0,"href":"https:\/\/www.strickforum.de\/blog\/wp-json\/wp\/v2\/posts\/977\/revisions"}],"wp:attachment":[{"href":"https:\/\/www.strickforum.de\/blog\/wp-json\/wp\/v2\/media?parent=977"}],"wp:term":[{"taxonomy":"category","embeddable":true,"href":"https:\/\/www.strickforum.de\/blog\/wp-json\/wp\/v2\/categories?post=977"},{"taxonomy":"post_tag","embeddable":true,"href":"https:\/\/www.strickforum.de\/blog\/wp-json\/wp\/v2\/tags?post=977"}],"curies":[{"name":"wp","href":"https:\/\/api.w.org\/{rel}","templated":true}]}}