{"id":991,"date":"2010-07-27T08:57:49","date_gmt":"2010-07-27T06:57:49","guid":{"rendered":"http:\/\/www.strickforum.de\/blog\/?p=991"},"modified":"2010-07-27T08:57:49","modified_gmt":"2010-07-27T06:57:49","slug":"die-verstrickte-dienstagsfrage-302010","status":"publish","type":"post","link":"https:\/\/www.strickforum.de\/blog\/die-verstrickte-dienstagsfrage-302010\/","title":{"rendered":"Die verstrickte Dienstagsfrage 30\/2010"},"content":{"rendered":"<p><b>Das <a href=\"http:\/\/board.stricknetz.net\/blog\/35\/entry-7371-die-verstrickte-dienstagsfrage-302010\/\" target=\"_blank\">Wollschaf<\/a> fragt diesmal:<br \/>\nIch verwende sehr gern handgef\u00e4rbte Wolle, die immer in Str\u00e4ngen geliefert wird. Erheblich weniger gern verbringe ich meine Zeit damit, diese Str\u00e4nge m\u00fchsam per Hand zu Kn\u00e4ueln zu wickeln. Manchmal verheddert sich der Faden beim Wickeln, manchmal ist der Strang in sich verheddert, es gibt Knoten, die man fluchend aufdr\u00f6seln muss, man hat keine passende Stuhlr\u00fcckenlehne oder sonstwas zum Abwickeln des Garns &#8211; kurzum, die Zeit, die ich mit dieser h\u00f6chst ungeliebten T\u00e4tigkeit gezwungenerma\u00dfen verbringe, w\u00fcrde ich viel, viel lieber ins Stricken investieren! Ich bin n\u00e4mlich Strickerin, nicht Wicklerin. \ud83d\ude42<br \/>\nWo und wie macht ihr das mit dem Aufwickeln? Warum kriegt man die wundersch\u00f6ne Wolle von den allseits bekannten Wollf\u00e4rbek\u00fcnstlerinnen nicht gewickelt? Geh\u00f6rt das mit zum Mythos &#8220;handgef\u00e4rbte Wolle&#8221; oder gibt es einen sachlichen Grund daf\u00fcr?<br \/>\nHerzlichen Dank an Karin f\u00fcr die heutige Frage! <\/b><\/p>\n<p>Dann mal der Reihe nach:<br \/>\nZum Aufwickeln ben\u00f6tigt man eine (m\u00f6glichst verstellbare) Haspel und einen Wollwickler. Der Strang wird auf die Haspel gespannt, so dass er halbwegs straff ist. Dann sucht man sich den Knoten, schneidet ihn auf und befestigt das Fadenende am Wollwickler. Und dann wird gewickelt. Das dauert keine zehn Minuten pro 400 m, ist also kein dramatischer Aufwand.<br \/>\nEs kommt vor, dass ein Strang in sich verdreht und der Faden <i>scheinbar<\/i> verheddert ist. Das scheint aber nur so, in Wirklichkeit verl\u00e4uft er ganz glatt, denn der Strang ist schlie\u00dflich von der F\u00e4rberin glatt aufgewickelt worden. Wenn man an so eine Hedderstelle kommt, dann hilft es, den kompletten Strang auf der Haspel ein wenig in sich zu verwinden, so dass der scheinbar verhedderte Faden nach obenauf kommt. Danach geht es normalerweise problemlos weiter. Den Faden irgendwie und -wo durchziehen zu wollen ist jedenfalls eine ganz schlechte L\u00f6sung, damit produziert man \u00fcberhaupt erst Knoten.<br \/>\nTja, und warum ist die Wolle im Strang und nicht im Kn\u00e4uel? Ganz einfach: Weil sie zum Handf\u00e4rben im Strang sein muss, sonst funktioniert das Handf\u00e4rben n\u00e4mlich nicht. <br \/>\nUnd weshalb wird solcherart gef\u00e4rbtes Garn nicht zu handels\u00fcblichen Kn\u00e4ueln verkn\u00e4uelt? Weil man dazu spezielle Industrie-Kn\u00e4uelmaschinen ben\u00f6tigt, die sehr teuer sind und die den Preis f\u00fcr handgef\u00e4rbte Wolle nochmals in die H\u00f6he treiben w\u00fcrden. Das Kn\u00e4ueln kostet ja auch noch Zeit.<br \/>\nStr\u00e4nge lassen sich mindestens so einfach lagern wie Kn\u00e4uel, vielleicht sogar noch besser, man kann sie n\u00e4mlich aufh\u00e4ngen und auch mehrere zusammengeh\u00f6rige Str\u00e4nge miteinander verbinden, so dass sie nicht einzeln durch die Gegend fliegen. Ein weiterer Vorteil ist f\u00fcr mich, dass man einen Strang nahezu beliebig auseinander- und wieder zusammendr\u00f6seln kann. Dabei erkennt man viel besser, welche Farben tats\u00e4chlich im Garn sind, als bei einem Kn\u00e4uel, bei dem man nur das \u00c4u\u00dfere sieht.<\/p>\n","protected":false},"excerpt":{"rendered":"<p>Das Wollschaf fragt diesmal: Ich verwende sehr gern handgef\u00e4rbte Wolle, die immer in Str\u00e4ngen geliefert wird. Erheblich weniger gern verbringe ich meine Zeit damit, diese Str\u00e4nge m\u00fchsam per Hand zu Kn\u00e4ueln zu wickeln. Manchmal verheddert sich der Faden beim Wickeln, manchmal ist der Strang in sich verheddert, es gibt Knoten, die man fluchend aufdr\u00f6seln muss, &hellip; <a href=\"https:\/\/www.strickforum.de\/blog\/die-verstrickte-dienstagsfrage-302010\/\" class=\"more-link\"><span class=\"screen-reader-text\">\u201eDie verstrickte Dienstagsfrage 30\/2010\u201c <\/span>weiterlesen<\/a><\/p>\n","protected":false},"author":3,"featured_media":0,"comment_status":"open","ping_status":"open","sticky":false,"template":"","format":"standard","meta":{"_seopress_robots_primary_cat":"","_seopress_titles_title":"","_seopress_titles_desc":"","_seopress_robots_index":"","_crdt_document":"","jetpack_post_was_ever_published":false,"_jetpack_newsletter_access":"","_jetpack_dont_email_post_to_subs":false,"_jetpack_newsletter_tier_id":0,"_jetpack_memberships_contains_paywalled_content":false,"_jetpack_memberships_contains_paid_content":false,"footnotes":"","jetpack_publicize_message":"","jetpack_publicize_feature_enabled":true,"jetpack_social_post_already_shared":false,"jetpack_social_options":{"image_generator_settings":{"template":"highway","default_image_id":0,"font":"","enabled":false},"version":2}},"categories":[6],"tags":[],"class_list":["post-991","post","type-post","status-publish","format-standard","hentry","category-6"],"jetpack_publicize_connections":[],"jetpack_featured_media_url":"","jetpack_sharing_enabled":true,"jetpack_shortlink":"https:\/\/wp.me\/p7JbSI-fZ","jetpack-related-posts":[{"id":1192,"url":"https:\/\/www.strickforum.de\/blog\/die-verstrickte-dienstagsfrage-242011\/","url_meta":{"origin":991,"position":0},"title":"Die verstrickte Dienstagsfrage 24\/2011","author":"Admin","date":"14. Juni 2011","format":false,"excerpt":"Das Wollschaf fragt diesmal: Bei mir spielt es bei der Kaufentscheidung f\u00fcr oder gegen ein Garn durchaus eine Rolle, ob das Garn als Kn\u00e4uel oder nur als Strang zur Verf\u00fcgung steht. Ich kaufe nur dann Str\u00e4nge, wenn es sich nicht vermeiden l\u00e4sst (und auch das immer weniger, lieber verzichte ich\u2026","rel":"","context":"In &quot;Stricken&quot;","block_context":{"text":"Stricken","link":"https:\/\/www.strickforum.de\/blog\/category\/3\/"},"img":{"alt_text":"","src":"","width":0,"height":0},"classes":[]},{"id":1799,"url":"https:\/\/www.strickforum.de\/blog\/die-verstrickte-dienstagsfrage-292014\/","url_meta":{"origin":991,"position":1},"title":"Die verstrickte Dienstagsfrage 29\/2014","author":"Admin","date":"15. Juli 2014","format":false,"excerpt":"Diese Woche fragt Dani uns und das Wollschaf: In letzter Zeit f\u00e4llt mir vor allem bei Ravelry immer mehr auf, dass bei der Vearbeitung von handgef\u00e4rbter Wolle die Farbunterschiede nicht mehr \u201cverstrickt\u201d werden. Soll hei\u00dfen, es wird mehr oder weniger bewusst ein streifiges Kleidungsstr\u00fcck produziert, weil Str\u00e4nge einzeln nacheinander und\u2026","rel":"","context":"In &quot;Stricken&quot;","block_context":{"text":"Stricken","link":"https:\/\/www.strickforum.de\/blog\/category\/3\/"},"img":{"alt_text":"","src":"","width":0,"height":0},"classes":[]},{"id":1659,"url":"https:\/\/www.strickforum.de\/blog\/neue-socken\/","url_meta":{"origin":991,"position":2},"title":"Neue Socken","author":"Admin","date":"3. November 2013","format":false,"excerpt":"Socken stricke ich mit der Strickmaschine in Schlichtausf\u00fchrung, und zwar entweder wenn welche gebraucht werden oder als kleines Geschenk f\u00fcr liebe Nichtstricker. F\u00fcr diese Zwecke habe ich immer eine gewisse Menge an Sockengarn in gedeckten Farben (bzw. passend zu den Hosenbeinen der Haushaltsmitglieder) vorr\u00e4tig sowie ein kleines Kontingent in Bunt\u2026","rel":"","context":"In &quot;Stricken&quot;","block_context":{"text":"Stricken","link":"https:\/\/www.strickforum.de\/blog\/category\/3\/"},"img":{"alt_text":"","src":"","width":0,"height":0},"classes":[]},{"id":1866,"url":"https:\/\/www.strickforum.de\/blog\/loosey-goosey-wird-luckey-duckey\/","url_meta":{"origin":991,"position":3},"title":"Loosey-Goosey wird Luckey-Duckey","author":"Admin","date":"4. Januar 2015","format":false,"excerpt":"Zwar bin ich alles andere als ein Stephen-West-Fan, aber sein Pullover-Entwurf \u201cLoosey-Goosey\u201d schien mir recht spa\u00dfig und war vor allem mit dem Grobstricker und d\u00fcnnem Garn schnell anzufertigen. Und da ich zum vorvergangenen Weihnachtsfest von einer lieben Strickfreundin drei sch\u00f6ne handgef\u00e4rbte Str\u00e4nge Sockenwolle bekommen hatte, beschloss ich, genau die nun\u2026","rel":"","context":"In &quot;Stricken&quot;","block_context":{"text":"Stricken","link":"https:\/\/www.strickforum.de\/blog\/category\/3\/"},"img":{"alt_text":"","src":"","width":0,"height":0},"classes":[]},{"id":1606,"url":"https:\/\/www.strickforum.de\/blog\/multicolorgarn\/","url_meta":{"origin":991,"position":4},"title":"Multicolorgarn","author":"Admin","date":"17. August 2013","format":false,"excerpt":"Kennt Ihr das: Man kauft ein handgef\u00e4rbtes, mehrfarbiges Garn, das im Strang einfach unwiderstehlich sch\u00f6n aussieht. Dann versucht man es zu verstricken - und ist entt\u00e4uscht vom Ergebnis. Mir ging es vor einiger Zeit so mit Wollmeise-Garn in der Farbe \u201cMamba Samba\u201d, einem intensiven Gelb-Gr\u00fcn-Gemisch. Ich wollte einen Pullover stricken\u2026","rel":"","context":"In &quot;Stricken&quot;","block_context":{"text":"Stricken","link":"https:\/\/www.strickforum.de\/blog\/category\/3\/"},"img":{"alt_text":"","src":"","width":0,"height":0},"classes":[]},{"id":596,"url":"https:\/\/www.strickforum.de\/blog\/die-verstrickte-dienstagsfrage-522008\/","url_meta":{"origin":991,"position":5},"title":"Die verstrickte Dienstagsfrage 52\/2008","author":"Admin","date":"23. Dezember 2008","format":false,"excerpt":"Das Wollschaf fragt: \u00dcber das Web ist der Stricks\u00fcchtige am Puls der Zeit. Sei es - bei den Garnen (z.B. handgef\u00e4rbt oder auch selbstgesponnen statt selbstmusternden Industriegarn), - die Farbwahl (jetzt wieder eher Ton in Ton oder das Wildern der Wolle), - das Material (wie z.B. Sojaseide, Maisgarn, aus Baumrinde\u2026","rel":"","context":"In &quot;Allgemeines&quot;","block_context":{"text":"Allgemeines","link":"https:\/\/www.strickforum.de\/blog\/category\/1\/"},"img":{"alt_text":"","src":"","width":0,"height":0},"classes":[]}],"_links":{"self":[{"href":"https:\/\/www.strickforum.de\/blog\/wp-json\/wp\/v2\/posts\/991","targetHints":{"allow":["GET"]}}],"collection":[{"href":"https:\/\/www.strickforum.de\/blog\/wp-json\/wp\/v2\/posts"}],"about":[{"href":"https:\/\/www.strickforum.de\/blog\/wp-json\/wp\/v2\/types\/post"}],"author":[{"embeddable":true,"href":"https:\/\/www.strickforum.de\/blog\/wp-json\/wp\/v2\/users\/3"}],"replies":[{"embeddable":true,"href":"https:\/\/www.strickforum.de\/blog\/wp-json\/wp\/v2\/comments?post=991"}],"version-history":[{"count":0,"href":"https:\/\/www.strickforum.de\/blog\/wp-json\/wp\/v2\/posts\/991\/revisions"}],"wp:attachment":[{"href":"https:\/\/www.strickforum.de\/blog\/wp-json\/wp\/v2\/media?parent=991"}],"wp:term":[{"taxonomy":"category","embeddable":true,"href":"https:\/\/www.strickforum.de\/blog\/wp-json\/wp\/v2\/categories?post=991"},{"taxonomy":"post_tag","embeddable":true,"href":"https:\/\/www.strickforum.de\/blog\/wp-json\/wp\/v2\/tags?post=991"}],"curies":[{"name":"wp","href":"https:\/\/api.w.org\/{rel}","templated":true}]}}