{"id":997,"date":"2010-08-08T09:25:12","date_gmt":"2010-08-08T07:25:12","guid":{"rendered":"http:\/\/www.strickforum.de\/blog\/?p=997"},"modified":"2010-08-08T09:25:12","modified_gmt":"2010-08-08T07:25:12","slug":"farbe-bekennen-gold","status":"publish","type":"post","link":"https:\/\/www.strickforum.de\/blog\/farbe-bekennen-gold\/","title":{"rendered":"Farbe bekennen: Gold"},"content":{"rendered":"<p>Dies ist nat\u00fcrlich kein echtes Gold. <\/p>\n<p><img data-recalc-dims=\"1\" src=\"https:\/\/i0.wp.com\/www.strickforum.de\/blog\/media\/1\/20100808-farbebekennen_gold.jpg?resize=450%2C402\" width=\"450\"  height=\"402\"  alt='R\u00fcckseite eines Reiseweckers'  \/><\/p>\n<p>Es ist die goldfarbene R\u00fcckseite eines alten Reiseweckers. So etwas d\u00fcrfte mittlerweile selten geworden sein, seit alle Welt Handys besitzt, die ja auch eine Weckfunktion haben. <\/p>\n","protected":false},"excerpt":{"rendered":"<p>Dies ist nat\u00fcrlich kein echtes Gold. Es ist die goldfarbene R\u00fcckseite eines alten Reiseweckers. So etwas d\u00fcrfte mittlerweile selten geworden sein, seit alle Welt Handys besitzt, die ja auch eine Weckfunktion haben.<\/p>\n","protected":false},"author":3,"featured_media":0,"comment_status":"open","ping_status":"open","sticky":false,"template":"","format":"standard","meta":{"_seopress_robots_primary_cat":"","_seopress_titles_title":"","_seopress_titles_desc":"","_seopress_robots_index":"","_crdt_document":"","jetpack_post_was_ever_published":false,"_jetpack_newsletter_access":"","_jetpack_dont_email_post_to_subs":false,"_jetpack_newsletter_tier_id":0,"_jetpack_memberships_contains_paywalled_content":false,"_jetpack_memberships_contains_paid_content":false,"footnotes":"","jetpack_publicize_message":"","jetpack_publicize_feature_enabled":true,"jetpack_social_post_already_shared":false,"jetpack_social_options":{"image_generator_settings":{"template":"highway","default_image_id":0,"font":"","enabled":false},"version":2}},"categories":[10],"tags":[],"class_list":["post-997","post","type-post","status-publish","format-standard","hentry","category-10"],"jetpack_publicize_connections":[],"jetpack_featured_media_url":"","jetpack_sharing_enabled":true,"jetpack_shortlink":"https:\/\/wp.me\/p7JbSI-g5","jetpack-related-posts":[{"id":970,"url":"https:\/\/www.strickforum.de\/blog\/farbe-bekennen-braun\/","url_meta":{"origin":997,"position":0},"title":"Farbe bekennen &#8211; Braun","author":"Admin","date":"23. Juni 2010","format":false,"excerpt":"Bei Braun denke ich fast automatisch an Essbares: Ochsenschwanzsuppe, G\u00e4nsebraten, Schokoladenkuchen. In meinem Vorratsschrank sind immer Zutaten wie Mandeln und N\u00fcsse, Rosinen oder, auf dem Bild, Datteln. Braun symbolisiert die Erde, auf der wir stehen, Heimat, Zuhause und durchaus auch hausbackene Miefigkeit. Es ist die dunkle Schwester des Orange, nicht\u2026","rel":"","context":"In &quot;Farbe bekennen&quot;","block_context":{"text":"Farbe bekennen","link":"https:\/\/www.strickforum.de\/blog\/category\/10\/"},"img":{"alt_text":"Datteln","src":"https:\/\/i0.wp.com\/www.strickforum.de\/blog\/media\/1\/20100623-farbebekennen_braun.jpg?resize=350%2C200","width":350,"height":200},"classes":[]},{"id":1411,"url":"https:\/\/www.strickforum.de\/blog\/wo-bleibt-die-executive-version\/","url_meta":{"origin":997,"position":1},"title":"Wo bleibt die Executive Version?","author":"Admin","date":"8. August 2012","format":false,"excerpt":"Wer heutzutage im Berufsleben steht und gelegentlich Statistiken oder gar Pr\u00e4sentationen erstellen muss, der wei\u00df: In den Unterlagen finden sich zu den verkauften Weihnachtsm\u00e4nnern oder Osterhasen alle erdenklichen Details, \u00fcber die sich ermitteln l\u00e4sst, ob die kleinen Roten oder die dicken Goldfarbenen mehr Umsatz gebracht haben, wieviel mehr Quengelware ab\u2026","rel":"","context":"In &quot;Allgemeines&quot;","block_context":{"text":"Allgemeines","link":"https:\/\/www.strickforum.de\/blog\/category\/1\/"},"img":{"alt_text":"","src":"","width":0,"height":0},"classes":[]},{"id":1072,"url":"https:\/\/www.strickforum.de\/blog\/farbe-bekennen-blaugrau\/","url_meta":{"origin":997,"position":2},"title":"Farbe bekennen: Blaugrau","author":"Admin","date":"5. Dezember 2010","format":false,"excerpt":"Blaugrau ist eine Farbe, die ich sehr selten verwende und die in meiner pers\u00f6nlichen Umgebung kaum vorkommt. Blaugrau ist der Himmel bei schlechtem Wetter, blaugrau-bleiern ist meine Stimmung, wenn ich traurig bin; das alles sind f\u00fcr mich Gr\u00fcnde, diese Farbe nicht auch noch f\u00fcr Kleidung oder Gebrauchsgegenst\u00e4nde zu verwenden. Deshalb\u2026","rel":"","context":"In &quot;Farbe bekennen&quot;","block_context":{"text":"Farbe bekennen","link":"https:\/\/www.strickforum.de\/blog\/category\/10\/"},"img":{"alt_text":"Farbe bekennen: Blaugrau","src":"https:\/\/i0.wp.com\/www.strickforum.de\/blog\/media\/1\/20101205-farbebekennen_blaugrau.jpg?resize=350%2C200","width":350,"height":200},"classes":[]},{"id":1073,"url":"https:\/\/www.strickforum.de\/blog\/farbe-bekennen-durchsichtig\/","url_meta":{"origin":997,"position":3},"title":"Farbe bekennen: Durchsichtig","author":"Admin","date":"12. Dezember 2010","format":false,"excerpt":"Eine schlichte und eine Bleikristall-Vase. Letztere bekam vor 25 Jahren den sch\u00f6nen Beinamen \u201cder Totschl\u00e4ger\u201d; sie wurde nur sehr selten verwendet, weil die \u00fcblichen Blumenstr\u00e4u\u00dfe sowieso nicht hineinpassen. Die schlichte Vase wird \u00f6fter gebraucht.","rel":"","context":"In &quot;Farbe bekennen&quot;","block_context":{"text":"Farbe bekennen","link":"https:\/\/www.strickforum.de\/blog\/category\/10\/"},"img":{"alt_text":"Farbe bekennen: Durchsichtig","src":"https:\/\/i0.wp.com\/www.strickforum.de\/blog\/media\/1\/20101212-farbebekennen_durchsichtig.jpg?resize=350%2C200","width":350,"height":200},"classes":[]},{"id":1613,"url":"https:\/\/www.strickforum.de\/blog\/pestilenz-und-schwarze-blattern-heuschrecken-und-finsternis\/","url_meta":{"origin":997,"position":4},"title":"Pestilenz und schwarze Blattern, Heuschrecken und Finsternis","author":"Admin","date":"1. September 2013","format":false,"excerpt":"So \u00e4u\u00dferte sich seinerzeit mein alter Lateinlehrer, Gott hab ihn selig, wenn er wirklich \u00e4rgerlich war. Und ich tue es ihm zur Zeit gleich, wenn es um den Pullover in Intarsientechnik geht, an dem ich mittlerweile seit \u00fcber einem Monat stricke. Gestern wurde nach Wochen des Frusts und der Unlust\u2026","rel":"","context":"In &quot;Stricken&quot;","block_context":{"text":"Stricken","link":"https:\/\/www.strickforum.de\/blog\/category\/3\/"},"img":{"alt_text":"","src":"","width":0,"height":0},"classes":[]},{"id":1215,"url":"https:\/\/www.strickforum.de\/blog\/die-verstrickte-dienstagsfrage-312011\/","url_meta":{"origin":997,"position":5},"title":"Die verstrickte Dienstagsfrage 31\/2011","author":"Admin","date":"2. August 2011","format":false,"excerpt":"Das Wollschaf fragt diesmal: Die heutige Garnfarben scheinen mir \u201cunreiner\u201d als in den 80er oder zu Beginn der 90er Jahre. Sie leuchten bei gleichem Farbton weniger, sind \u201cmilchiger\u201d, \u201cschmutziger\u201d, \u201cmelierter\u201d, \u201cverwaschener\u201d. Und bei aller Buntheit ist die Farbwelt der Garne dadurch langweiliger und unscheinbarer geworden. Kaum noch ein Farbton ist\u2026","rel":"","context":"In &quot;Stricken&quot;","block_context":{"text":"Stricken","link":"https:\/\/www.strickforum.de\/blog\/category\/3\/"},"img":{"alt_text":"","src":"","width":0,"height":0},"classes":[]}],"_links":{"self":[{"href":"https:\/\/www.strickforum.de\/blog\/wp-json\/wp\/v2\/posts\/997","targetHints":{"allow":["GET"]}}],"collection":[{"href":"https:\/\/www.strickforum.de\/blog\/wp-json\/wp\/v2\/posts"}],"about":[{"href":"https:\/\/www.strickforum.de\/blog\/wp-json\/wp\/v2\/types\/post"}],"author":[{"embeddable":true,"href":"https:\/\/www.strickforum.de\/blog\/wp-json\/wp\/v2\/users\/3"}],"replies":[{"embeddable":true,"href":"https:\/\/www.strickforum.de\/blog\/wp-json\/wp\/v2\/comments?post=997"}],"version-history":[{"count":0,"href":"https:\/\/www.strickforum.de\/blog\/wp-json\/wp\/v2\/posts\/997\/revisions"}],"wp:attachment":[{"href":"https:\/\/www.strickforum.de\/blog\/wp-json\/wp\/v2\/media?parent=997"}],"wp:term":[{"taxonomy":"category","embeddable":true,"href":"https:\/\/www.strickforum.de\/blog\/wp-json\/wp\/v2\/categories?post=997"},{"taxonomy":"post_tag","embeddable":true,"href":"https:\/\/www.strickforum.de\/blog\/wp-json\/wp\/v2\/tags?post=997"}],"curies":[{"name":"wp","href":"https:\/\/api.w.org\/{rel}","templated":true}]}}