{"id":999,"date":"2010-08-14T18:55:36","date_gmt":"2010-08-14T16:55:36","guid":{"rendered":"http:\/\/www.strickforum.de\/blog\/?p=999"},"modified":"2010-08-14T18:55:36","modified_gmt":"2010-08-14T16:55:36","slug":"farbe-bekennen-turkis","status":"publish","type":"post","link":"https:\/\/www.strickforum.de\/blog\/farbe-bekennen-turkis\/","title":{"rendered":"Farbe bekennen: T\u00fcrkis"},"content":{"rendered":"<p>T\u00fcrkis ist f\u00fcr mich die k\u00fchlste Farbe, die es gibt. T\u00fcrkis erscheinen oft Dinge, die gar keine eigene Farbe haben: Eisig-t\u00fcrkisfarben glitzert Eis, wenn das Licht darauff\u00e4llt. Einladend-t\u00fcrkis wirkt Wasser im Sonnenlicht. <br \/>\nDieses Foto zeigt etwas sehr K\u00f6rperliches: Eine Kone t\u00fcrkisfarbenes Garn.<\/p>\n<p><img data-recalc-dims=\"1\" src=\"https:\/\/i0.wp.com\/www.strickforum.de\/blog\/media\/1\/20100814-farbebekennen_tuerkis.jpg?resize=450%2C462\" width=\"450\"  height=\"462\"  alt='T\u00fcrkis'  \/><\/p>\n","protected":false},"excerpt":{"rendered":"<p>T\u00fcrkis ist f\u00fcr mich die k\u00fchlste Farbe, die es gibt. T\u00fcrkis erscheinen oft Dinge, die gar keine eigene Farbe haben: Eisig-t\u00fcrkisfarben glitzert Eis, wenn das Licht darauff\u00e4llt. Einladend-t\u00fcrkis wirkt Wasser im Sonnenlicht. Dieses Foto zeigt etwas sehr K\u00f6rperliches: Eine Kone t\u00fcrkisfarbenes Garn.<\/p>\n","protected":false},"author":3,"featured_media":0,"comment_status":"open","ping_status":"open","sticky":false,"template":"","format":"standard","meta":{"_seopress_robots_primary_cat":"","_seopress_titles_title":"","_seopress_titles_desc":"","_seopress_robots_index":"","_crdt_document":"","jetpack_post_was_ever_published":false,"_jetpack_newsletter_access":"","_jetpack_dont_email_post_to_subs":false,"_jetpack_newsletter_tier_id":0,"_jetpack_memberships_contains_paywalled_content":false,"_jetpack_memberships_contains_paid_content":false,"footnotes":"","jetpack_publicize_message":"","jetpack_publicize_feature_enabled":true,"jetpack_social_post_already_shared":false,"jetpack_social_options":{"image_generator_settings":{"template":"highway","default_image_id":0,"font":"","enabled":false},"version":2}},"categories":[10],"tags":[],"class_list":["post-999","post","type-post","status-publish","format-standard","hentry","category-10"],"jetpack_publicize_connections":[],"jetpack_featured_media_url":"","jetpack_sharing_enabled":true,"jetpack_shortlink":"https:\/\/wp.me\/p7JbSI-g7","jetpack-related-posts":[{"id":871,"url":"https:\/\/www.strickforum.de\/blog\/die-verstrickte-dienstagsfrage-012010\/","url_meta":{"origin":999,"position":0},"title":"Die verstrickte Dienstagsfrage 01\/2010","author":"Admin","date":"5. Januar 2010","format":false,"excerpt":"Das Wollschaf fragt: Nach welchen Gesichtspunkten w\u00e4hlst du die Farben beim Wollkauf? Kaufst du ausschlie\u00dflich deine Lieblingsfarben? Suchst du die Farben passend nach den Farben deiner \u00fcbrigen Kleidung aus? Kaufst du das Garn, weil dich die Farbe oder Farbkombination \u201canspringt\u201d, unabh\u00e4ngig davon, ob sie dir steht? Kaufst du Garn in\u2026","rel":"","context":"In &quot;Stricken&quot;","block_context":{"text":"Stricken","link":"https:\/\/www.strickforum.de\/blog\/category\/3\/"},"img":{"alt_text":"","src":"","width":0,"height":0},"classes":[]},{"id":3780,"url":"https:\/\/www.strickforum.de\/blog\/ganz-nett-aber\/","url_meta":{"origin":999,"position":1},"title":"Ganz nett, aber\u2026","author":"Admin","date":"13. Juni 2024","format":false,"excerpt":"Ja, ich qu\u00e4le mich durch das zweite Projekt des \"YAL\" vom Stephen West. Und ich bin mehr denn je entschlossen, dass dies mein erster und letzter Yarn-Along bleibt. Daf\u00fcr gibt es mehrere Gr\u00fcnde. Grund 1 Die Farben und Farbkombinationen des Meisters sind f\u00fcr mein Gef\u00fchl unsch\u00f6n. Sollten zwei Farben zuf\u00e4llig\u2026","rel":"","context":"In &quot;Stricken&quot;","block_context":{"text":"Stricken","link":"https:\/\/www.strickforum.de\/blog\/category\/3\/"},"img":{"alt_text":"","src":"https:\/\/i0.wp.com\/www.strickforum.de\/blog\/wp-content\/uploads\/2024\/06\/welted-incline.jpg?resize=350%2C200&ssl=1","width":350,"height":200,"srcset":"https:\/\/i0.wp.com\/www.strickforum.de\/blog\/wp-content\/uploads\/2024\/06\/welted-incline.jpg?resize=350%2C200&ssl=1 1x, https:\/\/i0.wp.com\/www.strickforum.de\/blog\/wp-content\/uploads\/2024\/06\/welted-incline.jpg?resize=525%2C300&ssl=1 1.5x, https:\/\/i0.wp.com\/www.strickforum.de\/blog\/wp-content\/uploads\/2024\/06\/welted-incline.jpg?resize=700%2C400&ssl=1 2x, https:\/\/i0.wp.com\/www.strickforum.de\/blog\/wp-content\/uploads\/2024\/06\/welted-incline.jpg?resize=1050%2C600&ssl=1 3x, https:\/\/i0.wp.com\/www.strickforum.de\/blog\/wp-content\/uploads\/2024\/06\/welted-incline.jpg?resize=1400%2C800&ssl=1 4x"},"classes":[]},{"id":1137,"url":"https:\/\/www.strickforum.de\/blog\/wieder-ein-weihnachtsgeschenk-fertig-another-christmas-present-finished\/","url_meta":{"origin":999,"position":2},"title":"Wieder ein Weihnachtsgeschenk fertig &#8211; Another Christmas present finished","author":"Admin","date":"5. M\u00e4rz 2011","format":false,"excerpt":"Die ersten Weihnachtsgeschenke schon im M\u00e4rz fertig zu haben, gibt einem das Gef\u00fchl von T\u00fcchtigkeit und Flei\u00df. ;-) Hier ist also der Oslo Walk Shawl aus der Interweave Knits Winter 2010, gestrickt aus gut 100 g Wollmeise Lace-Garn in Farbe T\u00fcrkise Markise und knapp 700 Rocaillesperlen in Azurblau mit silbernem\u2026","rel":"","context":"In &quot;Stricken&quot;","block_context":{"text":"Stricken","link":"https:\/\/www.strickforum.de\/blog\/category\/3\/"},"img":{"alt_text":"Oslo Walk Shawl","src":"https:\/\/i0.wp.com\/www.strickforum.de\/blog\/media\/1\/20110305-oslowalkshawl.jpg?resize=350%2C200","width":350,"height":200},"classes":[]},{"id":294,"url":"https:\/\/www.strickforum.de\/blog\/das-turkisfarbene-etwas-the-turquoise-something\/","url_meta":{"origin":999,"position":3},"title":"Das t\u00fcrkisfarbene Etwas &#8211; The turquoise something","author":"Admin","date":"12. Oktober 2007","format":false,"excerpt":"Es ist fertig, allerdings kommt es mir sehr winzig vor. Aber meine Maschenprobe stimmt mit der in der Anleitung (24 M auf 10 cm) \u00fcberein, und wahrscheinlich ist es wirklich so klein gedacht. Der Nachteil ist nat\u00fcrlich, dass die kleinen W\u00fcrmchen so schnell herauswachsen. Das soll dann wohl ein Anreiz\u2026","rel":"","context":"In &quot;Stricken&quot;","block_context":{"text":"Stricken","link":"https:\/\/www.strickforum.de\/blog\/category\/3\/"},"img":{"alt_text":"Baby Surprise Jacket, Elizabeth Zimmermann","src":"https:\/\/i0.wp.com\/www.strickforum.de\/blog\/media\/1\/20071012-babysurprisejacket_fini.jpg?resize=350%2C200","width":350,"height":200},"classes":[]},{"id":354,"url":"https:\/\/www.strickforum.de\/blog\/auf-die-gefahr-hin-euch-zu-langweilen-at-the-risk-of-being-boring\/","url_meta":{"origin":999,"position":4},"title":"Auf die Gefahr hin, Euch zu langweilen &#8211; At the risk of being boring","author":"Admin","date":"10. M\u00e4rz 2008","format":false,"excerpt":"Gestern wurde das dritte Baby Surprise Jacket fertig. Wiederum aus doppelt genommener Sockenwolle, Grundfarbe diesmal T\u00fcrkis, Musterfarbe pastellmeliertes Baumwollsockengarn. Damit man die Konstruktion besser sieht, gibt es ein Bild von der Vorder- und eines von der R\u00fcckseite. Die zehn Rippen \u00fcber den mittleren Teil habe ich diesmal mit der Musterfarbe\u2026","rel":"","context":"In &quot;Stricken&quot;","block_context":{"text":"Stricken","link":"https:\/\/www.strickforum.de\/blog\/category\/3\/"},"img":{"alt_text":"3. Baby Surprise Jacket, front","src":"https:\/\/i0.wp.com\/www.strickforum.de\/blog\/media\/1\/20080310-bsj_3_front.jpg?resize=350%2C200","width":350,"height":200},"classes":[]},{"id":2541,"url":"https:\/\/www.strickforum.de\/blog\/alles-zurueck-und-anders\/","url_meta":{"origin":999,"position":5},"title":"Alles zur\u00fcck und anders","author":"Admin","date":"7. Juli 2018","format":false,"excerpt":"Nachdem ich mehr als 30 Reihen an Birgit Freyers Jacke \"Zoraya\" gestrickt hatte, gefiel mir das Gestrick nicht mehr. Ich fand es zu labberig; das komplizierte Lochmuster ging mir nicht recht von der Hand; und au\u00dferdem h\u00e4tte es sowieso nicht gut zu mir gepasst. Ich bin eher der Typ f\u00fcr\u2026","rel":"","context":"In &quot;Stricken&quot;","block_context":{"text":"Stricken","link":"https:\/\/www.strickforum.de\/blog\/category\/3\/"},"img":{"alt_text":"Modell \"Zoraya\", 2. Versuch","src":"https:\/\/i0.wp.com\/www.strickforum.de\/blog\/wp-content\/uploads\/2018\/07\/zoraya-2.jpg?resize=350%2C200","width":350,"height":200,"srcset":"https:\/\/i0.wp.com\/www.strickforum.de\/blog\/wp-content\/uploads\/2018\/07\/zoraya-2.jpg?resize=350%2C200 1x, https:\/\/i0.wp.com\/www.strickforum.de\/blog\/wp-content\/uploads\/2018\/07\/zoraya-2.jpg?resize=525%2C300 1.5x, https:\/\/i0.wp.com\/www.strickforum.de\/blog\/wp-content\/uploads\/2018\/07\/zoraya-2.jpg?resize=700%2C400 2x"},"classes":[]}],"_links":{"self":[{"href":"https:\/\/www.strickforum.de\/blog\/wp-json\/wp\/v2\/posts\/999","targetHints":{"allow":["GET"]}}],"collection":[{"href":"https:\/\/www.strickforum.de\/blog\/wp-json\/wp\/v2\/posts"}],"about":[{"href":"https:\/\/www.strickforum.de\/blog\/wp-json\/wp\/v2\/types\/post"}],"author":[{"embeddable":true,"href":"https:\/\/www.strickforum.de\/blog\/wp-json\/wp\/v2\/users\/3"}],"replies":[{"embeddable":true,"href":"https:\/\/www.strickforum.de\/blog\/wp-json\/wp\/v2\/comments?post=999"}],"version-history":[{"count":0,"href":"https:\/\/www.strickforum.de\/blog\/wp-json\/wp\/v2\/posts\/999\/revisions"}],"wp:attachment":[{"href":"https:\/\/www.strickforum.de\/blog\/wp-json\/wp\/v2\/media?parent=999"}],"wp:term":[{"taxonomy":"category","embeddable":true,"href":"https:\/\/www.strickforum.de\/blog\/wp-json\/wp\/v2\/categories?post=999"},{"taxonomy":"post_tag","embeddable":true,"href":"https:\/\/www.strickforum.de\/blog\/wp-json\/wp\/v2\/tags?post=999"}],"curies":[{"name":"wp","href":"https:\/\/api.w.org\/{rel}","templated":true}]}}